{"id":18453,"date":"2018-11-08T08:51:01","date_gmt":"2018-11-08T07:51:01","guid":{"rendered":"https:\/\/www.manologarciaycia.com\/?p=18453"},"modified":"2018-11-08T08:51:01","modified_gmt":"2018-11-08T07:51:01","slug":"manolo-garcia-la-musica-es-un-salvavidas-hace-el-mundo-mas-habitable","status":"publish","type":"post","link":"https:\/\/www.manologarciaycia.com\/?p=18453","title":{"rendered":"Manolo Garc\u00eda: \u201cLa m\u00fasica es un salvavidas, hace el mundo m\u00e1s habitable\u201d"},"content":{"rendered":"<p>El veterano cantante Manolo Garc\u00eda concluye el segundo tramo de la gira de presentaci\u00f3n de su \u00faltimo disco, \u2018Geometr\u00eda del rayo\u2019, el s\u00e1bado en Miribilla<\/p>\n<p>Casi 40 a\u00f1os, la mitad de ellos en solitario, avalan la exitosa trayectoria musical de Manolo Garc\u00eda, que finaliza en el Bilbao Arena la gira de su \u00faltimo disco,\u00a0<i>Geometr\u00eda del rayo<\/i>\u00a0(Sony). \u201cLa m\u00fasica es un salvavidas, hace el mundo m\u00e1s habitable\u201d, explica el cantante, que reivindica \u201cla justicia y la risa\u201d en esta entrevista.<\/p>\n<p>20 a\u00f1os de carrera en solitario ya. -\u00a1C\u00f3mo pasa el tiempo! Es ya m\u00e1s tiempo que con El \u00daltimo de la Fila.<\/p>\n<p>Y si nos retrotraemos a Los R\u00e1pidos y Los Burros&#8230;<\/p>\n<p>-Pues casi 40, ya que el primer disco de Los R\u00e1pidos se grab\u00f3 en 1980.<\/p>\n<p>Pocos pueden alardear de tal carrera en un Estado tan cainita.<\/p>\n<p>-Voy siendo de los veteranos (risas). El otro d\u00eda me entristeci\u00f3 saber que se retiraba un m\u00fasico tan bueno y encantador como Rosendo.<\/p>\n<p>\u00bfSigue siendo la m\u00fasica esa \u201cllama febril\u201d que le enciende?<\/p>\n<p>-Si no fuera as\u00ed, no seguir\u00eda. De joven est\u00e1s disparatado, con la fiesta, el rock\u2019n\u2019roll, la carretera y creyendo que todo el monte es or\u00e9gano;ahora necesito la m\u00fasica, esos ratos de componer, el concierto, ver a la gente disfrutar&#8230; Es algo vital y un oficio que me ha enamorado.<\/p>\n<p>Nadie regala nada, eso es cierto.<\/p>\n<p>-Claro, pero el oficio&#8230; \u00bfPor qu\u00e9 siguen Dylan, Van Morrison, U2 o los Stones? No es por dinero, es por oficio. Su vida es cantar y tocar para la gente. Ese es el poder de la m\u00fasica. Y a Dylan le dan el Nobel porque mucha de la poes\u00eda actual lleva m\u00fasica y acordes. Son necesarias para ellos y la gente. Yo, sin comparar y a mi medida, cantar me da felicidad. Y ver a la gente disfrutar le da todo el sentido. No es el dinero, es algo m\u00e1s \u00edntimo, como que un desconocido te abrace en la calle y te felicite por un concierto. \u00a1Eso es de puta madre!<\/p>\n<p>\u00a1Vamos, que como Springsteen, es un prisionero o ap\u00f3stol del rock!<\/p>\n<p>-No dir\u00eda tanto. Pero aunque la m\u00fasica no pueda arreglar el mundo, s\u00ed lo hace m\u00e1s habitable. Es necesaria, como la poes\u00eda. Es emoci\u00f3n, un latido en los genes. Ya en las cavernas bailaban para encontrarle un sentido a la vida. Sin ella, la vida es gris y rutinaria, solo enfocada a ganar dinero, trabajar y pagar la hipoteca. As\u00ed no tiene sentido, es una estupidez. Con arte, la cosa cambia. Ah\u00ed est\u00e1 el esfuerzo del ser humano por avanzar y ser feliz. Aporta placidez emocional.<\/p>\n<p>Llega con la gira de \u2018Geometr\u00eda del rayo\u2019. \u00bfPuede que sea uno de sus \u00faltimos discos m\u00e1s mel\u00f3dicos y accesibles? \u00bfMenos denso?<\/p>\n<p>-Ha complacido a mis seguidores. Ha sido un disco feliz y c\u00f3modo. No soy de seguir con canciones que se resisten, prefiero dejarlas y borrarlas del ordenador. Con estas todo ha ido fluido y lo he pasado muy bien. Puede que haya aprendido a separar el grano de la paja con los a\u00f1os. Lo he preparado durante casi dos a\u00f1os, trabajando muy tranquilo. Y ha habido canciones cuyo esqueleto lo tuve en una ma\u00f1ana.<\/p>\n<p>Pues sin renegar del rock y las guitarras, le ha quedado un disco m\u00e1s pausado, incluso con pianos.<\/p>\n<p>-Estoy de acuerdo. Al principio, con Los R\u00e1pidos, \u00e9ramos rockeros y nuevaoleros, punks y marcianos. Era todo ca\u00f1a, como The Police, The Clash&#8230; Luego, en solitario, he experimentado con m\u00fasicos de Brasil o Grecia, para mezclar y como obligaci\u00f3n de autor, para no aburrirme y aburrir, creando caminos nuevos. En los tres \u00faltimos discos he cerrado el c\u00edrculo y vuelto a Estados Unidos, para tocar rock y pop. \u00a1Y lo he pasado como un ni\u00f1o! \u00a1Soy propenso a flipar con la m\u00fasica!<\/p>\n<p>Genera pasiones encontradas, a favor y en contra. Hay quien dice que usted canta como siempre: otros, que como nunca.<\/p>\n<p>-Es el peligro de llevar tantos a\u00f1os, que mi voz, como la de Raphael, Perales o Jagger, es reconocible. Pero que oigan c\u00f3mo he ido cantando desde Los R\u00e1pidos. El timbre es el mismo, pero mi voz ha cambiado. Otra cosa es que no te guste mi voz, pero el esfuerzo est\u00e1 ah\u00ed. Y el respeto hacia quien no le gusto.<\/p>\n<p>Y luego est\u00e1 su gusto por la palabra y la poes\u00eda. En \u00e9pocas de trap, usted le canta a Cop\u00e9rnico, a patricios romanos y lebreles&#8230;<\/p>\n<p>-Me fabrico mi mundo propio, retirado y austero. Toco un poco, compongo, pinto y leo mucho;de ah\u00ed sale mi pasi\u00f3n por la lengua. La lectura me ofrece placer y compa\u00f1\u00eda desde siempre. Si supiera m\u00e1s idiomas, podr\u00eda leer a Shakespeare en su lengua;o saber euskera o entender bien a Dylan. Soy un artesano de la m\u00fasica. Ese mundo propio me esponja el esp\u00edritu y me eleva. Es como mi cueva de hippie, con un t\u00e9 y un arroz blanco.<\/p>\n<p>Y del frenes\u00ed actual y de esas necesidades que nos ponemos y no lo son.<\/p>\n<p>-Totalmente. Vivimos en una rueda endiablada que nos obliga a hacer muchas cosas para pagar impuestos e hipotecas. Compramos cosas que no necesitamos y nos olvidamos del gran tesoro: el tiempo. Quien tiene dinero y quiere m\u00e1s, es un tonto. El sabio es quien compra tiempo con dinero.<\/p>\n<p>Pero ese \u201cregalarnos libertad\u201d que canta es una utop\u00eda con hipotecas. -Es que la sociedad es muy injusta. Al com\u00fan de los mortales le es imposible ahorrar y vive al d\u00eda. Y no digamos si hay hipoteca y te quedas parado porque llega el banco y te quita el piso. Y esto de ahora de los bancos&#8230; \u00bfHay que defenderlos sobre la poblaci\u00f3n, que es quien les da vida? Estamos medio locos. A quien tenga sensiblidad, deber\u00eda preocuparle c\u00f3mo vive la base de la pir\u00e1mide. Hace falta aire fresco para no enfermar. Para m\u00ed, la m\u00fasica es mi salvavidas. Ese rato de concierto y la gente feliz&#8230; quiero pensar que algo hacemos, que damos y recibimos descanso.<\/p>\n<p>De ese planteamiento surgi\u00f3 \u2018Urge\u2019. Es casi una canci\u00f3n protesta.<\/p>\n<p>-S\u00ed, es fruto de mi inquietud social y del gusto por los cantautores, de Silvio a Aute o Rosa Le\u00f3n. Soy hijo de obreros y s\u00e9 lo que es venir de abajo. Conozco la mugre de un barrio jodido, con empresas cerradas y la gente, verdaderos esclavos del desarrollismo de los 60, en la calle. Es como ahora, con estos sueldos miserables. \u00a1C\u00f3mo no me va a preocupar! Por eso trato de que las entradas no valgan 90 euros.<\/p>\n<p>\u2018Nunca es tarde\u2019 canta tambi\u00e9n.<\/p>\n<p>-Es un grito para ser libre, no dejar que nos coman la moral, para ser felices y que sepan que no somos esclavos y que ellos, los pol\u00edticos, deber\u00edan estar a nuestro servicio. Basta ya de corruptelas;estamos a tiempo de liberarnos de esa sensaci\u00f3n de agobio. Y que Rato no solo se disculpe, que lo devuelva todo con intereses. No es tarde para re\u00edr y reivindicar la justicia.<\/p>\n<p>Y el di\u00e1logo y la tolerancia. Usted clam\u00f3 contra los ataques a Lluis Llach y Serrat, que se manifestaron, con opiniones dispares, sobre el \u2018proc\u00e9s\u2019.<\/p>\n<p>-No es m\u00e1s que clamar por el respeto y escuchar a todo el mundo. Eso es la democracia. Con las redes se ha desmadrado lo de los insultos. Hay que escuchar a quien opina distinto y tratar de convencerlo.<\/p>\n<p>Concluye gira en Bilbao. \u00bfSer\u00e1 especial?<\/p>\n<p>-Nos da a\u00f1oranza constatar que la gira concluye. Y alguna an\u00e9cdota habr\u00e1, algo diferente. El repertorio ser\u00e1 similar, solo cambio una o dos canciones. Pero cada concierto es diferente, ya que el p\u00fablico es distinto, como el estado de \u00e1nimo de todos.<\/p>\n<p>El \u00faltimo disco incluye \u2018La punta de mis viejas botas\u2019. \u00bfAd\u00f3nde se dirigir\u00e1n en 2019?<\/p>\n<p>-Ya estoy trabajando algo y tengo canciones. Es que no paro (risas). Preparo otra exposici\u00f3n de pintura y veremos si entro a grabar. Estoy con el punto de que acaba la gira y de ir a por la siguiente (risas).<\/p>\n<p>Fuente: DEIA &#8211; Andr\u00e9s Portero &#8211; <a href=\"https:\/\/www.deia.eus\/2018\/11\/07\/ocio-y-cultura\/cultura\/la-musica-es-un-salvavidas-hace-el-mundo-mas-habitable\" target=\"_blank\" rel=\"noopener\">ENLACE<\/a><\/p>\n","protected":false},"excerpt":{"rendered":"<p>El veterano cantante Manolo Garc\u00eda concluye el segundo tramo de la gira de presentaci\u00f3n de su \u00faltimo disco, \u2018Geometr\u00eda del rayo\u2019, el s\u00e1bado en Miribilla Casi 40 a\u00f1os, la mitad de ellos en solitario, avalan la exitosa trayectoria musical de Manolo Garc\u00eda, que finaliza en el Bilbao Arena la gira de su \u00faltimo disco,\u00a0Geometr\u00eda del<a class=\"moretag\" href=\"https:\/\/www.manologarciaycia.com\/?p=18453\" title=\"Manolo Garc\u00eda: \u201cLa m\u00fasica es un salvavidas, hace el mundo m\u00e1s habitable\u201d\" target=\"_self\" rel=\"follow\"> <font face=arial size=2>[Leer m\u00e1s]<\/font> <\/a><\/p>\n","protected":false},"author":2,"featured_media":0,"comment_status":"closed","ping_status":"closed","sticky":false,"template":"","format":"standard","meta":{"footnotes":""},"categories":[1],"tags":[],"class_list":["post-18453","post","type-post","status-publish","format-standard","hentry","category-manolo-garcia"],"_links":{"self":[{"href":"https:\/\/www.manologarciaycia.com\/index.php?rest_route=\/wp\/v2\/posts\/18453","targetHints":{"allow":["GET"]}}],"collection":[{"href":"https:\/\/www.manologarciaycia.com\/index.php?rest_route=\/wp\/v2\/posts"}],"about":[{"href":"https:\/\/www.manologarciaycia.com\/index.php?rest_route=\/wp\/v2\/types\/post"}],"author":[{"embeddable":true,"href":"https:\/\/www.manologarciaycia.com\/index.php?rest_route=\/wp\/v2\/users\/2"}],"replies":[{"embeddable":true,"href":"https:\/\/www.manologarciaycia.com\/index.php?rest_route=%2Fwp%2Fv2%2Fcomments&post=18453"}],"version-history":[{"count":1,"href":"https:\/\/www.manologarciaycia.com\/index.php?rest_route=\/wp\/v2\/posts\/18453\/revisions"}],"predecessor-version":[{"id":18454,"href":"https:\/\/www.manologarciaycia.com\/index.php?rest_route=\/wp\/v2\/posts\/18453\/revisions\/18454"}],"wp:attachment":[{"href":"https:\/\/www.manologarciaycia.com\/index.php?rest_route=%2Fwp%2Fv2%2Fmedia&parent=18453"}],"wp:term":[{"taxonomy":"category","embeddable":true,"href":"https:\/\/www.manologarciaycia.com\/index.php?rest_route=%2Fwp%2Fv2%2Fcategories&post=18453"},{"taxonomy":"post_tag","embeddable":true,"href":"https:\/\/www.manologarciaycia.com\/index.php?rest_route=%2Fwp%2Fv2%2Ftags&post=18453"}],"curies":[{"name":"wp","href":"https:\/\/api.w.org\/{rel}","templated":true}]}}