{"id":18450,"date":"2018-11-08T08:46:51","date_gmt":"2018-11-08T07:46:51","guid":{"rendered":"https:\/\/www.manologarciaycia.com\/?p=18450"},"modified":"2018-11-08T08:46:51","modified_gmt":"2018-11-08T07:46:51","slug":"manolo-garcia-hace-balance-de-su-ultima-gira-en-atencion-obras","status":"publish","type":"post","link":"https:\/\/www.manologarciaycia.com\/?p=18450","title":{"rendered":"Manolo Garc\u00eda hace balance de su \u00faltima gira en &#8216;\u00a1Atenci\u00f3n Obras!&#8217;"},"content":{"rendered":"<ul>\n<li>Jueves 8 de noviembre a las 21:00 horas en La 2<\/li>\n<\/ul>\n<p><strong>\u00a1Atenci\u00f3n Obras!&#8217; tendr\u00e1 esta semana como invitado al cantante Manolo Garc\u00eda. El artista hace balance de la gira que est\u00e1 a punto de terminar en los grandes escenarios del pa\u00eds. Cayetana Guill\u00e9n Cuervo entrevistar\u00e1 a uno de los pocos m\u00fasicos espa\u00f1oles que ha triunfado en grupo y en solitario.<\/strong><\/p>\n<p>El ex &#8216;\u00daltimo de la Fila&#8217; sigue descubriendo la poes\u00eda en cualquier rinc\u00f3n cotidiano. El compositor revienta taquillas con la honestidad de sus letras.<\/p>\n<figure class=\"incluBox size_100 L\">\n<div class=\"mediaBox imageBox\"><span class=\"ima H f_x_\"><img decoding=\"async\" class=\"r9x6\" src=\"https:\/\/img2.rtve.es\/im\/4829293\/?w=900\" alt=\"Atenci\u00c3\u00b3n Obras\" \/><\/span><\/div><figcaption>Manolo Garc\u00eda con Cayetana Guill\u00e9n Cuervo\u00a0<span class=\"signs\">RTVE\u00a0<em>JAVIER HERR\u00c3\u00a1EZ<\/em><\/span><\/p>\n<\/figcaption><\/figure>\n<p>Y en las tablas, el programa se plantea una pregunta cl\u00e1sica: \u00bfraz\u00f3n o deseo? Paco Bezerra y Luis Luque responden por boca de Lolita Flores en\u00a0<strong>&#8216;Fedra&#8217;<\/strong>. El cl\u00e1sico de Eur\u00edpides se reescribe y se dirige ahora a un p\u00fablico que aplaude la valent\u00eda emocional de una nueva mujer, capaz de alzar el tel\u00f3n del tab\u00fa desde M\u00e9rida hasta Valencia, su pr\u00f3xima representaci\u00f3n.<\/p>\n<p>El programa tambi\u00e9n echar\u00e1 un vistazo a los vagones de metro de Nueva York fotografiados por el ya considerado \u201cdocumentalista de la de la cultura del hip-hop\u201d,\u00a0<strong>Henry Chalfant<\/strong>. De la mano del artista\u00a0<strong>Suso33<\/strong>, el espectador descubrir\u00e1 su trabajo durante la d\u00e9cada del oro, entre el 77 y el 87.<\/p>\n<p>Para conmemorar el bicentenario de la gran pinacoteca madrile\u00f1a, el programa visitar\u00e1 la exposici\u00f3n\u00a0<strong>&#8216;Doce fot\u00f3grafos en el Museo del Prado&#8217;<\/strong>. Un recorrido por sus salas mirando al pasado con ojos del presente creativo de Isabel Mu\u00f1oz, Pierre Gonnord o Javier Vallhonrat.<\/p>\n<p>&#8216;\u00a1Atenci\u00f3n Obras!&#8217; se completar\u00e1 con las propuestas m\u00e1s innovadoras en la secci\u00f3n\u00a0<strong>&#8216;El Plan&#8217;<\/strong>.<\/p>\n<p>Fuente: RTVE &#8211; <a href=\"http:\/\/www.rtve.es\/rtve\/20181107\/manolo-garcia-hace-balance-su-ultima-gira-atencion-obras\/1834220.shtml\" target=\"_blank\" rel=\"noopener\">ENLACE<\/a><\/p>\n","protected":false},"excerpt":{"rendered":"<p>Jueves 8 de noviembre a las 21:00 horas en La 2 \u00a1Atenci\u00f3n Obras!&#8217; tendr\u00e1 esta semana como invitado al cantante Manolo Garc\u00eda. El artista hace balance de la gira que est\u00e1 a punto de terminar en los grandes escenarios del pa\u00eds. Cayetana Guill\u00e9n Cuervo entrevistar\u00e1 a uno de los pocos m\u00fasicos espa\u00f1oles que ha triunfado<a class=\"moretag\" href=\"https:\/\/www.manologarciaycia.com\/?p=18450\" title=\"Manolo Garc\u00eda hace balance de su \u00faltima gira en &#8216;\u00a1Atenci\u00f3n Obras!&#8217;\" target=\"_self\" rel=\"follow\"> <font face=arial size=2>[Leer m\u00e1s]<\/font> <\/a><\/p>\n","protected":false},"author":2,"featured_media":18451,"comment_status":"closed","ping_status":"closed","sticky":false,"template":"","format":"standard","meta":{"footnotes":""},"categories":[1],"tags":[],"class_list":["post-18450","post","type-post","status-publish","format-standard","has-post-thumbnail","hentry","category-manolo-garcia"],"_links":{"self":[{"href":"https:\/\/www.manologarciaycia.com\/index.php?rest_route=\/wp\/v2\/posts\/18450","targetHints":{"allow":["GET"]}}],"collection":[{"href":"https:\/\/www.manologarciaycia.com\/index.php?rest_route=\/wp\/v2\/posts"}],"about":[{"href":"https:\/\/www.manologarciaycia.com\/index.php?rest_route=\/wp\/v2\/types\/post"}],"author":[{"embeddable":true,"href":"https:\/\/www.manologarciaycia.com\/index.php?rest_route=\/wp\/v2\/users\/2"}],"replies":[{"embeddable":true,"href":"https:\/\/www.manologarciaycia.com\/index.php?rest_route=%2Fwp%2Fv2%2Fcomments&post=18450"}],"version-history":[{"count":1,"href":"https:\/\/www.manologarciaycia.com\/index.php?rest_route=\/wp\/v2\/posts\/18450\/revisions"}],"predecessor-version":[{"id":18452,"href":"https:\/\/www.manologarciaycia.com\/index.php?rest_route=\/wp\/v2\/posts\/18450\/revisions\/18452"}],"wp:featuredmedia":[{"embeddable":true,"href":"https:\/\/www.manologarciaycia.com\/index.php?rest_route=\/wp\/v2\/media\/18451"}],"wp:attachment":[{"href":"https:\/\/www.manologarciaycia.com\/index.php?rest_route=%2Fwp%2Fv2%2Fmedia&parent=18450"}],"wp:term":[{"taxonomy":"category","embeddable":true,"href":"https:\/\/www.manologarciaycia.com\/index.php?rest_route=%2Fwp%2Fv2%2Fcategories&post=18450"},{"taxonomy":"post_tag","embeddable":true,"href":"https:\/\/www.manologarciaycia.com\/index.php?rest_route=%2Fwp%2Fv2%2Ftags&post=18450"}],"curies":[{"name":"wp","href":"https:\/\/api.w.org\/{rel}","templated":true}]}}