{"id":18443,"date":"2018-11-03T08:14:21","date_gmt":"2018-11-03T07:14:21","guid":{"rendered":"https:\/\/www.manologarciaycia.com\/?p=18443"},"modified":"2018-11-03T08:14:21","modified_gmt":"2018-11-03T07:14:21","slug":"manolo-garcia-presenta-junto-a-montserrat-clausells-la-exposicion-estrabica-armonia-en-bilbao","status":"publish","type":"post","link":"https:\/\/www.manologarciaycia.com\/?p=18443","title":{"rendered":"Manolo Garc\u00eda presenta junto a Montserrat Clausells la exposici\u00f3n \u201cEstr\u00e1bica armon\u00eda\u201d en Bilbao"},"content":{"rendered":"<div class=\"\" data-block=\"true\" data-editor=\"9ekg4\" data-offset-key=\"7juqa-0-0\">\n<div class=\"_1mf _1mj\" data-offset-key=\"7juqa-0-0\"><span data-offset-key=\"7juqa-0-0\">[Actualidad] Manolo Garc\u00eda presenta junto a Montserrat Clausells la exposici\u00f3n \u201cEstr\u00e1bica armon\u00eda\u201d en Bilbao<\/span><\/div>\n<\/div>\n<div class=\"\" data-block=\"true\" data-editor=\"9ekg4\" data-offset-key=\"2pnmu-0-0\">\n<div class=\"_1mf _1mj\" data-offset-key=\"2pnmu-0-0\"><span data-offset-key=\"2pnmu-0-0\">\u00a0<\/span><\/div>\n<\/div>\n<div class=\"\" data-block=\"true\" data-editor=\"9ekg4\" data-offset-key=\"9oh13-0-0\">\n<div class=\"_1mf _1mj\" data-offset-key=\"9oh13-0-0\"><span data-offset-key=\"9oh13-0-0\">El colectivo pict\u00f3rico G\u00f2ticSur formado por Manolo Garc\u00eda y Montserrat Clausells expondr\u00e1n su reciente colecci\u00f3n \u201cEstr\u00e1bica Armon\u00eda\u201d del 10 al 30 de noviembre en la galer\u00eda Vanguardia de Bilbao.<\/span><\/div>\n<\/div>\n<div class=\"\" data-block=\"true\" data-editor=\"9ekg4\" data-offset-key=\"10o7p-0-0\">\n<div class=\"_1mf _1mj\" data-offset-key=\"10o7p-0-0\"><span data-offset-key=\"10o7p-0-0\">\u00a0<\/span><\/div>\n<\/div>\n<div class=\"\" data-block=\"true\" data-editor=\"9ekg4\" data-offset-key=\"cvqlh-0-0\">\n<div class=\"_1mf _1mj\" data-offset-key=\"cvqlh-0-0\"><span data-offset-key=\"cvqlh-0-0\">La propuesta es dar a conocer esta experiencia ins\u00f3lita, original y atrevida de estos dos pintores que se han propuesto unir fuerzas creativas para coincidir en cuadros hechos a cuatro manos. Se trata de un di\u00e1logo entre dos mundos imaginarios muy diferentes y alejados que se han propuesto reivindicar la posibilidad de di\u00e1logo y convivencia en un mismo espacio, en este caso, los lienzos en blanco. Pura energ\u00eda pict\u00f3rico-creativa apostando por la experimentaci\u00f3n y la b\u00fasqueda expresiva en la convivencia pict\u00f3rica.<\/span><\/div>\n<\/div>\n<div class=\"\" data-block=\"true\" data-editor=\"9ekg4\" data-offset-key=\"39nik-0-0\">\n<div class=\"_1mf _1mj\" data-offset-key=\"39nik-0-0\"><span data-offset-key=\"39nik-0-0\">\u00a0<\/span><\/div>\n<\/div>\n<div class=\"\" data-block=\"true\" data-editor=\"9ekg4\" data-offset-key=\"busdt-0-0\">\n<div class=\"_1mf _1mj\" data-offset-key=\"busdt-0-0\"><span data-offset-key=\"busdt-0-0\">Fuente: Pagina Oficial Sony Manolo Garc\u00eda &#8211; <a href=\"https:\/\/www.manolo-garcia.com\/2018\/11\/02\/manolo-garcia-presenta-junto-a-montserrat-clausells-la-exposicion-estrabica-armonia-en-bilbao\/\" target=\"_blank\" rel=\"noopener\">Enlace<\/a><\/span><\/div>\n<div data-offset-key=\"busdt-0-0\"><\/div>\n<\/div>\n<div class=\"\" data-block=\"true\" data-editor=\"9ekg4\" data-offset-key=\"3ha92-0-0\">\n<div class=\"_1mf _1mj\" data-offset-key=\"3ha92-0-0\"><span class=\"_5zk7\" spellcheck=\"false\" data-offset-key=\"3ha92-0-0\"><span data-offset-key=\"3ha92-0-0\">#ManoloGarc\u00eda<\/span><\/span> <span class=\"_5zk7\" spellcheck=\"false\" data-offset-key=\"3ha92-2-0\"><span data-offset-key=\"3ha92-2-0\">#MontseClausells<\/span><\/span> <span class=\"_5zk7\" spellcheck=\"false\" data-offset-key=\"3ha92-4-0\"><span data-offset-key=\"3ha92-4-0\">#EstrabicaArmonia<\/span><\/span><\/div>\n<\/div>\n","protected":false},"excerpt":{"rendered":"<p>[Actualidad] Manolo Garc\u00eda presenta junto a Montserrat Clausells la exposici\u00f3n \u201cEstr\u00e1bica armon\u00eda\u201d en Bilbao \u00a0 El colectivo pict\u00f3rico G\u00f2ticSur formado por Manolo Garc\u00eda y Montserrat Clausells expondr\u00e1n su reciente colecci\u00f3n \u201cEstr\u00e1bica Armon\u00eda\u201d del 10 al 30 de noviembre en la galer\u00eda Vanguardia de Bilbao. \u00a0 La propuesta es dar a conocer esta experiencia ins\u00f3lita, original<a class=\"moretag\" href=\"https:\/\/www.manologarciaycia.com\/?p=18443\" title=\"Manolo Garc\u00eda presenta junto a Montserrat Clausells la exposici\u00f3n \u201cEstr\u00e1bica armon\u00eda\u201d en Bilbao\" target=\"_self\" rel=\"follow\"> <font face=arial size=2>[Leer m\u00e1s]<\/font> <\/a><\/p>\n","protected":false},"author":2,"featured_media":18444,"comment_status":"closed","ping_status":"closed","sticky":false,"template":"","format":"standard","meta":{"footnotes":""},"categories":[1],"tags":[],"class_list":["post-18443","post","type-post","status-publish","format-standard","has-post-thumbnail","hentry","category-manolo-garcia"],"_links":{"self":[{"href":"https:\/\/www.manologarciaycia.com\/index.php?rest_route=\/wp\/v2\/posts\/18443","targetHints":{"allow":["GET"]}}],"collection":[{"href":"https:\/\/www.manologarciaycia.com\/index.php?rest_route=\/wp\/v2\/posts"}],"about":[{"href":"https:\/\/www.manologarciaycia.com\/index.php?rest_route=\/wp\/v2\/types\/post"}],"author":[{"embeddable":true,"href":"https:\/\/www.manologarciaycia.com\/index.php?rest_route=\/wp\/v2\/users\/2"}],"replies":[{"embeddable":true,"href":"https:\/\/www.manologarciaycia.com\/index.php?rest_route=%2Fwp%2Fv2%2Fcomments&post=18443"}],"version-history":[{"count":1,"href":"https:\/\/www.manologarciaycia.com\/index.php?rest_route=\/wp\/v2\/posts\/18443\/revisions"}],"predecessor-version":[{"id":18445,"href":"https:\/\/www.manologarciaycia.com\/index.php?rest_route=\/wp\/v2\/posts\/18443\/revisions\/18445"}],"wp:featuredmedia":[{"embeddable":true,"href":"https:\/\/www.manologarciaycia.com\/index.php?rest_route=\/wp\/v2\/media\/18444"}],"wp:attachment":[{"href":"https:\/\/www.manologarciaycia.com\/index.php?rest_route=%2Fwp%2Fv2%2Fmedia&parent=18443"}],"wp:term":[{"taxonomy":"category","embeddable":true,"href":"https:\/\/www.manologarciaycia.com\/index.php?rest_route=%2Fwp%2Fv2%2Fcategories&post=18443"},{"taxonomy":"post_tag","embeddable":true,"href":"https:\/\/www.manologarciaycia.com\/index.php?rest_route=%2Fwp%2Fv2%2Ftags&post=18443"}],"curies":[{"name":"wp","href":"https:\/\/api.w.org\/{rel}","templated":true}]}}