{"id":18440,"date":"2018-11-01T14:16:02","date_gmt":"2018-11-01T13:16:02","guid":{"rendered":"https:\/\/www.manologarciaycia.com\/?p=18440"},"modified":"2018-11-01T14:16:02","modified_gmt":"2018-11-01T13:16:02","slug":"concierto-en-valencia-a-manolo-garcia-hay-que-quererlo","status":"publish","type":"post","link":"https:\/\/www.manologarciaycia.com\/?p=18440","title":{"rendered":"Concierto en Val\u00e8ncia: A Manolo Garc\u00eda hay que quererlo"},"content":{"rendered":"<h2>El cantante ofrece m\u00e1s de tres horas de concierto y de conexi\u00f3n absoluta con su p\u00fablico en la Plaza de Toros de Val\u00e8ncia<\/h2>\n<p>Ya les digo yo que no iba demasiado animado al concierto que\u00a0<strong>Manolo Garc\u00eda<\/strong>\u00a0ofreci\u00f3 el mi\u00e9rcoles por la noche en la Plaza de Toros de Val\u00e8ncia. Yo ya hab\u00eda le\u00eddo que en el Wizink Center de Madrid hab\u00eda estado tres horas tocando, y en el Sant Jordi de Barcelona otras tantas. Peo claro, ah\u00ed estaban tapaditos y el term\u00f3metro no bajaba hasta los 12 grados y la humedad no se te pega a los huesos, huesos, que t\u00fa eres s\u00f3lo huesos. \u00bfY tres horas de concierto? Madre m\u00eda, tres horas, ni que fuera Ben Hur. Tres horas en las que s\u00f3lo canta un par de canciones de El \u00daltimo de la Fila. Que yo, se\u00f1or, soy un fan tard\u00edo de El \u00daltimo, que a\u00fan me estoy empapando del \u00abNuevo peque\u00f1o cat\u00e1logo\u00bb, as\u00ed que a\u00fan me queda otra d\u00e9cada para saberme las de Manolo en solitario. As\u00ed que de momento, qu\u00e9 quieren que les diga, las escucho y ni fu ni fa, que la mitad o m\u00e1s de las letras no las entiendo, que el santo se me va a otra parte cuando empiezo a escuchar cosas como \u00abson el h\u00e1lito justo que apaciguar\u00e1 el pulso\u00bb.<\/p>\n<p>Y ese era mi \u00e1nimo, y as\u00ed continu\u00f3 cuando empez\u00f3 el concierto. Llena la Plaza de Toros, papel agotado, v\u00eddeos de perritos en las grandes pantallas que flanquean el escenario, fans que esperan a Manolo con un cubalitro de cerveza en la mano y que levantan el dedo hacia el cielo para corear frases extra\u00f1as como \u00abprefiero el trapecio\u00bb. Y que se distraen, porque es inevitable distraerse, cuando el guitarrista V\u00edctor Iniesta se marca un largo s\u00f3lo de guitarra flamenca y Manolo se permite una versi\u00f3n de los Triana. Porque Manolo, a estas alturas de su carrera, llenando plazas de toros como las llena y megaauditorios y lo que sea, se puede permitir solos flamencos, y versiones de Triana, y cambiar de banda en mitad del concierto, y salir con un garrote al escenario y pa\u00f1uelos colgando del micr\u00f3fono. Tambi\u00e9n se puede permitir alguna frase de estas que reconfortan a las masas porque les hacen pensar que est\u00e1n en el lado perdedor aunque correcto. \u00abHoy no tenemos amo, somos libres\u00bb, dice. \u00abLo que nos llevemos de aqu\u00ed no ir\u00e1 dentro de un m\u00f3vil, ir\u00e1 en nuestro coraz\u00f3n\u00bb, suelta tambi\u00e9n al ser enfocado por las miles de lucecitas mustias del personal.<\/p>\n<div id=\"sc-ava-50477759\"><\/div>\n<p>Pero poco a poco el \u00e1nimo va cambiando. Manolo te va seduciendo con esa sonrisa complacida, esas palmadas que se da en los muslos, esas bandas (dos) que sonr\u00eden como \u00e9l y no fallan ni una. Y al final, a pesar de los medios tiempos llenos de frases y de que la manologarcialog\u00eda es una asignatura que no todo el mundo acabamos de aprender, a Manolo hay que quererlo. Uno, apoyado en la barrera como si quisiera protegerse del entusiasmo generalizado, ve al p\u00fablico mirar al \u00eddolo y recitando devotamente las letras de sus canciones como si fueran el Nuevo Testamento, el Cor\u00e1n y la Torah todo junto, y empieza a comprenderlo. Manolo le dedica el concierto a los \u00abpeque\u00f1os y medianos agricultores del Pa\u00eds Valenci\u00e0\u00bb y luego se baja del escenario y cruza el ruedo caminando hasta la grada para cantar con el p\u00fablico que se apelotona a su alrededor, y al volver lee el cartel con el que \u00abdos hermanas de Val\u00e8ncia\u00bb le piden que les dedique una canci\u00f3n, y \u00e9l se la dedica. Y hay que quererlo porque saca a cantar a su \u00abhermanita\u00bb Carmen y permite que una de las dos bater\u00edas que act\u00faan con \u00e9l se marque un s\u00f3lo de los de antes de que hacer solos de bater\u00eda estuviese mal visto, y \u00e9l da gritos para que el p\u00fablico los repita, que es otra cosa que est\u00e1 mal vista pero que a \u00e9l le da igual, como seguramente lo est\u00e1 el despedirse antes de los bises con un \u00abhasta luego Lucas\u00bb, pero nos da igual porque \u00e9l lo dice con la autenticidad del que est\u00e1 viviendo en 2018 como si estuviera en 1994. Y despu\u00e9s se tirar\u00e1 dos o tres veces desde el escenario hasta el p\u00fablico, y volver\u00e1 a cruzar el ruedo para subirse a las gradas y permitir que le toquen y berreen sobre su micr\u00f3fono y le hagan esos v\u00eddeos de m\u00f3vil que tan poco le gustan, y compartir\u00e1 la cara de fr\u00edo del personal mientras se acurruca en su chaqueta vaquera negra con forro de borreguito.<\/p>\n<p>Y a estas alturas uno ya ha entendido que el fen\u00f3meno de Manolo Garc\u00eda supera a su m\u00fasica, que haga lo que haga este va a ser el mejor concierto de las vidas de su p\u00fablico, al menos hasta que vuelva a Val\u00e8ncia en un par de a\u00f1os. Pero es que adem\u00e1s la veta mel\u00f3dica de su repertorio va dando paso a la m\u00e1s pop, e incluso la m\u00e1s rockera, con lo que la banda ha dejado de ser un compendio de m\u00fasicos virtuosos para empezar a sonar como algo parecido a la Rolling Thunder Revue de Bob Dylan. \u00abComo un burro\u00bb, \u00abP\u00e1jaros de barro\u00bb, \u00abCarb\u00f3n y ramas secas\u00bb, \u00abSobre el oscuro abismo\u00bb&#8230; Y la apoteosis con \u00abA San Fernando\u00bb y una \u00abInsurrecci\u00f3n\u00bb desastrada y genial&#8230; \u00abVenga, idos ya que vamos a coger una pulmon\u00eda\u00bb, ped\u00eda Manolo entre los \u00aboes\u00bb del p\u00fablico. Tres horas y cuarto de concierto y una \u00faltima lecci\u00f3n. \u00abS\u00e9 que soy un pesado, pero no sub\u00e1is los v\u00eddeos a Youtube, que ni vosotros ni nosotros ganamos nada y no os lo van a agradecer. Y ellos se pueden meter su dinero por el culo\u00bb.<\/p>\n<p>Galer\u00eda de Im\u00e1genes:\u00a0<a href=\"https:\/\/www.levante-emv.com\/multimedia\/fotos\/cultura\/2018-11-01-141675-concierto-manolo-garcia-valencia.html\" target=\"_blank\" rel=\"noopener\">https:\/\/www.levante-emv.com\/multimedia\/fotos\/cultura\/2018-11-01-141675-concierto-manolo-garcia-valencia.html<\/a><\/p>\n<p>Fuente: Levante &#8211; EMV &#8211; Voro Contreras &#8211; Fotos Octavio Juan &#8211;\u00a0<a href=\"https:\/\/www.levante-emv.com\/cultura\/2018\/11\/01\/manolo-hay-quererlo\/1789325.html\" target=\"_blank\" rel=\"noopener\">ENLACE<\/a><\/p>\n","protected":false},"excerpt":{"rendered":"<p>El cantante ofrece m\u00e1s de tres horas de concierto y de conexi\u00f3n absoluta con su p\u00fablico en la Plaza de Toros de Val\u00e8ncia Ya les digo yo que no iba demasiado animado al concierto que\u00a0Manolo Garc\u00eda\u00a0ofreci\u00f3 el mi\u00e9rcoles por la noche en la Plaza de Toros de Val\u00e8ncia. Yo ya hab\u00eda le\u00eddo que en el<a class=\"moretag\" href=\"https:\/\/www.manologarciaycia.com\/?p=18440\" title=\"Concierto en Val\u00e8ncia: A Manolo Garc\u00eda hay que quererlo\" target=\"_self\" rel=\"follow\"> <font face=arial size=2>[Leer m\u00e1s]<\/font> <\/a><\/p>\n","protected":false},"author":2,"featured_media":18441,"comment_status":"closed","ping_status":"closed","sticky":false,"template":"","format":"standard","meta":{"footnotes":""},"categories":[1],"tags":[],"class_list":["post-18440","post","type-post","status-publish","format-standard","has-post-thumbnail","hentry","category-manolo-garcia"],"_links":{"self":[{"href":"https:\/\/www.manologarciaycia.com\/index.php?rest_route=\/wp\/v2\/posts\/18440","targetHints":{"allow":["GET"]}}],"collection":[{"href":"https:\/\/www.manologarciaycia.com\/index.php?rest_route=\/wp\/v2\/posts"}],"about":[{"href":"https:\/\/www.manologarciaycia.com\/index.php?rest_route=\/wp\/v2\/types\/post"}],"author":[{"embeddable":true,"href":"https:\/\/www.manologarciaycia.com\/index.php?rest_route=\/wp\/v2\/users\/2"}],"replies":[{"embeddable":true,"href":"https:\/\/www.manologarciaycia.com\/index.php?rest_route=%2Fwp%2Fv2%2Fcomments&post=18440"}],"version-history":[{"count":1,"href":"https:\/\/www.manologarciaycia.com\/index.php?rest_route=\/wp\/v2\/posts\/18440\/revisions"}],"predecessor-version":[{"id":18442,"href":"https:\/\/www.manologarciaycia.com\/index.php?rest_route=\/wp\/v2\/posts\/18440\/revisions\/18442"}],"wp:featuredmedia":[{"embeddable":true,"href":"https:\/\/www.manologarciaycia.com\/index.php?rest_route=\/wp\/v2\/media\/18441"}],"wp:attachment":[{"href":"https:\/\/www.manologarciaycia.com\/index.php?rest_route=%2Fwp%2Fv2%2Fmedia&parent=18440"}],"wp:term":[{"taxonomy":"category","embeddable":true,"href":"https:\/\/www.manologarciaycia.com\/index.php?rest_route=%2Fwp%2Fv2%2Fcategories&post=18440"},{"taxonomy":"post_tag","embeddable":true,"href":"https:\/\/www.manologarciaycia.com\/index.php?rest_route=%2Fwp%2Fv2%2Ftags&post=18440"}],"curies":[{"name":"wp","href":"https:\/\/api.w.org\/{rel}","templated":true}]}}