{"id":18433,"date":"2018-10-31T10:26:24","date_gmt":"2018-10-31T09:26:24","guid":{"rendered":"https:\/\/www.manologarciaycia.com\/?p=18433"},"modified":"2018-10-31T10:32:44","modified_gmt":"2018-10-31T09:32:44","slug":"manolo-garcia-anoche-en-la-hora-musa-de-la-2-de-tve-3-canciones-entrevista","status":"publish","type":"post","link":"https:\/\/www.manologarciaycia.com\/?p=18433","title":{"rendered":"Manolo Garc\u00eda anoche en La Hora Musa, de La 2 de TVE. 3 canciones + entrevista"},"content":{"rendered":"<p>Programa completo aqu\u00ed:\u00a0<a href=\"http:\/\/www.rtve.es\/alacarta\/videos\/la-hora-musa\/hora-musa-programa-5-manolo-garcia-jungle-brisa-fenoy-banda-trapera-del-rio\/4818278\/\">http:\/\/www.rtve.es\/alacarta\/videos\/la-hora-musa\/hora-musa-programa-5-manolo-garcia-jungle-brisa-fenoy-banda-trapera-del-rio\/4818278\/<\/a><\/p>\n<h2><span class=\"titu\">La Hora Musa &#8211; Programa 5: Manolo Garc\u00eda, Jungle, Brisa Fenoy y La Banda Trapera del R\u00edo<\/span><\/h2>\n<p>En la quinta entrega de La Hora Musa nos visita uno de los cantantes y compositores m\u00e1s prestigiosos de nuestro pa\u00eds:\u00a0<strong>Manolo Garc\u00eda<\/strong>. Nos toca en directo algunos de los temas de su \u00faltimo disco, &#8216;Geometr\u00eda del rayo&#8217;, y tambi\u00e9n alg\u00fan gui\u00f1o al pasado de su carrera en solitario.\u00a0<strong>MAIKA MAKOVSKI<\/strong>, adem\u00e1s, charla con \u00e9l sobre su trayectoria en solitario y sobre sus inicios con Los R\u00e1pidos, Los Burros o El \u00daltimo de la Fila. Pisan el escenario tambi\u00e9n los brit\u00e1nicos\u00a0<strong>Jungle<\/strong>, una banda que combina el funk y el soul con los ritmos de la m\u00fasica disco. En la terraza,\u00a0<strong>Brisa Fenoy<\/strong>, cantante y compositora que combina los sonidos de la m\u00fasica urbana con la cr\u00edtica social. Y en el reportaje de la semana, V\u00edctor Clares se re\u00fane con\u00a0<strong>La Banda Trapera del R\u00edo<\/strong>, m\u00edtica banda barcelonesa de finales de los 70, considerada la pionera del punk en Espa\u00f1a.<\/p>\n<div id=\"contenidoshowhide\" class=\"expanded\">\n<div class=\"description\">\n<p>Fuente: RTVE &#8211; <a href=\"http:\/\/www.rtve.es\/alacarta\/videos\/la-hora-musa\/hora-musa-programa-5-manolo-garcia-jungle-brisa-fenoy-banda-trapera-del-rio\/4818278\/\" target=\"_blank\" rel=\"noopener\">Enlace<\/a><\/p>\n<\/div>\n<\/div>\n","protected":false},"excerpt":{"rendered":"<p>Programa completo aqu\u00ed:\u00a0http:\/\/www.rtve.es\/alacarta\/videos\/la-hora-musa\/hora-musa-programa-5-manolo-garcia-jungle-brisa-fenoy-banda-trapera-del-rio\/4818278\/ La Hora Musa &#8211; Programa 5: Manolo Garc\u00eda, Jungle, Brisa Fenoy y La Banda Trapera del R\u00edo En la quinta entrega de La Hora Musa nos visita uno de los cantantes y compositores m\u00e1s prestigiosos de nuestro pa\u00eds:\u00a0Manolo Garc\u00eda. Nos toca en directo algunos de los temas de su \u00faltimo disco, &#8216;Geometr\u00eda<a class=\"moretag\" href=\"https:\/\/www.manologarciaycia.com\/?p=18433\" title=\"Manolo Garc\u00eda anoche en La Hora Musa, de La 2 de TVE. 3 canciones + entrevista\" target=\"_self\" rel=\"follow\"> <font face=arial size=2>[Leer m\u00e1s]<\/font> <\/a><\/p>\n","protected":false},"author":2,"featured_media":18438,"comment_status":"closed","ping_status":"closed","sticky":false,"template":"","format":"standard","meta":{"footnotes":""},"categories":[1],"tags":[],"class_list":["post-18433","post","type-post","status-publish","format-standard","has-post-thumbnail","hentry","category-manolo-garcia"],"_links":{"self":[{"href":"https:\/\/www.manologarciaycia.com\/index.php?rest_route=\/wp\/v2\/posts\/18433","targetHints":{"allow":["GET"]}}],"collection":[{"href":"https:\/\/www.manologarciaycia.com\/index.php?rest_route=\/wp\/v2\/posts"}],"about":[{"href":"https:\/\/www.manologarciaycia.com\/index.php?rest_route=\/wp\/v2\/types\/post"}],"author":[{"embeddable":true,"href":"https:\/\/www.manologarciaycia.com\/index.php?rest_route=\/wp\/v2\/users\/2"}],"replies":[{"embeddable":true,"href":"https:\/\/www.manologarciaycia.com\/index.php?rest_route=%2Fwp%2Fv2%2Fcomments&post=18433"}],"version-history":[{"count":5,"href":"https:\/\/www.manologarciaycia.com\/index.php?rest_route=\/wp\/v2\/posts\/18433\/revisions"}],"predecessor-version":[{"id":18439,"href":"https:\/\/www.manologarciaycia.com\/index.php?rest_route=\/wp\/v2\/posts\/18433\/revisions\/18439"}],"wp:featuredmedia":[{"embeddable":true,"href":"https:\/\/www.manologarciaycia.com\/index.php?rest_route=\/wp\/v2\/media\/18438"}],"wp:attachment":[{"href":"https:\/\/www.manologarciaycia.com\/index.php?rest_route=%2Fwp%2Fv2%2Fmedia&parent=18433"}],"wp:term":[{"taxonomy":"category","embeddable":true,"href":"https:\/\/www.manologarciaycia.com\/index.php?rest_route=%2Fwp%2Fv2%2Fcategories&post=18433"},{"taxonomy":"post_tag","embeddable":true,"href":"https:\/\/www.manologarciaycia.com\/index.php?rest_route=%2Fwp%2Fv2%2Ftags&post=18433"}],"curies":[{"name":"wp","href":"https:\/\/api.w.org\/{rel}","templated":true}]}}