{"id":18425,"date":"2018-10-29T20:05:41","date_gmt":"2018-10-29T19:05:41","guid":{"rendered":"https:\/\/www.manologarciaycia.com\/?p=18425"},"modified":"2018-10-29T20:05:41","modified_gmt":"2018-10-29T19:05:41","slug":"yo-no-era-fan-de-manolo-garcia-cronica-y-fotos-de-manolo-garcia-en-murcia","status":"publish","type":"post","link":"https:\/\/www.manologarciaycia.com\/?p=18425","title":{"rendered":"\u201cYo no era fan de Manolo Garc\u00eda\u201d. Cr\u00f3nica y fotos de Manolo Garc\u00eda en Murcia"},"content":{"rendered":"<p>Yo no era fan de\u00a0<strong>Manolo Garc\u00eda<\/strong>, lo reconozco. Su estilo musical se encuentra un poco alejado de mis gustos habituales. Me tocaba cubrir este concierto y hacer de fot\u00f3grafo y redactor, lo cual me creaba un cierto nerviosismo, no voy a ocultarlo a mi casi cuarenta a\u00f1os y con veinte a\u00f1os a mis espaldas dando tumbos por los fosos de conciertos: hac\u00eda tiempo que no sent\u00eda este nerviosismo de principiante\u2026 Una idea me rondaba en la mente: a ver qu\u00e9 escribo yo de una de las mayores estrellas de la m\u00fasica en Espa\u00f1a cuando cuenta con una legi\u00f3n de fans que se saben de principio a fin todas sus letras, pese a ser letras largu\u00edsimas, y de un l\u00e9xico que no es para todos los p\u00fablicos\u2026 Cualquier cosa que diga se me van a echar encima los incondicionales\u2026 Y con esos temores esperaba en la zona de prensa a que se repartieran las acreditaciones correspondientes.<\/p>\n<p><img loading=\"lazy\" decoding=\"async\" class=\"aligncenter size-full td-animation-stack-type0-2\" src=\"https:\/\/lh3.googleusercontent.com\/EluttIWww2cKH9ZDUkj6jORKR0bhQLW_xtJ2BwXR1VMkpRvy6J-1opuWOeLYVga1neVyFf3VjYnDW5ziKAQ15JHHUsq7HzqNpetUlt-hwMOFXqBVVA_jiIbJe_KiJJn9LMoUSwyGLlZts3gxjPCreS7wbvQNoAvQK8MdoV3UlPtiBhD4Zopq11oMRsBiYN_YKxsF9mInbb8PzOrBDvYVKPWKO5rRrbzsBS-1KfwGfxbReJOXwe--2si8sJlqbArKqogvRtx10tZ5iG4ondnUIkLXidEtY-iOU_2g5dUK1LeBeWXFiL2CL3pr6623ZyiP_WG811P43V7dcD8R6385h8G483BNavs2O6abKdW4AqCq59AcbrSfBIKZnj9FlVCk1EpK1QKfMI2qHuE4m6tM8IfzxRC8YvN9pjS2_TkaGGDiB-Y0_242tLl5sbHulh24t5lNab68dUgz2HBOAd8FOjaLK1e4TG8ulVdNgSOukXEDW-7_Nxyp1leK6Hy5_sth6xnjHealIU1No43I0gc7na9SMJGyCZHngTbMZQYNjgWCVQiqoRFGC1GIXngr8krTtCvBvLJkX4ZFOX5OwVmkcyaj-5R4gKeKCoGLaqE56jI2WtrNlaWLlfbr24M4PUKEE6G3m3RpNa_ovKKzJbr3QEMEDLwhja69KX_U2HgAQh7VRAQz4adVcNpq5qFe6aqKYcBBrj3kbGt3BPht4g=w1200-h801-no\" alt=\"Manolo garcia murcia\" width=\"1200\" height=\"801\" \/><\/p>\n<p>Nueve y media de la noche y se acerca al punto de encuentro el responsable de\u00a0<strong>Riff Music<\/strong>\u00a0(productora del concierto), con una puntualidad brit\u00e1nica y la amabilidad que siempre caracteriza a esta productora, nos entrega los pases y nos recuerda las normas. Primera sorpresa de la noche: \u201ctienes todo el concierto para hacer fotos y puedes hacer fotos desde cualquier sitio menos backstage y escenario\u201d. \u00a1Bravo por Manolo Garc\u00eda y por Riff Music! En una \u00e9poca donde se ha puesto de moda bajar de tres temas a dos (o incluso uno) los autorizados para fotos y donde muchas veces nos mandan a la mesa de sonido (o m\u00e1s lejos a\u00fan) a hacer nuestro trabajo, me encuentro que con esta excelente noticia que espero que otros artistas y productoras tomen nota porque nos beneficia a todos. Un 10 por Manolo y por Riff.<\/p>\n<p>Pero las sorpresas de la noche no terminaban ah\u00ed. Nos informan que el set list cuenta con 30 canciones\u2026 \u00bfperd\u00f3n? \u201cS\u00ed, s\u00ed, son 30 canciones \u2013 se reafirman desde Riff Music-, m\u00e1s de 3 horas de concierto. Adem\u00e1s, Manolo va a presentar en primicia en Murcia a la banda americana con la que ha grabado el \u00faltimo disco, por lo que el concierto va a contar con dos bandas, la suya habitual y la banda que viene desde Nueva York\u201d.<\/p>\n<p><img loading=\"lazy\" decoding=\"async\" class=\"aligncenter size-full td-animation-stack-type0-2\" src=\"https:\/\/lh3.googleusercontent.com\/M2U54nD_BPgafR1E9NONZWKSxNBXLyGbxVARpOB_ySFmB_mEWTfoM34O51n8royTKGD1x1iQTccykqnR5WI6fw85HpeWn4_lDKNNAYFA9JCDqcFvm4UC2qIXhYLr6FEJkCKm8xbUSWaMPa-L1EW22x9wd110v4iLQC8gFq9nYr0kbsOqR0a2M1lGev8hMTz_nA05poxKgQoHIcmcIK_e-6DuWejuZStFZHNLqf22gGyN86fXmBIxQxf8lPCK7j7oneSAmqliQ6iNGz-qI0v3ddx4GyipkEF9X630GT_njsNmS56IlpN0lLPsNDw5YgtinGaY0N-p0hTFAM1b3wQJcacuZyRAdkxKido0sbM1Bo91wNMiMB71Nb2zjHz1nHIHLWk3dO-2JFDSDIO-lx5lqhr-kfqOOQ3aqvWTd-D_vDsaiHTPmpE9iAI0x865MxS8yL8HsuSimf5zD-lsQQCEAEdza72Gg-1KjTu3PY_vEqzyg8ytRyneBl-8hymtJpg7r50-qTFncbFiLvlkpiKW0sOikFsEHfSolFbmAPgw9NQ3PlXhDhv9rhTfGoQiEPK6lIiOuo1YY-z8RARttkJlMKA4_WRiu-VDb_ugcUa5vFrT3_LM4l3-Ro2desdq0eXdlL6P0rKP5fg2IwBklwp-Q0X6OjuobL80AnSENmy_fMuFfvfYvkuU5KPOkl-r-FED2ZkbgUwsKhePWeNUJA=w1200-h801-no\" alt=\"Manolo garcia Murcia\" width=\"1200\" height=\"801\" \/><\/p>\n<p>\u201cPedro ponte las pilas, est\u00e1s viejo y se te amontona el trabajo, m\u00e1s de 3 horas de bolo, m\u00e1s de 30 temas, 2 bandas completas a las que fotografiar, sin redactor, sin ser fan\u2026\u201d Esas palabras resonaban en mi cabeza todo el rato cuando otra de las personas de producci\u00f3n me dice: \u201cy no te pierdas el momento que Manolo baja al p\u00fablico y sale a mitad de la plaza de toros y tampoco te pierdas cuando saca el sof\u00e1\u201d. \u00bfSof\u00e1? \u00bfSalir a mitad de la plaza de toros? Necesitaba organizarme si quer\u00eda estar en todas\u2026<\/p>\n<p>Empezamos todos en el foso, suena una intro con m\u00fasica de ambiente, el escenario muy bonito, lleno de abejas de peluche, pantallas, pa\u00f1uelos, muy elegante todo, echo en falta una pasarela, s\u00e9 que come aforo, pero siempre se disfrutan. Suenan las primeras notas y sale Manolo con el micr\u00f3fono en una mano y un garrote en la otra, aunque pronto ver\u00edamos que el garrote no lo necesita para nada. \u00a0Malva\u00a0era el tema elegido para empezar. Desde el primer momento se percibe que Manolo cuenta con los mejores profesionales, no hablo s\u00f3lo de la banda (luego hablamos de la banda, o de las bandas, mejor dicho) sino de todo, seguridad, iluminaci\u00f3n, sonido\u2026 Sin pretender menospreciar los conciertos patrios, aquello se parec\u00eda m\u00e1s a una producci\u00f3n de cualquiera de las bandas del top 10 internacional. Muchos ya sab\u00e9is lo quisquilloso que soy con el sonido, creo que lo m\u00ednimo que se puede exigir en un concierto es que suene bien. Manolo sonaba excelentemente bien desde el primer minuto, la gran pantalla que presid\u00eda el escenario a modo de cuadro mostraba elegantes im\u00e1genes y el t\u00e9cnico de luces daba una lecci\u00f3n magistral de c\u00f3mo se debe iluminar un concierto.<\/p>\n<p><img loading=\"lazy\" decoding=\"async\" class=\"aligncenter size-full td-animation-stack-type0-2\" src=\"https:\/\/lh3.googleusercontent.com\/ghEl43Y6Lty0mLQepzhy3S4bKsCiLxtz0Or49HGDnaZHC_SSrhmj9wzE5AIkX2vIvJPpClPBm09eF85s_RQ_6o-PVWo9VFcU3p0KLt4tWI8xG9KyX-a_ZExo-h06kUrjcfniJOIWRCdAFwUmdONPIn9Z0BNomfviuDC3tVH2z8mLqD2bH9LGFQOVxMdmNMOLC6uWFRtJk4wCefuKx9eNo1pz2VpM2l4GfMXU3bpyWBuy2uE3X87W75aUUp5bwLWffVaT9-MibVop4vh9IJxTpMxl_w98VZ_8gkqmWM5LvqGZZpMEIMk2c4lT_CimG5k6f9406ugMCn57vZgaDfgrSYOyb_HUrEtmovUH_AfnHYsQ4HOKQNIm8xXX9_J7aZNGiPBO-iuZXdTDyWZ-mZEUc-qocpLDEK6U5LGmLQE5dYgH_LZOxwXguQFStA7IiRH_zzoA9ST-0nJ7Pi2PaAiGyq0AInOg1tQY_OvIpfRK5c-UnLVcrfaJOgN2e0_0yv7Y4CzNcCl81229mQD6lQeLWz7jhkqJzxhTi9_1qplQ4FzvJrWTjx2zluDvBR-rvq0Xf1OJn_oNkm85uBCZkxVf39tZkWR1Wx1rGER13MPnMK216XcLlQ7RhudLvq7qudXlUvKEQfrYJra_bvsvSrArqVv8afbew8IyYJqJsK5e7ZIj6sbuXw2S1gnrVG6gAdPAtjZ6m4uL2tx04TJZLQ=w1200-h857-no\" alt=\"Manolo garcia murcia\" width=\"1200\" height=\"857\" \/><\/p>\n<p><img loading=\"lazy\" decoding=\"async\" class=\"aligncenter size-full td-animation-stack-type0-2\" src=\"https:\/\/lh3.googleusercontent.com\/6R2XaFah4gBfThqr0FpFngulYugkMnm2BNVGmBXbOiQogcVYt4Oh8egE_mOapAZfiDUpIxwGcjFvbBnokgZESvg9-hEtaiENzq5qu5BlqliKmKAw406ukBAr07TzAfpoAwaRvZGMiTjDuditY8HrCy1zd9xWO6nSUxxQ5xJDL-bBHQVtxkptW6N-XrEEfGUqqUGWlr0CimiVmWMx_0fZisEMf2uA4clmeATx7T9TUpwusdFK5E8M20YaTxcfRGEPrxbWbmvWln7CfmWxaB7X8egu70xLPfljpRY81k3-LMPMlfEHl1h4yNW0Wvxm9p5wxhXIskmDcQSPixtg7rHi2Gps9HVkE52pwi-Y9jWRjAKM3y1KMI9Fss73QotvmB4sS0u5M9x5Aj4G4lKzxvajdJSm1ObOFmDyKueMlfTd2xhgdYniiWIQ8vgBm77RSC7sRFgaiWe27qWF7LtDIGmwLuX7xrkB5BUUOoAuuSaCcpYTirdA9fdB2qKZzN7nT82XgzfiAODKXoH9n0v8WITQTxVYekKT6fDY8Kg-wqKQmCEx2erLqB6Sw8C-H_Cxox5ttFUiDobZDJ54NIM-VWzSiV-sd7pCqxjgwn-nWivt8-Z5ttb0zsZpNXI-LTtqjrTcgTFhdMa8YFP-yUXMocfv56IGwXGb50FbH1bpvNSWyspcHGG8N4JrBWf4Xq6uTFRjoomjUhb2g8A8WssIPg=w1200-h857-no\" alt=\"manolo garcia murcia\" width=\"1200\" height=\"857\" \/><\/p>\n<p>Nunca el tiempo es perdido\u00a0y\u00a0Prefiero el trapecio\u00a0sonaban al principio del show para sorpresa de todos (yo el primero\u2026 \u201cest\u00e1s si me las s\u00e9\u201d pensaba\u2026) y Manolo demostraba estar en plena forma, corr\u00eda, saltaba, bajaba al foso a saludar, y todo ello sin perder el aliento y cantando con mucha soltura. Cualquiera que se haya subido a un escenario sabe lo complicado que es cantar mientras te mueves as\u00ed. Por momentos me daban ganas de dejar de hacer fotos y ponerme a disfrutar del espect\u00e1culo pues me estaba encantando lo que estaba viendo.<\/p>\n<p>La banda habitual de Manolo la componen\u00a0<strong>Ricardo Mar\u00edn<\/strong>\u00a0(guitarra el\u00e9ctrica y veterano de los escenarios espa\u00f1oles que demostr\u00f3 una vez m\u00e1s su talento),\u00a0<strong>V\u00edctor Iniesta<\/strong>\u00a0(guitarra el\u00e9ctrica, ac\u00fastica, espa\u00f1ola, doce cuerdas y seguramente cualquier cosa que parezca una guitarra),\u00a0<strong>Juan Carlos Garc\u00eda<\/strong>\u00a0(teclados y voces),\u00a0<strong>I\u00f1igo Goldaracena<\/strong>\u00a0(bajo),\u00a0<strong>Charly Sard\u00e0<\/strong>\u00a0(bater\u00eda),\u00a0<strong>Olvido Lanza<\/strong>\u00a0(viol\u00edn) y\u00a0<strong>Mone Teruel<\/strong>\u00a0(coros) todos ellos excelentes m\u00fasicos. Juntos suenan a la perfecci\u00f3n, s\u00f3lo se salen del guion cuando les toca su turno a cada uno, I\u00f1igo y Charly sonaban como si fueran un \u00fanico instrumento, Ricardo llevaba la batuta desde la guitarra mientras V\u00edctor Iniesta daba una lecci\u00f3n de lo que un guitarrista profesional debe ser, dominaba todos los estilos y tocaba con maestr\u00eda todas las guitarras, lo mismo una guitarra flamenca, que una 12 cuerdas que la el\u00e9ctrica que una ac\u00fastica y dejando algunos solos y toques de clase de esos que te llevas en la memoria tras el concierto.<\/p>\n<p><img loading=\"lazy\" decoding=\"async\" class=\"aligncenter size-full td-animation-stack-type0-2\" src=\"https:\/\/lh3.googleusercontent.com\/CmYWXBMHk__1R_j6RmAygQfbPyBMhnHT_OjSQlPgc7ejoEmQACMFVxbyxqQIjovUixKj_p06sl5F2ZiLmUgJMKeuLDfWcoTVFTDsZpW_MgzKm8lhK73PJYutEq8qmqth1HnV5Zc0MCg1ruRn59phPrk-cMjO8s_YgntPoDynvqcC2M2TIr7ay3POJouzLhd8bGSnFrympdiaiV_2mu1avoxBjesu8-UeZ0T1JtvLiynwzxPUWrCJIgy4zVYyBXWssRkNuvRmsQFZvf_SHX2R26k2MqCXDKBeQw0qEa2E4nNqI6umfZZH1O3yMjAvN7Mf-m1WxLuifHJIdZQvUSqGK-onGtzLE9aCMGf9jUOhPQcMb8-LndT-IuPcC6qqzUUnbg1e-z8gVkCFT9HQSzxi7N43CCV2B0n1ltowMjqr184cPiyTmqG5Ke0JzxRzqQhB2K4EJNEBzDHa-2IGTRmWb26DL9lDBLUwLZlCtln6y_uNfu3jThCEqWwIbQR_oi6WyMojbNUDlq368kqunWP157s7T8zaAiW4EARHSr_39q1mFevX9rZ0X0QJlnaT9HO4AFGQ0tPfI8HMvpXFzLC5x4SWyvZH9QbbNByKZyIOOTJLU3YS6x-WDvbMJYAcL4-9Unn4XZB-ZTedO5L5PRjoC6B8YgdHCNVQetgXBV3u-XHrcWY92HF15S0Gxz8qIToCRLrA93WaewM-gQyMiQ=w1200-h857-no\" alt=\"manolo garcia murcia\" width=\"1200\" height=\"857\" \/><\/p>\n<p><img loading=\"lazy\" decoding=\"async\" class=\"aligncenter size-full td-animation-stack-type0-2\" src=\"https:\/\/lh3.googleusercontent.com\/5HXcTuOxOc_2Gp-Nx9UlSb4-or4kxlzYAVpzsDkAzpgqWoLhJMuEKRaeHIcAUlpwTquqz9rlfRce7dmhb4xvyHGlqLZ3NK-atdtu687owd7SfrnUbBfe1NCWVVJVhivkvft5J2ddt4EQnT3l5K0r1iYo1f4t0pqsZrUFWSeIWB3MNSAhPtF5Wy9h-ENpgAccljniDT9MiN0m_21c4PTpsvgP2G4A1PfOkm5xtuTgkg1fgnmtHC1KW_jKmGXwGi6fWqkjLAtSQEf9AUdKKCqNWhrw-jy7JS987Fg52qx6ot1HHPtCPwJ9lsAk-HBbkxsn06PFW4Lx8DaBq7bLGhXP8Q2U0qSDJNcyg51Uy6p-HMgSibpVf9YlzXnb9YtkQXsY6e32RLL4yCrA1XcNxRZlIh9GxUbjDNhqgaMcdsAKYQny2_12YFwTzhliwpWMaVIxAd4D9nzRpm0IhwRmN2oPS60N2x3zqLGRlm6d7wMooQ3bG5spXHnaxBDFrFf2qHXJwH1t-pbie6NHYU8w_iZqYuR6E8O06so09PN4VxCXurzmva0rftLGNu7THjts6ii2Ih89m9l5rdDUHLbDiOdKH0MSLoHZpVTZI376QZxYvT26pQ8gHIOQrpkkX6MPiEvSgQHa-EI2pCRespojv2F4wyuK2QUYvf8Q9HFMgPMCp2MHRo9Pj0sne5oILLlIFx4E8WbpqBdqHSuORs-X5w=w1200-h801-no\" alt=\"manolo garcia murcia\" width=\"1200\" height=\"801\" \/><\/p>\n<p>Con\u00a0Lo quiero todo\u00a0llegaba el momento de presentar a la banda americana. De nuevo un diez para la producci\u00f3n por lo complicado del cambio sin que afecte ni a la din\u00e1mica del concierto ni al sonido. Como para m\u00ed era el d\u00eda de las sorpresas, me qued\u00e9 de piedra al ver la banda, es lo que tiene no ser fan, que la ya famosa \u201cbanda americana\u201d que iba a presentar\u00a0<strong>Manolo Garc\u00eda<\/strong>\u00a0contaba entre sus filas con\u00a0<strong>Gerry Leonard<\/strong>\u00a0(guitarrista Irland\u00e9s famoso, entre otras cosas por ser el escudero de\u00a0<strong>David Bowie<\/strong>\u00a0\u00a0D.E.P. en los \u00faltimos a\u00f1os) y\u00a0<strong>Meghan Toohey<\/strong>\u00a0(guitarras),\u00a0<strong>Jess Hume<\/strong>\u00a0al bajo y\u00a0<strong>Sarah Tomek<\/strong>\u00a0(Steven Tyler) a la bater\u00eda. Ten\u00eda mucha curiosidad por ver como estos m\u00fasicos m\u00e1s ligados a otros estilos se defend\u00edan con el pop-rock \u201caflamencado\u201d de Manolo Garc\u00eda, y la verdad, es que lo mejor que se puede decir de ellos es que, pese a tener su toque personal, consegu\u00edan que Manolo siguiese sonando a Manolo, lo cual es mucho decir. Reconozco que, en alguna ocasi\u00f3n, me quede embobado con alguno de ellos mirando a trav\u00e9s de mi Nikon, ser\u00eda injusto por mi parte resaltar a alguno de ellos por encima del resto, pero me veo obligado a mencionar que Sarah me dej\u00f3 muy loco\u2026 \u00a1Como toca esta chica! \u00a1Qu\u00e9 disparate! Groove, fuerza, precisi\u00f3n, simpat\u00eda\u2026 De esos bater\u00edas que tocan como si nada, como si fuera f\u00e1cil hacer lo que est\u00e1n haciendo\u2026 Ten\u00eda toques de Bonham, pero tambi\u00e9n muchos de Chad Smith\u2026 Una maravilla a los tambores.<\/p>\n<p><img loading=\"lazy\" decoding=\"async\" class=\"aligncenter size-full td-animation-stack-type0-2\" src=\"https:\/\/lh3.googleusercontent.com\/fok1qCThMmdrIKdBEVuGCbW7w-z5b5y6JwWj9IkmDL2VR9ERtWhSDflTwRq3DX5uuIoVdnsX-0Vt0A-Narhf2TLECXw8sXcmOzaQ18S5Wemg_O6VZ0jQUxBInhht5zcGjEvKvB5ZzgBue4CJufDknrmEdPsjHpIDMPZDiZ2HqBFnoCUxDsX7c2A1GnSnv4NWrfrfNr_V4DldEm_7DNTNU9hZWyioy7Tn4uDJ38o17rIknIaqPVislEcsLgD58Q0tcw6QlZw5ZtGoKuO-9Hl4WwH0F6tTvhUYAOehpYK9Dzwz27VrAeyrHWodUvaIKAGOBMOLuuqRKk3Kh0umHBVUsts04OY-zp5VdT1UGaOPISIgQHtoaO7vKpi9d0FA3zfa-qAs6AGcdGYICKYY1Fk3OFRb-XX0WHuNEQqleRdVMkVd_Zg_pfnVgDW0_lHT3pfY8sK5GfNqlIe9AJ6qAlvtU5AMP6TGpMVA5AIJrRg1oPMYyQR79_czjqnFS35hMETb9oDZg8_hNXBMbRdVprHOFAJ5d9cTHaBfmPyQxNul29lk2j3EUSJiMoMK7D8VZJTC9BiN6fc6tkc87UxPt52xQnIG86KRo3HgBcdH-SPaagKIbemP4yXQ7u6fXx5m__P_Or_w8LBWRJPAj94dc9gGuwXPc650gRPa9_zQz8Bmi402SYzZoPzx5MzZPhdPB63nwPKZUnYaJmGBLnw9zQ=w1200-h857-no\" alt=\"manolo garcia murcia\" width=\"1200\" height=\"857\" \/><\/p>\n<p><img loading=\"lazy\" decoding=\"async\" class=\"aligncenter size-full td-animation-stack-type0-2\" src=\"https:\/\/lh3.googleusercontent.com\/0r5JB0k3V3z-t8RL-CwkVHdWrE0EH9U7Gw_AdBQnK84VkYqBlaBvFjbS6AyJBgchoY2KkS-FDDBTyuN55UbbE4JNg6JtzfXSns7yPa55fjEX9R7QizN-OfntWQWkhTy6rNrT-CbRvyvNzauQt-Ik5SSPqOS2G2yYtc6hI-ALAdmiwqJ2FqdYizZ4ES5JSqprouTyTa7_wXTSd9wTy9mX0Z_wNVfp3wI01x87ea-lK9igaoouKL-3PNbm6ulC51zvrrPu8w_YiKB2sMzPznSlmzl5ujIFxFjxm8iDOuvL8kQOeETu_X9DHGGceYJtHYRgLJCoWjIsmM57BKo-LGX61-eO989d0Gpjsb87_UkP5C5agiWF_Gm231NtRQENWJND5v4dNi3FbYeBCqMOQD7q0NKxzcvkmQtm861gTKl5snbmJXYWtZvKhWPlYREOftfzcENDAKkJX6YVIYs8QTT1FOqc_U1KRb7EaYWgu2RT9uQqgQFsIvA-y0FOTW-3d81naww61fDC_6S4bXQq3nPjCKACzFV6rUQVeVuFTyCmgS_iz2ZgQd9X0UG5t2wBNhxXIa2q6NTQ5YOx8Ke-Mf63KWZjtJJQFNWS6g1jByLUunKwlCAX-S8MNuKeS0lCmfebzXVUZxUe1W94W6v8IyjA5vpW1L4CYbMGKWgGkX6sLVruDdwgytaZW6wNjcmRkFAVrfnlGLJMJe1wLX8BlA=w1200-h857-no\" alt=\"manolo garcia murcia\" width=\"1200\" height=\"857\" \/><\/p>\n<p><img loading=\"lazy\" decoding=\"async\" class=\"aligncenter size-full td-animation-stack-type0-2\" src=\"https:\/\/lh3.googleusercontent.com\/6FWQIhDUQqO4WbnhWFLrgop68TqusljHOlRoqOmE-cbxbYWmTbmxaHQLmkisrLfVi5AOETa1JwXVHKtdoYVWE9lcq96uhlef5MGLgU6SB4CK7q33z4jNpjAq07FQsg63EODtfC9EXv9ulfT6cJUvB4gI6hrixt3iQb1GdFjtKDBjPnl6wmFVmAMc84ng5r3QF94DQjQG7EwGhSHoIDTY8a1WMJcl_EhfbS08uFeYbn72ENo7cmckvEbbl5HS1ek1x28ypsd0dtNsk2I3oXNG7E6t64j1EFCE0Uk-FCBBZM6uRH5l0OVNSN-_oT3gWpUCD0OXa0tsLpgx2RtGzobnoFCu7QVqP4oIA6shmAgiRYmIDtDb_Bk2USAbwtfAmNm9dngWH5daLhZuqOe1Meggc7HaFu7EfMhBhs-Mg3kNsVB5rAVsDfAJ7fos2NTPqUGBRa1-07DlAj-8RznP9Y-7o0azV1GrgjAZZORqCzHow_6GktaRatwm1mPQqmFNNI_lDvJSbNfOp4Z4V2ie409nk-IB082LGlbmZUgPJZF9t8-V6QjjdjU3vKoArlNjMQZ7NqbkaZze0Zu5Vcj04UVNV5aFEeY38IoHPytCLHFZypSkBYtj9ZUiZrdf9LicFMjqAdGB1XPCy_Fy0ijoeH8ukjt29mtIzaWnRbeGud_Hi6ssFY9Ml5b5bROeCRaqHy0V8kU6csBefSVKQu0TFw=w1200-h801-no\" alt=\"manolo garcia murcia\" width=\"1200\" height=\"801\" \/><\/p>\n<p>Nunca es tarde,\u00a0Oc\u00e9ano azul,\u00a0La llamada interior,\u00a0Todo arde\u00a0sonaban a la perfecci\u00f3n y se integraban con los temas m\u00e1s cl\u00e1sicos de Manolo que segu\u00eda agitando al p\u00fablico contagi\u00e1ndole de su energ\u00eda, pero sin olvidar su compromiso con la sociedad (en varios momentos del concierto hizo menci\u00f3n a las mujeres y la violencia de g\u00e9nero). \u00a0El concierto rodaba en piloto autom\u00e1tico cuando Manolo decidi\u00f3 mezclarse con su p\u00fablico. Yo estaba en aquel momento en uno de los laterales y me toc\u00f3 salir corriendo en paralelo a Manolo para poder capturar el momento m\u00e1gico donde los fans enloquecen al ver entre ellos a su \u00eddolo (desde aqu\u00ed mi agradecimiento a la producci\u00f3n local de Ibolele que me permiti\u00f3 llegar hasta Manolo a tiempo gracias a su siempre excelente colaboraci\u00f3n con los fot\u00f3grafos). All\u00ed estaba Manolo, como uno m\u00e1s, encima de una barra de bar cantando al un\u00edsono con sus fans mientras les chocaba la mano, se le ve\u00eda emocionado, feliz, y me puedo imaginar lo dif\u00edcil que puede ser emocionarse tras tant\u00edsimos a\u00f1os de profesi\u00f3n y habiendo visto y vivido tantas cosas. Manolo hace las cosas al rev\u00e9s que muchos, y le funcionan, deja todo el concierto a los fot\u00f3grafos y adem\u00e1s se mezcla con el p\u00fablico, sin barreras, sin plataformas, a pecho descubierto, con los riesgos que ello entra\u00f1a a nivel de seguridad del artista, pero supongo que la gente lo percibe como algo tan extraordinario que le devuelven la confianza con respeto y, m\u00e1s all\u00e1 de alg\u00fan cachete en el culo (que se lo llev\u00f3, ya lo creo que se lo llev\u00f3) , la gente respet\u00f3 al artista disfrutando del gesto y del momento m\u00e1gico, para luego dejarle regresar a las tablas con una ovaci\u00f3n larga y sincera.<\/p>\n<p><img loading=\"lazy\" decoding=\"async\" class=\"aligncenter size-full td-animation-stack-type0-2\" src=\"https:\/\/lh3.googleusercontent.com\/vwmRTFsynUISyjQWwF9z9ilCX8yQ3mzjetSPmZm0Pf1cqFwAIUepS5PMh1YKIRdzX9dd4tK1QOaksu8tIJDVyvMniZtU-Ow9jRts2lkwA9TICEV7PiUwujWxAVlQisSTCuD6ifMZ9KCGJve9vmmvleT0oYI6xCReI9Yk12rg_yg8Zam3tWI5c68VUBV9yx-r3UvLtfdcnksqGV53UeaIxU4WM0Tcj14RIwzXzXYLT7DVnLR_kPQcdmB1rQ4OdldGYxYYC2Kb_iVO8IWuukDHMjmmECSZRKnqB2k8OY43KPPXIYPc104MIZ083C6Pk7YgEx7brV22tYWnz7bFdBd4t9U3KIpgRP18iwjD0jXlBkxcuPyE8gI_1dpM5i9O9uz-9vMdz2EBbRn6Fa3YfbSrEWGVyd0PxoCkrnxesqgjPhuVBUnJREgDSh8pBo_0LPB_Gbt_lq3iuAde_rat6eg9y8bY9ir2sHPGtBEvfZJNAfvnL-ZRJHk9VL6S92REc6ggIwQUhDJTIvzJ_HlY5k8J48C936WTPwF83vff5g-PZDvZUX022RjEA80yvdBPOigOW1eT4ITU67N01il4R5TVZZMkhQJGmT6Ri88IHXdVHiX-Iswv_iLaPWSzVjbNQlAEETZthWw7U1EjoquPUSjgT0Mikr4TF-x3mMzrzNC9XgUeA9rl-MSrd148DzWP1L1XN_Y0lzdqq32LI6un5w=w1200-h801-no\" alt=\"Manolo Garcia Murcia\" width=\"1200\" height=\"801\" \/><\/p>\n<p>El concierto llegaba a su fin con dos rondas de bises. La primera empezaba con\u00a0En tu voz\u00a0de su \u00faltimo disco pero interpretada con la banda espa\u00f1ola con un V\u00edctor Iniesta que se volvi\u00f3 a lucir a la guitarra tocando con un feeling que, por instantes, pareciese que estaba solo en su casa, en esos momentos en los que no vemos a los m\u00fasicos y tocan las cosas m\u00e1s bonitas, seguramente junto a un vaso de whisky o una copa de vino\u2026 Mientras tanto, Manolo se sentaba c\u00f3modamente en su sill\u00f3n, como disfrutando del trabajo bien hecho durante las dos horas y media anteriores, pero tambi\u00e9n prepar\u00e1ndose para lo que se avecinaba al final del concierto.\u00a0Como un burro amarrado a la puerta del baile,\u00a0P\u00e1jaros de barro\u00a0daban paso a los segundos y \u00faltimos bises, poniendo fin a m\u00e1s de 3 horas de espect\u00e1culo, m\u00fasica, y energ\u00eda con\u00a0Sobre el oscuro abismo en que te meces\u00a0y\u00a0A San Fernando.<\/p>\n<p><img loading=\"lazy\" decoding=\"async\" class=\"aligncenter size-full td-animation-stack-type0-2\" src=\"https:\/\/lh3.googleusercontent.com\/3QGng-V4IYmxYxxmwfsoVFobUkJBi2Wflkgl74ArpvePRU3_W9K-c7BiyoA-SgNqMZkaww1bY4t05fWgr5AO2Xqq7JmM-6-pZBZPSbCKpvT3Z_3H-IYzecjNWRKtmgyF_CkyzeaaDqxU2uEsGdkA_RcoNtwKzi5x40ukqZMxHeiP1oqCEcn0Ro2LG4DgTOJc1W1701LR18bYSW5S-euHqG9o1mGrqVaAoelKxCvHZR2uZTzxn5_YfUoq8MvLMK0TeeWzCCQ5BZZGAZeuXvckUaC75_LSyP3tuUUSHrWvsMGH5lWQsEEmZHICttrs8P62p8HZrmBgP8nuvOsXercV1pvF1s1NjRcYSNVMb4mfl3Hg5dBvi2G_P_oF1SWPh6pinpNysbCDXUvHxoKvyzlesSRqLkKEOjN1FhmxJwJuzk8yi5sBOQKHJdAy1z7s7iSCTAJVEC1ViEJEl3qThg6LyNUN9cNDrVw24HkgikLJonAFuHWbW7zM2M7PybexJ9t6P7xWuU8q9MdIeOy1-9thvKCQlAMLdy-xLtEqXwf79WfHlHwtgK_hn4qD9A_5taX0ZbF1XEHrb-ugt6gny1M4yUvhrbex30BsCT7WAW7csMvVmStC8XRHijkD8HdowNivTwdZN-jVsRcQYxKUOc5s8ByBLjijSn-3hh_DzhTJzdwZfMZSRP4I6rPcFkO8JgWbuSW_3rJKbFE1AuFxsw=w1200-h801-no\" alt=\"manolo garcia murcia\" width=\"1200\" height=\"801\" \/><\/p>\n<p>Estoy agotado, este concierto ha demandado mucha energ\u00eda por parte de todos, pero me voy con la sensaci\u00f3n de que ha merecido la pena y de que la vida siempre nos reserva sorpresas.<\/p>\n<p>Recuerdo que hace m\u00e1s de 3 horas no era fan de\u00a0<strong>Manolo Garc\u00eda<\/strong>, as\u00ed empezaba este art\u00edculo, en estos momentos las cosas han cambiado, me declaro fan: fan de \u00e9l como frontman, fan de sus m\u00fasicos (los de aqu\u00ed y los de all\u00ed), fan de sus t\u00e9cnicos los de luces y los de sonido, fan de su entrega y muy fan de su espect\u00e1culo y su profesionalidad, esperando poder repetir de otro de sus directos.<\/p>\n<p><img loading=\"lazy\" decoding=\"async\" class=\"aligncenter size-full td-animation-stack-type0-2\" src=\"https:\/\/lh3.googleusercontent.com\/UeFx5-clGpGrAS3Ni_IYrOJWl3UC61kjhsYbDjx1_Gc_LwcAziY0kNxhMA1Af4dUOFtCuTBj32ndRGnnGxVRMWuySXaWzzDOMo0N52UXhKIoBSKdV3WC4Z3pVYiuEJEv9RTEf4Qz-5Dvx4NnMamokp9BNE7RoVt1PernN1KtEV5M8xWQKQTR15SZ1O2R2i5WYUuN29uzLu0rqoMeqJwqkqvyUppPqYtp3w1kUFkdVzdIwueG7B_3MwqmIpdRVBks8T7S7voRMVSF2aQSfltE1t2V14efJ31GgiwF1kwj2WcB-TlRvoSJi9x4Tc7YWp04WDJbdyK6XRC2dgsC6pnXwd5DRSkEDJX0d7jdlQ89fGZUIyWZ7NUDSDNm8z7vxvZh87zhU3IAAske4AySURqUqlv1vMSWDhaxsOfu16Cq0cUtVoVqjQoRqKXCt7KzWPh-vEhH-xJ2vmZg-dEELyXHXPGLiluCgfsVhA7q8EK3Xseby1S6HldH2Y-wCMfVnKvrPrOnwL-Q7zo-PZ8oI9NdTechelGAs98SohgY_rGu0UgUyB-7w_kx12e1Uc1_NfvXmA-pQ1XCsCCfmFuEp6IU6kdnVVoD2eE5G6qANN7Gqe_T6gsYeINfSn0jNCmbpWWdJyTkZ86kMKTcJ16wk1u1eENyjmbHdu9fPmz2BTp0_QiPr5qovWbWLY1jIgx5Lxq2qCeYfSXswFv67bs1cw=w1200-h637-no\" alt=\"manolo garcia murcia\" width=\"1200\" height=\"637\" \/><\/p>\n<p>Fuente: Pedro Hernandez &#8211; Rock Culture &#8211; ENLACE:\u00a0<a href=\"https:\/\/www.rockculture.es\/yo-no-era-fan-de-manolo-garcia-cronica-y-fotos-de-manolo-garcia-en-murcia\/\" target=\"_blank\" rel=\"noopener\">https:\/\/www.rockculture.es\/yo-no-era-fan-de-manolo-garcia-cronica-y-fotos-de-manolo-garcia-en-murcia\/<\/a><\/p>\n","protected":false},"excerpt":{"rendered":"<p>Yo no era fan de\u00a0Manolo Garc\u00eda, lo reconozco. Su estilo musical se encuentra un poco alejado de mis gustos habituales. Me tocaba cubrir este concierto y hacer de fot\u00f3grafo y redactor, lo cual me creaba un cierto nerviosismo, no voy a ocultarlo a mi casi cuarenta a\u00f1os y con veinte a\u00f1os a mis espaldas dando<a class=\"moretag\" href=\"https:\/\/www.manologarciaycia.com\/?p=18425\" title=\"\u201cYo no era fan de Manolo Garc\u00eda\u201d. Cr\u00f3nica y fotos de Manolo Garc\u00eda en Murcia\" target=\"_self\" rel=\"follow\"> <font face=arial size=2>[Leer m\u00e1s]<\/font> <\/a><\/p>\n","protected":false},"author":2,"featured_media":18426,"comment_status":"closed","ping_status":"closed","sticky":false,"template":"","format":"standard","meta":{"footnotes":""},"categories":[1],"tags":[],"class_list":["post-18425","post","type-post","status-publish","format-standard","has-post-thumbnail","hentry","category-manolo-garcia"],"_links":{"self":[{"href":"https:\/\/www.manologarciaycia.com\/index.php?rest_route=\/wp\/v2\/posts\/18425","targetHints":{"allow":["GET"]}}],"collection":[{"href":"https:\/\/www.manologarciaycia.com\/index.php?rest_route=\/wp\/v2\/posts"}],"about":[{"href":"https:\/\/www.manologarciaycia.com\/index.php?rest_route=\/wp\/v2\/types\/post"}],"author":[{"embeddable":true,"href":"https:\/\/www.manologarciaycia.com\/index.php?rest_route=\/wp\/v2\/users\/2"}],"replies":[{"embeddable":true,"href":"https:\/\/www.manologarciaycia.com\/index.php?rest_route=%2Fwp%2Fv2%2Fcomments&post=18425"}],"version-history":[{"count":1,"href":"https:\/\/www.manologarciaycia.com\/index.php?rest_route=\/wp\/v2\/posts\/18425\/revisions"}],"predecessor-version":[{"id":18427,"href":"https:\/\/www.manologarciaycia.com\/index.php?rest_route=\/wp\/v2\/posts\/18425\/revisions\/18427"}],"wp:featuredmedia":[{"embeddable":true,"href":"https:\/\/www.manologarciaycia.com\/index.php?rest_route=\/wp\/v2\/media\/18426"}],"wp:attachment":[{"href":"https:\/\/www.manologarciaycia.com\/index.php?rest_route=%2Fwp%2Fv2%2Fmedia&parent=18425"}],"wp:term":[{"taxonomy":"category","embeddable":true,"href":"https:\/\/www.manologarciaycia.com\/index.php?rest_route=%2Fwp%2Fv2%2Fcategories&post=18425"},{"taxonomy":"post_tag","embeddable":true,"href":"https:\/\/www.manologarciaycia.com\/index.php?rest_route=%2Fwp%2Fv2%2Ftags&post=18425"}],"curies":[{"name":"wp","href":"https:\/\/api.w.org\/{rel}","templated":true}]}}