{"id":18421,"date":"2018-10-29T17:35:30","date_gmt":"2018-10-29T16:35:30","guid":{"rendered":"https:\/\/www.manologarciaycia.com\/?p=18421"},"modified":"2018-10-29T17:35:30","modified_gmt":"2018-10-29T16:35:30","slug":"manana-en-la-hora-musa-la-2-de-tve","status":"publish","type":"post","link":"https:\/\/www.manologarciaycia.com\/?p=18421","title":{"rendered":"Ma\u00f1ana en La Hora Musa (La 2 de TVE)"},"content":{"rendered":"<p><strong><a href=\"http:\/\/www.rtve.es\/television\/la-hora-musa\/\">&#8216;La Hora Musa&#8217;<\/a>, el programa musical de La 2 presentado por Maika Makovski, recibe en su escenario a Manolo Garc\u00eda y Jungle. Adem\u00e1s, en la azotea Brisa Fenoy y el reportaje de V\u00edctor Clares sobre La Banda Trapera del R\u00edo.<\/strong><\/p>\n<p><strong>&#8216;La Hora Musa&#8217;<\/strong>\u00a0arranca\u00a0<strong>Manolo Garc\u00eda<\/strong>, uno de los cantantes y compositores m\u00e1s prestigiosos de nuestro pa\u00eds. Su \u00faltimo disco,\u00a0<strong>&#8216;Geometr\u00eda del rayo&#8217;<\/strong>, le ha llevado de nuevo a llenar grandes salas y estadios.\u00a0<strong>Maika Makovski<\/strong>\u00a0conversar\u00e1 con este creador inquieto sobre su trayectoria, desde sus inicios con Los R\u00e1pidos, Los Burros y El \u00daltimo de la Fila, a su carrera en solitario.<\/p>\n<p>22:55 La 2 &#8211; TVE<\/p>\n<p>Fuente: RTVE &#8211; ENLACE: <a href=\"http:\/\/www.rtve.es\/rtve\/20181029\/manolo-garcia-jungle-brisa-fenoy-este-martes-hora-musa\/1828700.shtml\" target=\"_blank\" rel=\"noopener\">http:\/\/www.rtve.es\/rtve\/20181029\/manolo-garcia-jungle-brisa-fenoy-este-martes-hora-musa\/1828700.shtml<\/a><\/p>\n","protected":false},"excerpt":{"rendered":"<p>&#8216;La Hora Musa&#8217;, el programa musical de La 2 presentado por Maika Makovski, recibe en su escenario a Manolo Garc\u00eda y Jungle. Adem\u00e1s, en la azotea Brisa Fenoy y el reportaje de V\u00edctor Clares sobre La Banda Trapera del R\u00edo. &#8216;La Hora Musa&#8217;\u00a0arranca\u00a0Manolo Garc\u00eda, uno de los cantantes y compositores m\u00e1s prestigiosos de nuestro pa\u00eds.<a class=\"moretag\" href=\"https:\/\/www.manologarciaycia.com\/?p=18421\" title=\"Ma\u00f1ana en La Hora Musa (La 2 de TVE)\" target=\"_self\" rel=\"follow\"> <font face=arial size=2>[Leer m\u00e1s]<\/font> <\/a><\/p>\n","protected":false},"author":2,"featured_media":18422,"comment_status":"closed","ping_status":"closed","sticky":false,"template":"","format":"standard","meta":{"footnotes":""},"categories":[1],"tags":[],"class_list":["post-18421","post","type-post","status-publish","format-standard","has-post-thumbnail","hentry","category-manolo-garcia"],"_links":{"self":[{"href":"https:\/\/www.manologarciaycia.com\/index.php?rest_route=\/wp\/v2\/posts\/18421","targetHints":{"allow":["GET"]}}],"collection":[{"href":"https:\/\/www.manologarciaycia.com\/index.php?rest_route=\/wp\/v2\/posts"}],"about":[{"href":"https:\/\/www.manologarciaycia.com\/index.php?rest_route=\/wp\/v2\/types\/post"}],"author":[{"embeddable":true,"href":"https:\/\/www.manologarciaycia.com\/index.php?rest_route=\/wp\/v2\/users\/2"}],"replies":[{"embeddable":true,"href":"https:\/\/www.manologarciaycia.com\/index.php?rest_route=%2Fwp%2Fv2%2Fcomments&post=18421"}],"version-history":[{"count":1,"href":"https:\/\/www.manologarciaycia.com\/index.php?rest_route=\/wp\/v2\/posts\/18421\/revisions"}],"predecessor-version":[{"id":18423,"href":"https:\/\/www.manologarciaycia.com\/index.php?rest_route=\/wp\/v2\/posts\/18421\/revisions\/18423"}],"wp:featuredmedia":[{"embeddable":true,"href":"https:\/\/www.manologarciaycia.com\/index.php?rest_route=\/wp\/v2\/media\/18422"}],"wp:attachment":[{"href":"https:\/\/www.manologarciaycia.com\/index.php?rest_route=%2Fwp%2Fv2%2Fmedia&parent=18421"}],"wp:term":[{"taxonomy":"category","embeddable":true,"href":"https:\/\/www.manologarciaycia.com\/index.php?rest_route=%2Fwp%2Fv2%2Fcategories&post=18421"},{"taxonomy":"post_tag","embeddable":true,"href":"https:\/\/www.manologarciaycia.com\/index.php?rest_route=%2Fwp%2Fv2%2Ftags&post=18421"}],"curies":[{"name":"wp","href":"https:\/\/api.w.org\/{rel}","templated":true}]}}