{"id":18251,"date":"2018-10-05T07:25:27","date_gmt":"2018-10-05T05:25:27","guid":{"rendered":"https:\/\/www.manologarciaycia.com\/?p=18251"},"modified":"2018-10-05T07:25:27","modified_gmt":"2018-10-05T05:25:27","slug":"manolo-garcia-si-eres-capaz-de-vivir-una-ilusion-habras-vivido","status":"publish","type":"post","link":"https:\/\/www.manologarciaycia.com\/?p=18251","title":{"rendered":"Manolo Garc\u00eda: \u00abSi eres capaz de vivir una ilusi\u00f3n, habr\u00e1s vivido\u00bb"},"content":{"rendered":"<h2>El m\u00fasico act\u00faa este s\u00e1bado en Murcia con &#8216;Geometr\u00eda del rayo&#8217;, dedicado a todos aquellos que no pueden vivir sin arte<\/h2>\n<p>Despu\u00e9s de agotar entradas en la gira por teatros y auditorios con la que recorri\u00f3 gran parte de Espa\u00f1a la pasada primavera, Manolo Garc\u00eda volvi\u00f3 a los escenarios para ofrecer nueve \u00fanicos conciertos en grandes recintos.<\/p>\n<p>El rayo es una de las condiciones b\u00e1sicas de la geometr\u00eda, escrib\u00eda en su presentaci\u00f3n el propio Manolo Garc\u00eda, una l\u00ednea que comienza en un punto determinado y se extiende al infinito. Para el ex cantante de El \u00daltimo de la Fila, el rayo es tambi\u00e9n un latido interior &#8216;hernandiano&#8217; que no cesa, una b\u00fasqueda continua en la po\u00e9tica de lo cotidiano, un darle alas al pensamiento y, con la ayuda de la imaginaci\u00f3n, pescar esa chispa de magia y felicidad que a veces es esquiva en nuestro d\u00eda a d\u00eda. Por eso,\u00a0<em>Geometr\u00eda del rayo<\/em>, su s\u00e9ptimo \u00e1lbum en solitario, va dedicado expresamente a todos aquellos que no pueden vivir sin arte, en cualquiera de sus manifestaciones o modalidades, y que no se quieren conformar con la cultura del entretenimiento f\u00e1cil de nuestro tiempo. \u00abEl tiempo nunca es perdido si el verso cunde\u00bb. Y los surcos de\u00a0<em>Geometr\u00eda del rayo\u00a0<\/em>se han cocinado a fuego lento, registrados a caballo entre Nueva York (en un estudio cerca de Woodstock donde Bowie paraba el reloj de arena) y Girona.<\/p>\n<div id=\"sc-ava-33937818\"><\/div>\n<p>El m\u00fasico albacete\u00f1o, criado en el barrio del Poble Nou, se encuentra en un momento de madurez personal, algo que se transmite en\u00a0<em>Geometr\u00eda del rayo<\/em>, un trabajo optimista que invita a la reflexi\u00f3n desde la calma con canciones perfectas pensadas para conmover. Y Manolo Garc\u00eda es un artista que embruja por completo a su audiencia.<\/p>\n<p><strong>De nuevo la plaza de toros.<\/strong><br \/>\nYo encantado. De hecho, la plaza de toros como espacio f\u00edsico es de lo mejor para el sonido, para que el m\u00fasico de rock, de pop, pueda desarrollar su tarea. Con un buen equipo, el equipo correcto, se suena bien. Las plazas de toros est\u00e1n muy bien. Luego tienen una parte grata tambi\u00e9n en cuanto al recogimiento: su circularidad te da una posibilidad de recogimiento, de atenci\u00f3n hacia el centro. El sitio peque\u00f1o tiene otra posibilidad m\u00e1s \u00edntima, l\u00f3gicamente, y todo est\u00e1 m\u00e1s a flor de piel, m\u00e1s cercano. El recinto grande tiene ese punto de que hay que un poco exagerar, pero, bueno, a m\u00ed tambi\u00e9n me va eso, porque yo en el fondo soy un poco histri\u00f3nico.<\/p>\n<p><strong><em>Geometr\u00eda del rayo<\/em>\u00a0ha funcionado muy bien. Fue n\u00famero uno varias semanas, ha sido disco de platino\u20ac \u00bfQu\u00e9 significa\u00a0<em>Geometr\u00eda del rayo<\/em>?<\/strong><br \/>\nSignifica un peque\u00f1o paso m\u00e1s en mi tarea de orfebre, de artesano. Yo soy persona que acomete la m\u00fasica y hace las canciones de una manera pausada, no me gustan las prisas, aunque luego, parad\u00f3jicamente, soy bastante activo, bastante &#8216;nervioso&#8217;. El tema musical, para m\u00ed, es muy serio. Hacer una canci\u00f3n que va a estar ah\u00ed, que se va a presentar ante el p\u00fablico, que a m\u00ed me puede dar un buen d\u00eda o un mal d\u00eda (porque hay d\u00edas que sufres intentando hacer una canci\u00f3n)\u20ac Entonces este<em>\u00a0Geometr\u00eda del rayo\u00a0<\/em>me ha dado bondades, me ha tomado un tiempo en el que yo he estado muy relajado, quiz\u00e1 m\u00e1s que anteriormente, y con menos pretensiones de abarcar, con la simpleza de \u00abquiero hacer canciones, no tengo prisa, y las hago porque me apetece\u00bb, no porque haya un contrato o presiones externas que me conduzcan a ello. Y eso es as\u00ed, en anteriores discos tambi\u00e9n. En\u00a0<em>Los d\u00edas intactos<\/em>\u00a0o el anterior\u20ac Los discos \u00faltimos que he hecho, he trabajado fuera, en Nueva York en este caso\u20ac Ha sido un viaje a otra cultura (cercana, porque finalmente todos vivimos en un mundo occidental, pero bueno, con sus singularidades), y este disco por ejemplo, as\u00ed como en los otros hice en 8 o 10 meses las canciones, en este he estado componiendo m\u00e1s de a\u00f1o y medio largo, y de esa complacencia algo debe de verse cuando ya se publica el disco.<\/p>\n<p><strong>Dices que siempre te ha gustado ponerte trampas a la hora de crear. \u00bfQu\u00e9 te has planteado en el caso de\u00a0<em>Geometr\u00eda del rayo<\/em>?<\/strong><br \/>\nPues por ejemplo componer con teclado en vez de con guitarra, empezar una canci\u00f3n con unas notas de arm\u00f3nica\u20ac Habitualmente, o por lo general, el m\u00fasico de rock o de pop componemos con guitarra, ac\u00fastica o el\u00e9ctrica, depende de la idea que tengas, pero en este disco ha habido canciones que las he empezado grabando unos sonidos de arm\u00f3nica, teclados\u20ac Yo no soy pianista, pero s\u00ed que los rudimentos b\u00e1sicos, los arpegios, los acordes, los s\u00e9 para componer. Me he divertido con el teclado, con sonidos, acordes diferentes a lo que yo puedo hacer. Si te acostumbras a un hilo, un camino, y te ci\u00f1es a \u00e9l, y a\u00f1o a a\u00f1o est\u00e1s pegado a \u00e9l, indefectiblemente vas a hacer siempre lo mismo, y eso ser\u00eda horrible. Para un compositor, un creador, aunque sea de m\u00fasica sencilla, como es el rock, que en el fondo es sencillo, pero que emocionalmente no es f\u00e1cil, s\u00ed que hay que soltarse, ser un poco valiente y probar nuevos instrumentos.\u00a0Es muy distinto trabajar con la idea de grupo, donde todo el mundo aporta, todo el mundo opina; es algo obligatoriamente democr\u00e1tico, y en cambio la posibilidad de un creador solitario finalmente es tus errores y tus aciertos: t\u00fa te lo guisas y t\u00fa te lo comes. No hay manera de juntar eso; es muy diferente el m\u00e9todo.<\/p>\n<p><strong>En ese papel est\u00e1s ahora. Sorprende la cantidad de m\u00fasicos -que han tocado con grandes estrellas- con los que has grabado este disco, casi 19 o 20. \u00bfCu\u00e1l ha sido la raz\u00f3n?<\/strong><br \/>\nBueno\u20ac Me voy dando caprichos de veterano. Yo he crecido amando la m\u00fasica, y como ser humano, como persona. La m\u00fasica a todos nos aporta una bondad, una luz, un brillo a la gente que somos sensibles a una nota musical, a un acorde, a una voz humana, a lo que puede dar de posible una canci\u00f3n. Me cri\u00e9 oyendo a Bowie, oyendo bandas americanas, bandas anglosajonas por todos lados, y bandas nacionales tambi\u00e9n: he sido de los que siempre he defendido a ultranza la m\u00fasica que se hac\u00eda aqu\u00ed. Creo que hay un legado muy bonito de artistas de m\u00fasicos nacionales. En ese crecimiento \u00faltimamente me he dado alg\u00fan caprichete: \u00abOye, por qu\u00e9 no llamar a este m\u00fasico, igual\u20ac El no ya lo tengo\u00bb\u20ac Y me ha salido bien. Por ejemplo, para Murcia tengo una sorpresa, para m\u00ed muy bonita, muy linda, y tiene que ver con lo que estamos hablando. Bueno, para Murcia y para 3 o 4 ciudades m\u00e1s, que son las ciudades en las que podr\u00e9 hacer este tipo de concierto diferente.<\/p>\n<p><strong>Jordi Savater, Toti Soler, Carles Benavent tambi\u00e9n han participado en el disco. No s\u00e9 exactamente cu\u00e1l era su papel. \u00bfEs un homenaje a m\u00fasicos que te precedieron en Catalu\u00f1a?<\/strong><br \/>\nS\u00ed, es mi peque\u00f1o humilde homenaje a grandes m\u00fasicos a d\u00eda de hoy, por suerte, en activo; todav\u00eda se les puede ver y escuchar grabando discos, ofreciendo su m\u00fasica\u20ac. Homenaje a veteranos, a compa\u00f1eros que, como dices t\u00fa, nos han precedido, y que tienen un legado de m\u00fasica maravillosa. Musicazos como la copa de un pino. Yo tengo mucha deuda con la m\u00fasica en Catalu\u00f1a, porque me he criado aqu\u00ed, nac\u00ed en Barcelona, y me ha influido mucho todo. Incluso m\u00fasicas que no me llevan por sus caminos o no me marcan de una manera tan para que su estilo me subyugue, pero s\u00ed que me aportan, desde las m\u00fasicas layetanas, toda la salsa catalana, la rumba catalana, el rock progresivo.. Es un movimiento general en todo el estado esos a\u00f1os 70, pero a m\u00ed me pilla aqu\u00ed, porque vivo aqu\u00ed, y me da un bandazo, me aporta much\u00edsimo, y recuerdo a esos m\u00fasicos cuando eran j\u00f3venes, que yo era aun m\u00e1s joven, y ya era m\u00fasica progresiva, subversiva, contracultural, cosas que me interesan much\u00edsimo, siempre que se entienda esa subversi\u00f3n y esa contracultura como algo para mejorar, para ejercer de terremoto e intentar derribar pilares anquilosados y cosas patosas, y de culturas que tienen pretensiones mucho m\u00e1s prosaicas y m\u00e1s peligrosas; para dar un alma a la gente, un brillo, unas ganas de libertad. Ese es mi peque\u00f1o homenaje.<\/p>\n<p><strong>Ellos tambi\u00e9n participaron en algunos de los primeros festivales en nuestro pa\u00eds, como Canet Rock, por ejemplo. Los macrofestivales que hay ahora parece que no te atraen demasiado a ti.<\/strong><br \/>\nBueno, en alguno he tocado. En la gira anterior por ejemplo, un festival en \u00c1vila, y acud\u00ed al Rock In R\u00edo de Madrid hace unos a\u00f1os\u20ac No dir\u00e9 que no quiero ir ni que no me haya encantado, pero es otra modalidad tambi\u00e9n. En mi caso, a m\u00ed que me gusta mi escenario, mis luces, mis peque\u00f1as singularidades, hacer del escenario un territorio personal al que yo invito a que acudan las personas que quieran, y les muestro un poco mi intimidad\u20ac Es un poco mi casa, \u00bfno? En un escenario ya compartido con 20, con 30 grupos m\u00e1s, hay un trasiego, un tr\u00e1fago de equipos, nervios, gente, luces, &#8216;cuidado&#8217;, &#8216;esto s\u00ed&#8217;, &#8216;esto no&#8217;, horarios\u20ac En el momento en que me llaman, alguna vez he dicho que no. Yo, si soy sincero, prefiero mis conciertos. Ir a mi aire, a mi bola, hago mi propuesta, y el que acuda, pues sea bienvenido. Ahora, entiendo tambi\u00e9n, y me parece bien, que proponer un fin de semana dos, tres d\u00edas de luz, de sol, de aire, de monta\u00f1a, con la gente acampada, ese esp\u00edritu digamos de Woodstock me parece genial. En Barcelona se hacen algunos festivales en la ciudad donde tambi\u00e9n tienen ese talante festivo, y un poco de gran misa, todo el mundo participando en algo sensacional. La importancia del m\u00fasico es puntual, pero finalmente ese encuentro de personas a disfrutar de un fin de semana&#8230; Me parece muy bien. Yo todo lo que sea que el ser humano lo pase bien, sea libre, de una manera pac\u00edfica, con m\u00fasica\u20ac Pues genial, bien, bien.<\/p>\n<p><strong><em>Geometr\u00eda del rayo<\/em>\u00a0lo dedicas de forma expresa a todos aquellos que no pueden vivir sin arte y no se quieren conformar con la cultura y el entretenimiento f\u00e1cil de nuestro tiempo; una postura vital, por otra parte, de la que t\u00fa siempre has hecho gala.<\/strong><br \/>\nSe intenta. Claro, el asunto de la cultura es muy peliagudo, porque bien llevado es magn\u00edfico, pero manipulado tambi\u00e9n puede ser adocenante, y es de todos sabido que el mundo actual tiende a buscar un adocenamiento, un amansamiento del personal. No hay nada que enerve m\u00e1s a los mandatarios del mundo que que la gente sea libre, pueda expresarse, se solace\u20ac A veces, o generalmente, hay bombardeo de ese tipo de cultura ya adiestrada, domesticada, masticada, deglutida\u20ac para que la persona ni piense ni participe, simplemente gaste, consuma, etc., etc. Y, bueno, yo creo que est\u00e1 muy bien leer a Pereda, a Azor\u00edn, P\u00e9rez Gald\u00f3s, Baroja, Pla, Montaigne, irse &#8216;patr\u00e1s&#8217;, a Calder\u00f3n, a Garcilaso\u20ac Est\u00e1 muy bien leer a los cl\u00e1sicos, y ver que el mundo no ha cambiado, que el mundo siempre ha sido igual, pero que t\u00fa puedes buscar un hueco e intentar ser libre, y arrastrar en esa libertad tuya a otros.<\/p>\n<p><strong>No s\u00e9 si podr\u00edas englobar o si englobas en esto de la cultura o el entretenimiento f\u00e1cil fen\u00f3menos como el de OT. \u00bfQu\u00e9 te parece? Lo ven millones. \u00bfEs bueno o malo para la m\u00fasica?<\/strong><br \/>\nYo preferir\u00eda programas de creaci\u00f3n donde primase la calidad de un creador, donde se juntasen personas capaces de hacer canciones que emocionen. Hacer copias me parece correcto; yo lo he hecho, he sido m\u00fasico de orquesta a\u00f1os, para m\u00e1s se\u00f1as 10 a\u00f1os de mi vida, y con toda la dignidad, intentando hacer versiones dignas, pero lo he tomado como un modelo de aprendizaje, y he cobrado por ello unas magras ganancias, muy magras, cosa que concuerda con la l\u00f3gica: no merec\u00eda m\u00e1s, porque mi tarea era muy sencilla, la creaci\u00f3n era de otro. Yo preferir\u00eda\u20ac Qu\u00e9 le vamos a hacer, si hay una propuesta de este tipo, si hay un p\u00fablico que lo acepta y lo disfruta, no puedo decir nada; si alguien disfruta algo\u20ac Ahora bien, hay otros caminos objetivamente m\u00e1s emocionantes.<\/p>\n<p><strong>Este disco tiene una cantidad considerable de medios tiempos y de baladas, un ritmo m\u00e1s reposado, podr\u00edamos decir. \u00bfA qu\u00e9 se debe?<\/strong><br \/>\nSupongo que son los biorritmos m\u00edos, jaja, el pulso se va apaciguando con los a\u00f1os. No, no significa que ahora solo guste de baladas, para nada, de hecho mi concierto actual est\u00e1 conformado de medios y altos tiempos, no medios y bajos, sino medios y arriba. A m\u00ed siempre me ha gustado lo trepidante, soy bastante rockerete y me gusta la ca\u00f1a, pero, bueno, el disco este es este disco, en el siguiente no tengo ni idea de lo que voy a hacer, porque apenas lo estoy esbozando en alg\u00fan rato que tengo. Este ha quedado as\u00ed, y me parece bien. Hay canciones como\u00a0<em>Oc\u00e9ano azul<\/em>\u00a0por ejemplo, que es una balada con un tempo as\u00ed un poquito alegre, pero finalmente balada, que me encanta tocarlo en directo;\u00a0<em>En tu voz<\/em>, esa s\u00ed que es una balada. Son canciones que me complace tocarlas, me tranquilizan, me dan un punto de paz, y, ya digo, me ha pillado ese pulso ahora. Por l\u00f3gica no voy a ir de aqu\u00ed en adelante a mil por hora, porque ni el cuerpo lo da ni la naturaleza ni la l\u00f3gica de la vida de uno, pero s\u00ed que no voy a dejar atr\u00e1s ese punto m\u00edo de rock que a m\u00ed me gusta. F\u00edjate que, a d\u00eda de hoy, yo estoy pintando, estoy dibujando\u20ac Y sigo rescatando los cl\u00e1sicos que a m\u00ed me han gustado, y sigo escuchando a Rory Gallagher. Yo lo vi en el Pabell\u00f3n de Deportes de Barcelona a\u00f1os ha, como puedes imaginar, y a\u00fan guardo ese pulso. Me gusta much\u00edsimo Zappa, la locura de Zappa, Tom Waits, me gusta el disloque, me gusta Deep Purple, sigo escuchando a Deep Purple. El<em>\u00a0Made in Japan<\/em>\u00a0lo tengo ya\u20ac De hecho hace unos meses tuve que ir a una tienda de estas de discos y pedirlo, porque ya lo ten\u00eda completamente hecho migas. Me complazco en eso, aunque luego el disco tuyo no tiene nada que ver. Yo soy yo y no tengo nada que ver ni con Purple, ni con Janis Joplin\u20ac, pero sigo oyendo esa m\u00fasica, porque hay un pulso ah\u00ed muy fuerte, muy sincero, un latido\u20ac Y eso me seduce, y me libra de esa cultura f\u00e1cil que nos bombardea en cualquier lugar.<\/p>\n<p><strong>\u00bfTienes la sensaci\u00f3n de que el rock ya no conecta tanto con la gente joven?<\/strong><br \/>\nDigamos que hay m\u00e1s se\u00f1uelos que salen de otros lugares, hay m\u00e1s entretenimiento. La cultura del ocio se ha diversificado much\u00edsimo, y hay tantas cosas para hacer mejor o peor hechas, desde los videojuegos, el archiconocido Internet, los m\u00f3viles sirven ya para todo\u20ac Menos para hacerte una paella, casi para todo lo dem\u00e1s. Entonces, claro, la gente joven est\u00e1 como m\u00e1s distra\u00edda. Luego el que tiene que entrar a otras profundidades, a otros calados, entra. Yo conozco much\u00edsima gente joven que quiere escuchar m\u00fasica m\u00e1s antigua. Tambi\u00e9n es l\u00edcito y l\u00f3gico y loable que la gente de ahora escuche m\u00fasica de ahora. Luego ellos deciden. Yo puedo ser de ahora y de repente querer bucear en Chuck Berry. Y hoy tendr\u00edas facil\u00edsimo o\u00edrte toda la obra de Chuck Berry, o\u00edrte toda la obra de Camar\u00f3n, o de Antonio Molina. Lo que t\u00fa quieras. Es f\u00e1cil, es posible. Pero ya digo, la gente joven, primero la obligaci\u00f3n que tienen, porque siempre ha sido as\u00ed, es intentar estar al d\u00eda, si no eres como un ping\u00fcino en una gasolinera. \u00ab\u00bfQu\u00e9 hace este t\u00edo de 18 a\u00f1os solo escuchando Jimmy Hendrix? \u00a1Est\u00e1s pirao!\u00bb No pasa nada, puedes escuchar lo que quieras. Estar al d\u00eda es correcto. \u00bfLas modas? Hay que pensar que las modas pasan y, si no tienes cuidado, te vas con esa moda. Agarrarse a algo de alguna manera tan moderno tambi\u00e9n es peligroso. Quiz\u00e1s lo peor es que hay demasiada oferta, demasiada distracci\u00f3n, y a veces ah\u00ed se pierde lo bueno.<\/p>\n<p><strong>Dicen que si no est\u00e1s en una red social, no existes.<\/strong><br \/>\nExistes en una playa, en tu casa, en el metro, en tu bicicleta, en una charla con tus amigos, en un bar tomando un caf\u00e9 o una cerveza, en una caminada, en hacer el camino de Santiago, en hacer la V\u00eda de la Plata o en irte a recorrer el r\u00edo Segura desde sus fuentes hasta que desemboca. La vida existe. Otra cosa es la vida en dos dimensiones, la vida tecnol\u00f3gica que han inventado unas se\u00f1ores por diversos motivos, y les ha ido muy bien con ese invento, han acertado, han hecho un pleno, pero claro que existe la vida. Yo no defiendo ning\u00fan tipo de vida, porque yo no soy nadie para adoctrinar, pero si me preguntas t\u00fa qu\u00e9 vida prefieres, yo prefiero la vida en 3 dimensiones. Claro que uso tecnolog\u00eda, para componer, para trabajar, para hablar\u20ac Ahora mismo estoy hablando contigo con un tel\u00e9fono m\u00f3vil, sencillo, no me da ninguna otra prestaci\u00f3n que la de hablar contigo. No es capaz de hacer fotos, las hace fatal, no me interesan ese tipo de fotos. \u00bfCon esto estoy haciendo una cr\u00edtica? No, simplemente te puedo explicar mi manera. Creo que tanta tecnolog\u00eda, y utilizada de una manera compulsiva, quita libertad. Quita otras posibilidades magn\u00edficas. Quita posibilidades para estar al sol, al aire libre, para re\u00edr, llorar, estar con tu gente, buscar nueva gente, pero de verdad. Ya digo, insisto, no es una cr\u00edtica, porque ser\u00eda tonto por mi parte, pero en realidad no todo el mundo gusta de ese tipo de placer. Lo respeto. \u00bfLo comparto? No, no me interesa. Absolutamente me he interesado en estos 10, 15 a\u00f1os que lleva todo este movimiento de tecnolog\u00eda, y despu\u00e9s de estos 10 o 15 a\u00f1os que no me he interesado, alguien me dir\u00e1: \u00abJoder, pero t\u00fa usas\u20ac\u00bb S\u00ed el tel\u00e9fono m\u00f3vil claro que lo uso, pero poco m\u00e1s, muy poco m\u00e1s.<\/p>\n<p><strong>Y a pesar de esa supuesta desconexi\u00f3n, que tampoco es, como t\u00fa nos contabas, del mundo real, \u00bfsabes lo que est\u00e1 pasando en Catalu\u00f1a? El ambiente est\u00e1 bastante crispado, dir\u00eda yo, pero \u00bfc\u00f3mo lo vives t\u00fa en Barcelona?<\/strong><br \/>\nBueno, estoy siempre por ah\u00ed de viaje por el mundo, jaja. Yo creo que es una cuesti\u00f3n pol\u00edtica a resolver que ha ido complic\u00e1ndose por un no hacer y un mal hacer pol\u00edtico. Yo creo que una cuesti\u00f3n es la gente de la calle, y otra cosa es inmiscuir a la gente de la calle, a la ciudadan\u00eda, a lo civil, porque no se ha sabido arreglar, o no se ha querido, o una mezcla de todo, me da igual. Creo que la crispaci\u00f3n la deber\u00edan ir arreglando, apaciguando los pol\u00edticos. Y a ellos los veo poco crispados, aunque aparenten a veces en sus m\u00edtines, y en sus charlas y en sus encuentros con la gente una vehemencia y un histrionismo\u20ac En el fondo creo que les va la marcha, que a r\u00edo revuelto\u20ac Es un problema pol\u00edtico que tendr\u00e1n que arreglar pol\u00edticamente, y no tengo mucho m\u00e1s que decir.<\/p>\n<p><strong>\u00bfY qu\u00e9 sientes cuando, seg\u00fan he le\u00eddo por ah\u00ed, te han llamado facha como a Serrat?<\/strong><br \/>\nMe apena porque a Serrat todo el mundo le tenemos un cari\u00f1o por las alegr\u00edas que nos ha dado, por c\u00f3mo ha desarrollado su carrera art\u00edstica. La magn\u00edfica cantidad de canciones que ha hecho es un legado suyo a todo un pa\u00eds; el lugar de honor en el que ha puesto tambi\u00e9n con sus m\u00fasicas a Miguel Hern\u00e1ndez, a Machado\u20ac A una persona que hace todo eso, tacharle de facha es imperdonable. Es un hombre dign\u00edsimo, intachable en su propuesta art\u00edstica. En lo personal nunca ha ocultado sus ideas pol\u00edticas\u20ac Todo respetable. Jam\u00e1s se ha metido con nadie\u20ac Yo creo que es un insulto que no se merece y que hay que limpiar. Aparte es un gran autor, ha dado much\u00edsimas alegr\u00edas a los aficionados a la m\u00fasica de todo el pa\u00eds.<\/p>\n<p><strong>En\u00a0<em>La gran regla de la sabidur\u00eda<\/em>\u00a0clamas que es un craso error que nuestro planeta sea \u00abel reino del colesterol o perezca de inanici\u00f3n\u00bb. \u00bfHay motivos para creer que puede haber soluci\u00f3n? \u00bfSigue funcionando el rock todav\u00eda como altavoz para este tipo de reivindicaciones?<\/strong><br \/>\nDespu\u00e9s de las d\u00e9cadas bastantes que el rock como herramienta combativa lleva funcionando, vistos los resultados, creo que no. S\u00ed que cambia conciencias\u20ac No cambia, sino a\u00f1ade nuevos pensamientos, nuevas reflexiones a las conciencias, y puede ser bander\u00edn de enganche para ciertas personas que sean proclives a intentar un posicionamiento mejor, m\u00e1s razonable, del ser humano en el planeta, m\u00e1s respetuoso con el entorno, con el resto de seres humanos. La m\u00fasica no va a hacer que eso cambie. Si leemos a los fil\u00f3sofos de la antigua Grecia, las culturas antiguas, sabemos que las pasiones humanas son invariables, que la humanidad es un camino bastante complicado, y que adem\u00e1s se acelera, como esas m\u00e1quinas de juego en que los veh\u00edculos cada vez corren m\u00e1s\u20ac Esta es una deriva bastante peligrosa. El cambio clim\u00e1tico, el tema medioambiental, es un tema que a todas luces ya ha entrado en nuestras vidas, ya est\u00e1 funcionando, ya no es una cuesti\u00f3n de \u00abno, no, el primo del se\u00f1or Rajoy, que es meteor\u00f3logo, dice que no pasa nada\u20ac\u00bb A m\u00ed, lo que diga el primo del se\u00f1or Rajoy, con todo respeto, no me parece correcto. Yo escucho a cientos, miles de cient\u00edficos de todo el orbe que est\u00e1n alertando una y otra vez sobre el peligro de nuestra deriva, de hacia d\u00f3nde vamos y a la velocidad que vamos. Ese es el problema, esa es la madre de todas las batallas. Los nacionalismos, el hambre en el mundo, todo eso, cualquier problema de violencia se va a acrecentar. Lo de ahora podr\u00eda quedar en agua de borrajas, cosa que ser\u00eda monstruosa, porque si ahora ya es monstruoso que el planeta est\u00e9 como est\u00e1\u20ac Por un lado gente en la opulencia y quej\u00e1ndose de tonter\u00edas, por otro gente muri\u00e9ndose de hambre. Si eso a\u00fan no se ha cambiado en el siglo 21, si eso se acrecentara, tenemos la debacle. Eso preocupa. \u00bfEl m\u00fasico puede cambiar eso? Por Dios que no. Ojal\u00e1. Podemos cantar, intentar alegrar la vida a los dem\u00e1s\u20ac No quiero pensar que somos los m\u00fasicos del Titanic, que la m\u00fasica actual somos la banda del Titanic que, mientras todo se hunde, seguimos en nuestro puesto dignamente aguantando el chaparr\u00f3n y haciendo que el final sea un poquito m\u00e1s l\u00edrico. No quiero pensar en eso.<\/p>\n<p><strong>En todo caso, tus discos, los de tus etapas en los Burros y en los R\u00e1pidos, los de tu etapa en solitario y los de El \u00daltimo de la Fila, siguen desprendiendo optimismo y esperanza.<\/strong><br \/>\nClaro, no nos queda otra. Es la obligaci\u00f3n del ser humano. Pobre de m\u00ed. Yo siempre digo -yo soy esc\u00e9ptico- que el escepticismo es importante. Un punto de humor es importante. A veces dos puntos de humor, de iron\u00eda, de sano humor, pero luego tambi\u00e9n hay que ser efectivo en el d\u00eda a d\u00eda, participar, intentar mejorar esto, descamisarse y meter las manos en el barro, mirar por las generaciones venideras. No hay que ser tan ego\u00edsta como son much\u00edsimos pol\u00edticos, que act\u00faan como si no hubiese un ma\u00f1ana, como si ellos no tuviesen hijos, nietos a los que se les va a dejar un legado serio por lo problem\u00e1tico. Cualquier persona que tenga descendencia a d\u00eda de hoy, no entiendo c\u00f3mo no se tira a la calle ya a intentar cambiar el curso de los acontecimientos para bien. No hablo de violencia, de revuelta, de revoluciones, no hablo de eso. Hablo de esa manera callada, pero sincera, pero eficaz, de plantar cara al pol\u00edtico y decir: \u00abSe\u00f1ores, \u00b4A, B, C\u00b4. \u00bfNo se dan ustedes cuenta de que esto, esto y esto es as\u00ed?\u00bb Y que el pol\u00edtico tenga que hundir la cerviz y decir: \u00abTienen ustedes raz\u00f3n\u00bb, aunque solo sea ya porque no le queda m\u00e1s, porque la cantidad num\u00e9rica de las personas que le acometen en el sentido de mejorar cosas para todos, para el planeta, sea ya enorme, tan buenamente monstruosa que diga: \u00abS\u00ed, s\u00ed, tienen ustedes raz\u00f3n. No me lo creo, o me da igual, pero lo vamos a intentar\u00bb.<\/p>\n<p><strong>30 a\u00f1os de carrera. \u00bfQu\u00e9 da m\u00e1s v\u00e9rtigo? \u00bfMirar atr\u00e1s o hacia delante?<\/strong><br \/>\nNo hago ejercicios de musculatura del cuello, jaja. Intento ni mirar &#8216;patr\u00e1s&#8217; ni mirar &#8216;palante&#8217;, yo estoy aqu\u00ed hoy, y ahora mismo me pone en el suelo, me aploma, me deja de pies en tierra. Al mirar atr\u00e1s pierdes un poquito el equilibrio; y adelante quiz\u00e1s tambi\u00e9n. Yo estoy en mis canciones de ahora, en mi gira de ahora, y quiz\u00e1 tengo ya ideas de lo que pretendo hacer en unos meses, pero no mucho m\u00e1s, porque tambi\u00e9n creo que ser\u00eda un error. Si mirase atr\u00e1s y fuese una persona a\u00f1oradiza, me har\u00eda viejo, y no soy viejo, soy vital. Mirar atr\u00e1s desde ese punto de tristeza (\u00abqu\u00e9 bueno aquello\u00bb, \u00abestuvo muy bien\u00bb, \u00abqu\u00e9 buen disco aquel\u00bb, \u00abqu\u00e9 buena gira aquella\u00bb)\u20ac No tengo ning\u00fan inter\u00e9s. Aquella gira la disfrut\u00e9, aquel disco lo disfrut\u00e9, pero ya no existen. Para quien quiera escuchar esas canciones, o quiera ver unas im\u00e1genes\u20ac, pero yo no estoy en ese momento, mi punto vital es ahora. No tengo v\u00e9rtigo porque no giro el cuello en ninguna direcci\u00f3n.<\/p>\n<p><strong>Precisamente este a\u00f1o se cumplen 20 de tu carrera en solitario; no s\u00e9 si habr\u00e1s hecho un balance. En todo caso, \u00bfqu\u00e9 te estimula una vez que te subes al escenario?<\/strong><br \/>\nEl rato que paso cantando, veo feliz a la gente que acude, veo feliz a mi banda, me veo feliz a m\u00ed, y eso me estimula, que ya es un logro. Es un logro subir a un escenario, a unas tablas. Hay unos focos, unas luces, un equipo de sonido, y se detiene el tiempo. Esa capacidad que tenemos misteriosa\u20ac No es para ponerte medallas, t\u00fa no eres due\u00f1o de la situaci\u00f3n. Yo salgo all\u00ed con mis pantalones tejanos, con mis zapatillas, digo &#8216;buenas noches&#8217; y de repente aparece la felicidad. Ya somos felices. Y cuando acaba el concierto, siempre, indefectiblemente, pienso: \u00ab\u00bfYa se ha acabado? \u00a1Jolines, no me he dado ni cuenta, c\u00f3mo han pasado las canciones!\u00bb. Pues eso, cantar, y ver cantar a la gente en este mundo de la cacofon\u00eda general, donde el disloque general, el estruendo general, a veces te perturba. Pues yo, escuchar a 1.000, 3.000, 8.000, 15.000 personas cantando una canci\u00f3n, adem\u00e1s m\u00eda, pienso: \u00ab\u00a1Guau, qu\u00e9 divertido!\u00bb. Eso me lleva a seguir cantando.<\/p>\n<p><strong>\u00bfNunca es tarde para empezar de cero, Manolo?<\/strong><br \/>\nNunca es tarde. Mira la noticia bonita del otro d\u00eda sobre esas universidades para gente mayor, que cada vez tienen m\u00e1s matriculaci\u00f3n; personas de 68, 70, 74, hasta gente de 80 a\u00f1os matricul\u00e1ndose. Nunca es tarde para ilusionarse hasta el \u00faltimo momento, hasta el \u00faltimo aliento. Si eres capaz de vivir una ilusi\u00f3n, habr\u00e1s vivido. Cada instante que vivimos con ilusi\u00f3n, con ese brillo, con esa poes\u00eda de la vida, suma, estamos vivos, y cada momento gris resta, y cada instante, cada segundo, cada minuto, cada d\u00eda que perdemos y decimos: \u00ab\u00a1Uf, qu\u00e9 mal d\u00eda!\u00bb, ese d\u00eda no lo has vivido, lo has &#8216;no vivido&#8217;, y es una pena, no tenemos tantos.<\/p>\n<p>Fuente: Opinion de Murcia &#8211; Angel H Sopena &#8211; <a href=\"https:\/\/www.laopiniondemurcia.es\/descubre-fds\/2018\/10\/05\/manolo-garcia-creador-solitario-errores\/960293.html\" target=\"_blank\" rel=\"noopener\">ENLACE<\/a><\/p>\n","protected":false},"excerpt":{"rendered":"<p>El m\u00fasico act\u00faa este s\u00e1bado en Murcia con &#8216;Geometr\u00eda del rayo&#8217;, dedicado a todos aquellos que no pueden vivir sin arte Despu\u00e9s de agotar entradas en la gira por teatros y auditorios con la que recorri\u00f3 gran parte de Espa\u00f1a la pasada primavera, Manolo Garc\u00eda volvi\u00f3 a los escenarios para ofrecer nueve \u00fanicos conciertos en<a class=\"moretag\" href=\"https:\/\/www.manologarciaycia.com\/?p=18251\" title=\"Manolo Garc\u00eda: \u00abSi eres capaz de vivir una ilusi\u00f3n, habr\u00e1s vivido\u00bb\" target=\"_self\" rel=\"follow\"> <font face=arial size=2>[Leer m\u00e1s]<\/font> <\/a><\/p>\n","protected":false},"author":2,"featured_media":0,"comment_status":"closed","ping_status":"closed","sticky":false,"template":"","format":"standard","meta":{"footnotes":""},"categories":[1],"tags":[],"class_list":["post-18251","post","type-post","status-publish","format-standard","hentry","category-manolo-garcia"],"_links":{"self":[{"href":"https:\/\/www.manologarciaycia.com\/index.php?rest_route=\/wp\/v2\/posts\/18251","targetHints":{"allow":["GET"]}}],"collection":[{"href":"https:\/\/www.manologarciaycia.com\/index.php?rest_route=\/wp\/v2\/posts"}],"about":[{"href":"https:\/\/www.manologarciaycia.com\/index.php?rest_route=\/wp\/v2\/types\/post"}],"author":[{"embeddable":true,"href":"https:\/\/www.manologarciaycia.com\/index.php?rest_route=\/wp\/v2\/users\/2"}],"replies":[{"embeddable":true,"href":"https:\/\/www.manologarciaycia.com\/index.php?rest_route=%2Fwp%2Fv2%2Fcomments&post=18251"}],"version-history":[{"count":1,"href":"https:\/\/www.manologarciaycia.com\/index.php?rest_route=\/wp\/v2\/posts\/18251\/revisions"}],"predecessor-version":[{"id":18252,"href":"https:\/\/www.manologarciaycia.com\/index.php?rest_route=\/wp\/v2\/posts\/18251\/revisions\/18252"}],"wp:attachment":[{"href":"https:\/\/www.manologarciaycia.com\/index.php?rest_route=%2Fwp%2Fv2%2Fmedia&parent=18251"}],"wp:term":[{"taxonomy":"category","embeddable":true,"href":"https:\/\/www.manologarciaycia.com\/index.php?rest_route=%2Fwp%2Fv2%2Fcategories&post=18251"},{"taxonomy":"post_tag","embeddable":true,"href":"https:\/\/www.manologarciaycia.com\/index.php?rest_route=%2Fwp%2Fv2%2Ftags&post=18251"}],"curies":[{"name":"wp","href":"https:\/\/api.w.org\/{rel}","templated":true}]}}