{"id":18249,"date":"2018-10-05T07:20:59","date_gmt":"2018-10-05T05:20:59","guid":{"rendered":"https:\/\/www.manologarciaycia.com\/?p=18249"},"modified":"2018-10-05T07:20:59","modified_gmt":"2018-10-05T05:20:59","slug":"manolo-garcia-no-veo-gente-feliz-en-la-calle","status":"publish","type":"post","link":"https:\/\/www.manologarciaycia.com\/?p=18249","title":{"rendered":"Manolo Garc\u00eda: \u00abNo veo gente feliz en la calle\u00bb"},"content":{"rendered":"<div class=\"\" data-block=\"true\" data-editor=\"b6ar7\" data-offset-key=\"f8qfl-0-0\"><\/div>\n<div class=\"_1mf _1mj\" data-offset-key=\"ekdu7-0-0\">\n<h2>El artista presenta en Murcia el pr\u00f3ximo s\u00e1bado su \u00faltimo disco, &#8216;Geometr\u00eda del rayo&#8217;<\/h2>\n<p>\u00abLos anhelos -plantea un filos\u00f3fico Manolo Garc\u00eda (Barcelona, 1955)- son cada vez menos, pero m\u00e1s intensos\u00bb. Y entre ellos emerge uno, quiz\u00e1 el m\u00e1s importante: \u00abAnhelo intensamente ser feliz\u00bb. El cantante catal\u00e1n presenta el pr\u00f3ximo s\u00e1bado en la plaza de toros de Murcia su disco &#8216;Geometr\u00eda del rayo&#8217;, un \u00e1lbum que ha cocinado en busca de paz, de tranquilidad y buenas sensaciones. \u00abEs un misterio por qu\u00e9 somos la especie m\u00e1s depredadora\u00bb, lanza al aire.<\/p>\n<h3>-&#8216;Geometr\u00eda del rayo&#8217; est\u00e1 dedicado a todos aquellos que no pueden vivir sin arte. \u00bfQu\u00e9 engloba para usted esta palabra?<\/h3>\n<p>-El arte es cualquier cosa que, realizada por un ser humano, da emoci\u00f3n a los dem\u00e1s. Tambi\u00e9n es arte una monta\u00f1a nevada y un paisaje, pero sobre todo, la acci\u00f3n que surge de la necesidad del ser humano de sentir emoci\u00f3n.<\/p>\n<div class=\"voc-detail-summary\">\n<p>\u00abEs un misterio por qu\u00e9 somos la especie m\u00e1s depredadora. Yo me vuelco en el arte, me vuelco en mis ganas de crear, en mi peque\u00f1o mundo de libertad\u00bb, asegura el cantante<\/p>\n<\/div>\n<h3>-\u00bfQu\u00e9 busca en este disco?<\/h3>\n<p>-Lo de siempre pero un poco m\u00e1s. Los anhelos son cada vez menos, pero m\u00e1s intensos. Anhelo intensamente ser feliz, dentro de mi concepto de felicidad, porque luego cada cual tiene el suyo. Para m\u00ed es estar a gusto, estar bien, compartir cosas con los dem\u00e1s, tener buenas sensaciones; busco llenar mis d\u00edas con sensaciones agradables que me transmitan paz y tranquilidad.<\/p>\n<h3>\u00abEscombro y suciedad\u00bb<\/h3>\n<h3>-\u00bfEsas sensaciones las encuentra en la m\u00fasica?<\/h3>\n<p>-S\u00ed, absolutamente. No puedo vivir sin m\u00fasica, sin arte; la sociedad en la que vivo en ciertas cosas me decepciona. Viajo, por ejemplo, en tren de una ciudad a otra, y es posible que en esta ciudad haya habido una gran reforma arquitect\u00f3nica para una exposici\u00f3n universal u otra cosa, pero lo que veo desde la ventanilla mientras viajo es tambi\u00e9n escombro y suciedad, y pienso: &#8216;Dios m\u00edo, \u00bfqu\u00e9 estamos haciendo?&#8217;. Necesito el arte para que mi vida tenga sentido. Te cuestionas qu\u00e9 haces en medio del desastre e intentas que el desastre sea menor. En nuestro mundo occidental tenemos la suerte de gozar del arte, pero imagino que hasta en los pa\u00edses m\u00e1s pobres, ante las mayores penalidades, alguien busca la luz pintando piedras o haciendo esculturas en madera; busca una espiritualidad en todo eso.<\/p>\n<h3>-La misma sociedad que crea el arte es tambi\u00e9n la responsable del desastre.<\/h3>\n<p>-Nuestro paso por el planeta desde los inicios ha conllevado la alteraci\u00f3n de los recursos y de la realidad de lo que nos rodea, desde las Cuevas de Altamira, con esas pinturas. El ser humano, por donde pasa, deja huella, y hace un gasto exacerbado de los recursos: gasta y rompe m\u00e1s lo que necesita romper. Es un misterio por qu\u00e9 somos la especie m\u00e1s depredadora. Yo me vuelco en el arte, me vuelco en mis ganas de crear, en mi peque\u00f1o mundo de libertad.<\/p>\n<h3>\u00abNo vivimos el momento\u00bb<\/h3>\n<h3>-\u00bfPara qu\u00e9 nunca es tarde?<\/h3>\n<p>-Nunca es tarde para empezar de nuevo, para ser feliz, para ser curioso, para disfrutar de cada d\u00eda, por adversas que sean las circunstancias. Nunca es tarde para volver a empezar. Es la obligaci\u00f3n del ser vivo: vivir.<\/p>\n<h3>-\u00bfSe olvida demasiado?<\/h3>\n<p>-S\u00ed, por supuesto; constantemente. Vivimos en la trampa del estr\u00e9s, de la prisa, del ya y del ahora, y tenemos la mente muy lejos. No vivimos el momento, estamos pensando en lo que vamos a hacer dentro de dos meses&#8230; A este mundo no venimos solo a trabajar o a producir, venimos a respirar, a ba\u00f1arnos en el mar, a descansar, a dormir despu\u00e9s de la comida, a no querer acumular m\u00e1s de lo que necesitamos, y, sin embargo, estamos inmersos en un viaje trepidante y agotador, en el que nadie tiene la certidumbre de nada. Todo puede terminar en el siguiente instante, y pobre de ti si no has vivido, si no has dicho las veces que ten\u00edas que decir &#8216;te quiero&#8217; a una persona, o si no has tomado las cervezas que ten\u00edas que tomar con tus amigos, porque, a lo mejor, ma\u00f1ana no puedes hacerlo. Vivimos en una sociedad que posterga la felicidad a agosto o a la Navidad: &#8216;Luego, cuando llegue Navidad, ya iremos, ya nos veremos&#8217;. \u00bfC\u00f3mo? Yo quiero vivir un rato cada d\u00eda, por eso no estoy constantemente de gira, ni grabando discos. Yo no quiero estar continuamente en la cresta de la ola, quiero cultivar otras pasiones que tengo y que me pacifican, me tranquilizan y le dan sentido a mi vida.<\/p>\n<h3>-\u00bfEsa visi\u00f3n de vida se adquiere con los a\u00f1os?<\/h3>\n<p>-Bueno, mal vamos si no lo aprendemos. Es l\u00f3gico que una persona joven tenga un reloj biol\u00f3gico trepidante, pero a partir de cierto momento te das cuenta de que la faena no es comerse el mundo, sino intentar que el mundo no te coma a ti. Es san\u00edsimo no hacer nada. Socialmente la escalera est\u00e1 puesta de una manera que, cuidado si no ahorras, o si no piensas en el ma\u00f1ana. Lamentablemente, est\u00e1 muy mal organizado. Esta tribu nuestra es muy grande, somos millones de personas ante un mundo neoliberal y furibundo que te machaca y no deja vivir a nadie. Hay miles de injusticias, como que los bancos hagan negocio con tu dinero sin compartirlo contigo o que no haya un arbitraje de la carest\u00eda de la vida. Y esto hace que todo el mundo sea esclavo. No veo por la calle gente feliz, sonriendo; veo a la gente seria, estresada, todo el mundo diciendo &#8216;uf, uf, qu\u00e9 dif\u00edcil&#8217;&#8230; Algo hacemos mal.<\/p>\n<h3>-Ese sistema no parece que vaya a cambiar.<\/h3>\n<p>-El sistema &#8216;per se&#8217; no va a cambiar. El cuerpo pol\u00edtico, en general, est\u00e1 aliado con los grandes holdings, y no con el pueblo, y as\u00ed vamos. Si no nos concienciamos de que debe de haber un cambio, no lo va a haber.<\/p>\n<h3>-Canta en &#8216;Oc\u00e9ano azul&#8217;: \u00abLlegar\u00e9 al oc\u00e9ano azul, soy un hombre nuevo\u00bb. \u00bfSigue reinvent\u00e1ndose?<\/h3>\n<p>-\u00a1Claro! Pobre de m\u00ed si no me reinvento. En lo musical y en lo personal. Intento mejorar, pacificar mi esp\u00edritu y estar lo mejor posible en este mundo. Aunque no me gustan mucho los aviones, soy capaz de cogerlos para viajar a estudios donde creo que puedo sacar un sonido diferente; me muevo para trabajar con m\u00fasicos que no conozco pero en los que voy a confiar&#8230; Eso es reinventarse, esforzarse en dar algo nuevo, en que la ilusi\u00f3n no decaiga, y yo estoy ilusionado siempre. Soy una persona muy luminosa, mi tendencia es a la alegr\u00eda, aunque luego en las fotos salga serio, pero me gusta la parte humor\u00edstica de la vida; vivir es una broma buena de la vida.<\/p>\n<h3>-En Murcia act\u00faa el s\u00e1bado, \u00bfqu\u00e9 espera de su concierto?<\/h3>\n<p>-Estar\u00e9 contento si tengo la misma acogida que he tenido en mis anteriores visitas. Que tengamos todos ganas de vernos y de cantar.<\/p>\n<\/div>\n<h4>Toma nota<\/h4>\n<dl>\n<dt>Qu\u00e9 &#8211; Concierto de Manolo Garc\u00eda.<\/dt>\n<dt>D\u00f3nde y cu\u00e1ndo &#8211; Plaza de toros de Murcia, el s\u00e1bado, a partir de las 21.30 horas.<\/dt>\n<dt>Entradas &#8211; desde 36,30 euros.<\/dt>\n<\/dl>\n<div class=\"\" data-block=\"true\" data-editor=\"b6ar7\" data-offset-key=\"fad9o-0-0\">\n<div class=\"_1mf _1mj\" data-offset-key=\"fad9o-0-0\"><span data-offset-key=\"fad9o-0-0\">Fuente: La Verdad Murcia &#8211; Rosa Martinez &#8211;\u00a0<a href=\"https:\/\/www.laverdad.es\/culturas\/musica\/gente-feliz-calle-20181002011715-ntvo.html\" target=\"_blank\" rel=\"noopener\">ENLACE<\/a><\/span><\/div>\n<\/div>\n<div class=\"\" data-block=\"true\" data-editor=\"b6ar7\" data-offset-key=\"77u67-0-0\">\n<div class=\"_1mf _1mj\" data-offset-key=\"77u67-0-0\"><span data-offset-key=\"77u67-0-0\">\u00a0<\/span><\/div>\n<\/div>\n<div class=\"\" data-block=\"true\" data-editor=\"b6ar7\" data-offset-key=\"e8fh9-0-0\">\n<div class=\"_1mf _1mj\" data-offset-key=\"e8fh9-0-0\"><span class=\"_5zk7\" spellcheck=\"false\" data-offset-key=\"e8fh9-0-0\"><span data-offset-key=\"e8fh9-0-0\">#ManoloGarc\u00eda<\/span><\/span> <span class=\"_5zk7\" spellcheck=\"false\" data-offset-key=\"e8fh9-2-0\"><span data-offset-key=\"e8fh9-2-0\">#Gira2018<\/span><\/span> <span class=\"_5zk7\" spellcheck=\"false\" data-offset-key=\"e8fh9-4-0\"><span data-offset-key=\"e8fh9-4-0\">#Geometr\u00edadelRayo<\/span><\/span> <span class=\"_5zk7\" spellcheck=\"false\" data-offset-key=\"e8fh9-6-0\"><span data-offset-key=\"e8fh9-6-0\">#Murcia<\/span><\/span><\/div>\n<\/div>\n","protected":false},"excerpt":{"rendered":"<p>El artista presenta en Murcia el pr\u00f3ximo s\u00e1bado su \u00faltimo disco, &#8216;Geometr\u00eda del rayo&#8217; \u00abLos anhelos -plantea un filos\u00f3fico Manolo Garc\u00eda (Barcelona, 1955)- son cada vez menos, pero m\u00e1s intensos\u00bb. Y entre ellos emerge uno, quiz\u00e1 el m\u00e1s importante: \u00abAnhelo intensamente ser feliz\u00bb. El cantante catal\u00e1n presenta el pr\u00f3ximo s\u00e1bado en la plaza de toros<a class=\"moretag\" href=\"https:\/\/www.manologarciaycia.com\/?p=18249\" title=\"Manolo Garc\u00eda: \u00abNo veo gente feliz en la calle\u00bb\" target=\"_self\" rel=\"follow\"> <font face=arial size=2>[Leer m\u00e1s]<\/font> <\/a><\/p>\n","protected":false},"author":2,"featured_media":0,"comment_status":"closed","ping_status":"closed","sticky":false,"template":"","format":"standard","meta":{"footnotes":""},"categories":[1],"tags":[],"class_list":["post-18249","post","type-post","status-publish","format-standard","hentry","category-manolo-garcia"],"_links":{"self":[{"href":"https:\/\/www.manologarciaycia.com\/index.php?rest_route=\/wp\/v2\/posts\/18249","targetHints":{"allow":["GET"]}}],"collection":[{"href":"https:\/\/www.manologarciaycia.com\/index.php?rest_route=\/wp\/v2\/posts"}],"about":[{"href":"https:\/\/www.manologarciaycia.com\/index.php?rest_route=\/wp\/v2\/types\/post"}],"author":[{"embeddable":true,"href":"https:\/\/www.manologarciaycia.com\/index.php?rest_route=\/wp\/v2\/users\/2"}],"replies":[{"embeddable":true,"href":"https:\/\/www.manologarciaycia.com\/index.php?rest_route=%2Fwp%2Fv2%2Fcomments&post=18249"}],"version-history":[{"count":1,"href":"https:\/\/www.manologarciaycia.com\/index.php?rest_route=\/wp\/v2\/posts\/18249\/revisions"}],"predecessor-version":[{"id":18250,"href":"https:\/\/www.manologarciaycia.com\/index.php?rest_route=\/wp\/v2\/posts\/18249\/revisions\/18250"}],"wp:attachment":[{"href":"https:\/\/www.manologarciaycia.com\/index.php?rest_route=%2Fwp%2Fv2%2Fmedia&parent=18249"}],"wp:term":[{"taxonomy":"category","embeddable":true,"href":"https:\/\/www.manologarciaycia.com\/index.php?rest_route=%2Fwp%2Fv2%2Fcategories&post=18249"},{"taxonomy":"post_tag","embeddable":true,"href":"https:\/\/www.manologarciaycia.com\/index.php?rest_route=%2Fwp%2Fv2%2Ftags&post=18249"}],"curies":[{"name":"wp","href":"https:\/\/api.w.org\/{rel}","templated":true}]}}