{"id":18246,"date":"2018-10-04T14:16:07","date_gmt":"2018-10-04T12:16:07","guid":{"rendered":"https:\/\/www.manologarciaycia.com\/?p=18246"},"modified":"2018-10-04T14:16:07","modified_gmt":"2018-10-04T12:16:07","slug":"el-petits-camaleons-vuelve-a-sant-cugat-con-dos-dias-de-conciertos-para-los-mas-pequenos","status":"publish","type":"post","link":"https:\/\/www.manologarciaycia.com\/?p=18246","title":{"rendered":"El Petits Camaleons vuelve a Sant Cugat con dos d\u00edas de conciertos para los m\u00e1s peque\u00f1os"},"content":{"rendered":"<h2 class=\"story-leaf-subtitle-item col-md-10\">El certamen, que se celebra este fin de semana, espera consolidar a los 7.000 asistentes de la \u00faltima edici\u00f3n<\/h2>\n<p><b>Sant Cugat del Vall\u00e8s\u00a0<\/b>vuelve a acoger este fin de semana la s\u00e9ptima edici\u00f3n del<b>\u00a0festival Petits Camaleon<\/b>s. Vol\u00famenes adecuados, horario diurno, conciertos cortos y un cartel de artistas equiparable al de otros festivales son las claves de una cita que ha ido creciendo y que el a\u00f1o pasado recibi\u00f3 a 7.000 asistentes.<\/p>\n<p>Este a\u00f1o Jarabe de Palo, Els Catarres, Ramon Mirabet, Quimi Portet, Obeses, Xiula y El Petit de Cal Eril son los nombres m\u00e1s destacados de la treintena de artistas participantes. Con nueve escenarios ubicados en el Teatre Auditori de Sant Cugat y su entorno inmediato, ahora el festival incorpora espect\u00e1culos de marionetas musicales y una muestra de la cultura popular de la ciudad, con gegants, bastoners y capgrossos.<\/p>\n<p>Fuente: La Vanguardia &#8211; <a href=\"https:\/\/www.lavanguardia.com\/local\/sabadell\/20181003\/452160016008\/petits-camaleons-sant-cugat.html\" target=\"_blank\" rel=\"noopener\">ENLACE<\/a><\/p>\n","protected":false},"excerpt":{"rendered":"<p>El certamen, que se celebra este fin de semana, espera consolidar a los 7.000 asistentes de la \u00faltima edici\u00f3n Sant Cugat del Vall\u00e8s\u00a0vuelve a acoger este fin de semana la s\u00e9ptima edici\u00f3n del\u00a0festival Petits Camaleons. Vol\u00famenes adecuados, horario diurno, conciertos cortos y un cartel de artistas equiparable al de otros festivales son las claves de<a class=\"moretag\" href=\"https:\/\/www.manologarciaycia.com\/?p=18246\" title=\"El Petits Camaleons vuelve a Sant Cugat con dos d\u00edas de conciertos para los m\u00e1s peque\u00f1os\" target=\"_self\" rel=\"follow\"> <font face=arial size=2>[Leer m\u00e1s]<\/font> <\/a><\/p>\n","protected":false},"author":2,"featured_media":18247,"comment_status":"closed","ping_status":"closed","sticky":false,"template":"","format":"standard","meta":{"footnotes":""},"categories":[1],"tags":[],"class_list":["post-18246","post","type-post","status-publish","format-standard","has-post-thumbnail","hentry","category-manolo-garcia"],"_links":{"self":[{"href":"https:\/\/www.manologarciaycia.com\/index.php?rest_route=\/wp\/v2\/posts\/18246","targetHints":{"allow":["GET"]}}],"collection":[{"href":"https:\/\/www.manologarciaycia.com\/index.php?rest_route=\/wp\/v2\/posts"}],"about":[{"href":"https:\/\/www.manologarciaycia.com\/index.php?rest_route=\/wp\/v2\/types\/post"}],"author":[{"embeddable":true,"href":"https:\/\/www.manologarciaycia.com\/index.php?rest_route=\/wp\/v2\/users\/2"}],"replies":[{"embeddable":true,"href":"https:\/\/www.manologarciaycia.com\/index.php?rest_route=%2Fwp%2Fv2%2Fcomments&post=18246"}],"version-history":[{"count":1,"href":"https:\/\/www.manologarciaycia.com\/index.php?rest_route=\/wp\/v2\/posts\/18246\/revisions"}],"predecessor-version":[{"id":18248,"href":"https:\/\/www.manologarciaycia.com\/index.php?rest_route=\/wp\/v2\/posts\/18246\/revisions\/18248"}],"wp:featuredmedia":[{"embeddable":true,"href":"https:\/\/www.manologarciaycia.com\/index.php?rest_route=\/wp\/v2\/media\/18247"}],"wp:attachment":[{"href":"https:\/\/www.manologarciaycia.com\/index.php?rest_route=%2Fwp%2Fv2%2Fmedia&parent=18246"}],"wp:term":[{"taxonomy":"category","embeddable":true,"href":"https:\/\/www.manologarciaycia.com\/index.php?rest_route=%2Fwp%2Fv2%2Fcategories&post=18246"},{"taxonomy":"post_tag","embeddable":true,"href":"https:\/\/www.manologarciaycia.com\/index.php?rest_route=%2Fwp%2Fv2%2Ftags&post=18246"}],"curies":[{"name":"wp","href":"https:\/\/api.w.org\/{rel}","templated":true}]}}