{"id":18237,"date":"2018-10-03T12:27:13","date_gmt":"2018-10-03T10:27:13","guid":{"rendered":"https:\/\/www.manologarciaycia.com\/?p=18237"},"modified":"2018-10-03T12:32:23","modified_gmt":"2018-10-03T10:32:23","slug":"v","status":"publish","type":"post","link":"https:\/\/www.manologarciaycia.com\/?p=18237","title":{"rendered":"Manolo Garc\u00eda cerraba el &#8216;Stone&#038;Music Festival&#8217; el pasado fin de semana (V\u00eddeo Entrevista Cadena Ser)"},"content":{"rendered":"<h2>Las entradas estaban agotadas desde el pasado mes de diciembre. El artista catal\u00e1n estuvo tres horas sobre el escenario<\/h2>\n<p><a href=\"https:\/\/www.facebook.com\/CadenaSerMerida\/videos\/345227062886687\/\">https:\/\/www.facebook.com\/CadenaSerMerida\/videos\/345227062886687\/<\/a><\/p>\n<p><strong>El concierto de Manolo Garc\u00eda en un Teatro Romano de M\u00e9rida con 3.000 espectadores pon\u00eda el pasado s\u00e1bado el \u00abbroche de oro\u00bb al &#8216;Stone&amp;Music Festival&#8217;.<\/strong><\/p>\n<div id=\"cadenaser_gpt-INTEXT\" data-google-query-id=\"CJOk7oaH6t0CFQVxGwodj6YJ2A\">\n<div id=\"google_ads_iframe_\/7811748\/cadenaser_web\/emisora\/ser_merida\/intext_0__container__\">Con entradas agotadas desde el pasado mes de diciembre durante tres horas de actuaci\u00f3n, el catal\u00e1n se subi\u00f3 al escenario pasadas las diez y media de la noche y empez\u00f3 la fiesta con\u00a0<strong>un primer repaso a grandes \u00e9xitos de siempre: &#8216;Malva&#8217;, &#8216;Alma de papel&#8217;, &#8216;Nunca el Tiempo es perdido&#8217;, &#8216;Pan de Oro&#8217;&#8230;<\/strong><\/div>\n<\/div>\n<p>Fue un comienzo \u00abnost\u00e1lgico, lleno de energ\u00eda, inspiraci\u00f3n, ilusi\u00f3n y arte, mucho arte\u00bb, se\u00f1ala en nota de prensa el &#8216;Stone&amp;Music Festival&#8217;, que a\u00f1ade que el cantante tambi\u00e9n ofreci\u00f3 versiones de las flamencas &#8216;Mora de la Morer\u00eda&#8217; y &#8216;Todo es de color&#8217;.<\/p>\n<p><strong>No fue hasta el d\u00e9cimo tema, cuando Garc\u00eda empez\u00f3 a desgranar &#8216;Geometr\u00eda del Rayo&#8217;, el s\u00e9ptimo disco en solitario del artista que fue publicado el pasado mes de marzo.<\/strong><\/p>\n<p>Present\u00f3 primero &#8216;Ardieron los fuegos&#8217; y le siguieron, casi de forma consecutiva, otras nueve canciones de su nuevo \u00e1lbum. Se trata de un trabajo con el que el catal\u00e1n muestra su \u00abexcelente momento de madurez personal y art\u00edstica\u00bb invitando a la \u00abreflexi\u00f3n\u00bb y a la \u00abcalma\u00bb, pero \u00absin perder un \u00e1pice la energ\u00eda, el buen rollo y el movimiento que siempre la ha caracterizado sobre el escenario\u00bb.<\/p>\n<p><strong>Es un \u00e1lbum que Manolo Garc\u00eda dedica a aquellos que no pueden vivir sin arte en cualquiera de sus manifestaciones<\/strong>\u00a0y que no se conforman con la cultura del entretenimiento f\u00e1cil de la actualidad, a\u00f1ade el &#8216;Stone&#8217;.<\/p>\n<p>Luego, de nuevo, cantante y p\u00fablico fueron repasando \u00e9xitos del propio Manolo Garc\u00eda y de &#8216;El \u00daltimo de la Fila&#8217;. \u00abCarb\u00f3n y ramas secas\u00bb, \u00abP\u00e1jaros de barro\u00bb, \u00abA San Fernando\u00bb&#8216;, \u00abSombra de la Sombra*\u00bb, \u00abComo un burro amarrado\u00bb, y as\u00ed hasta llegar al tema 30 y a las tres horas de concierto.<\/p>\n<p>Fuente: Cadena Ser &#8211; <a href=\"http:\/\/cadenaser.com\/emisora\/2018\/10\/02\/ser_merida\/1538491705_673864.html\" target=\"_blank\" rel=\"noopener\">ENLACE<\/a><\/p>\n","protected":false},"excerpt":{"rendered":"<p>Las entradas estaban agotadas desde el pasado mes de diciembre. El artista catal\u00e1n estuvo tres horas sobre el escenario El concierto de Manolo Garc\u00eda en un Teatro Romano de M\u00e9rida con 3.000 espectadores pon\u00eda el pasado s\u00e1bado el \u00abbroche de oro\u00bb al &#8216;Stone&amp;Music Festival&#8217;. Con entradas agotadas desde el pasado mes de diciembre durante tres<a class=\"moretag\" href=\"https:\/\/www.manologarciaycia.com\/?p=18237\" title=\"Manolo Garc\u00eda cerraba el &#8216;Stone&#038;Music Festival&#8217; el pasado fin de semana (V\u00eddeo Entrevista Cadena Ser)\" target=\"_self\" rel=\"follow\"> <font face=arial size=2>[Leer m\u00e1s]<\/font> <\/a><\/p>\n","protected":false},"author":2,"featured_media":0,"comment_status":"closed","ping_status":"closed","sticky":false,"template":"","format":"video","meta":{"footnotes":""},"categories":[1],"tags":[],"class_list":["post-18237","post","type-post","status-publish","format-video","hentry","category-manolo-garcia","post_format-post-format-video"],"_links":{"self":[{"href":"https:\/\/www.manologarciaycia.com\/index.php?rest_route=\/wp\/v2\/posts\/18237","targetHints":{"allow":["GET"]}}],"collection":[{"href":"https:\/\/www.manologarciaycia.com\/index.php?rest_route=\/wp\/v2\/posts"}],"about":[{"href":"https:\/\/www.manologarciaycia.com\/index.php?rest_route=\/wp\/v2\/types\/post"}],"author":[{"embeddable":true,"href":"https:\/\/www.manologarciaycia.com\/index.php?rest_route=\/wp\/v2\/users\/2"}],"replies":[{"embeddable":true,"href":"https:\/\/www.manologarciaycia.com\/index.php?rest_route=%2Fwp%2Fv2%2Fcomments&post=18237"}],"version-history":[{"count":3,"href":"https:\/\/www.manologarciaycia.com\/index.php?rest_route=\/wp\/v2\/posts\/18237\/revisions"}],"predecessor-version":[{"id":18240,"href":"https:\/\/www.manologarciaycia.com\/index.php?rest_route=\/wp\/v2\/posts\/18237\/revisions\/18240"}],"wp:attachment":[{"href":"https:\/\/www.manologarciaycia.com\/index.php?rest_route=%2Fwp%2Fv2%2Fmedia&parent=18237"}],"wp:term":[{"taxonomy":"category","embeddable":true,"href":"https:\/\/www.manologarciaycia.com\/index.php?rest_route=%2Fwp%2Fv2%2Fcategories&post=18237"},{"taxonomy":"post_tag","embeddable":true,"href":"https:\/\/www.manologarciaycia.com\/index.php?rest_route=%2Fwp%2Fv2%2Ftags&post=18237"}],"curies":[{"name":"wp","href":"https:\/\/api.w.org\/{rel}","templated":true}]}}