{"id":18232,"date":"2018-10-02T12:01:37","date_gmt":"2018-10-02T10:01:37","guid":{"rendered":"https:\/\/www.manologarciaycia.com\/?p=18232"},"modified":"2018-10-02T12:01:37","modified_gmt":"2018-10-02T10:01:37","slug":"vuelve-la-musica-en-prime-time-la-2-estrena-la-hora-musa","status":"publish","type":"post","link":"https:\/\/www.manologarciaycia.com\/?p=18232","title":{"rendered":"Vuelve la m\u00fasica en prime time: La 2 estrena &#8216;La Hora Musa&#8217;"},"content":{"rendered":"<ul>\n<li>En el primer programa, presentado por Maika Makovski, Franz Ferdinand, Juan Perro y Mala Rodr\u00edguez<\/li>\n<li>Vetusta Morla, Simple Minds, Manolo Garc\u00eda, Texas, Izal, Marlango, Bunbury, o Miguel Poveda, invitados de las pr\u00f3ximas entregas<\/li>\n<li>Estreno: martes 2 de octubre, a las 23:00 horas en La 2<\/li>\n<\/ul>\n<p><strong>Vuelve la m\u00fasica al prime time con\u00a0\u2018La Hora Musa\u2019. La 2 estrena este martes 2 de octubre, a las 23:00 horas, su nuevo programa de m\u00fasica en vivo. Presentado por la m\u00fasica y actriz Maika Makovski, contar\u00e1 cada semana con grandes bandas nacionales e internacionales que tocar\u00e1n en directo y hablar\u00e1n sobre m\u00fasica. En el estreno, tres invitados de excepci\u00f3n: Franz Ferdinand, Juan Perro y Mala Rodr\u00edguez.<\/strong><\/p>\n<p>Para celebrar la vuelta de las actuaciones en vivo al prime time de la televisi\u00f3n, &#8216;La Hora Musa&#8217; recibe la visita de los escoceses Franz Ferdinand, que levantar\u00e1n a un plat\u00f3 con m\u00e1s de cien personas a golpe de guitarras y de hits m\u00e1s que pegadizos.<\/p>\n<p>El programa tambi\u00e9n contar\u00e1 con la visita de uno de los grandes intelectuales de nuestra m\u00fasica, Juan Perro, que invitar\u00e1 a Maika Makovski al escenario para cantar juntos uno de los temas m\u00e1s conocidos de Radio Futura. Desde la azotea, con vistas a Barcelona, el rap con acento andaluz de Mala Rodr\u00edguez, que vuelve con nuevo material.<\/p>\n<p>Y desde Londres, el reportero V\u00edctor Clares invitar\u00e1 al espectador a recorrer los escenarios de los vinilos m\u00e1s importantes de los \u00faltimos tiempos.<\/p>\n<figure class=\"incluBox size_100 C\">\n<div class=\"mediaBox imageBox\"><span class=\"ima H f_x_\"><img decoding=\"async\" class=\"r9x6\" src=\"https:\/\/img2.rtve.es\/im\/4765516\/?w=900\" alt=\" Juan Perro y Maika Makovski\" \/><\/span><\/div><figcaption>Juan Perro y Maika Makovski\u00a0<span class=\"signs\"><em>RTVE<\/em><\/span><\/p>\n<\/figcaption><\/figure>\n<div class=\"section\">\n<h3><span class=\"ladillo\">&#8216;La Hora Musa&#8217;<\/span><\/h3>\n<p>\u2018La Hora Musa\u2019 es un programa dirigido por\u00a0<strong>Jero Rodr\u00edgez<\/strong>\u00a0en el que grandes bandas nacionales e internacionales tocar\u00e1n y hablar\u00e1n sobre m\u00fasica durante una hora. Su presentadora es la m\u00fasica, actriz y compositora Maika Makovski, que habla de t\u00fa a t\u00fa con el m\u00fasico e incluso participa en algunas canciones en directo cuando la colaboraci\u00f3n musical es interesante. Le acompa\u00f1a V\u00edctor Clares, un reportero que adem\u00e1s interviene en plat\u00f3 con las entrevistas.<\/p>\n<p>Cada programa, tres canciones de grupo internacional y tres canciones de grupo nacional en plat\u00f3 con entrevista final. Adem\u00e1s de dos canciones de grupo nacional en el set de la terraza y un reportaje en profundidad de V\u00edctor Clares.<\/p>\n<p>Algunos de los grupos que pasar\u00e1n por el programa, adem\u00e1s de Franz Ferdinand, Juan Perro y Mala Rodr\u00edguez, ser\u00e1n\u00a0<strong>Vetusta Morla, Simple Minds, Manolo Garc\u00eda, Texas, Morgan, Jorja Smith, Izal, Tote King, Marlango, Bunbury, Jungle, Zeal &amp; Ardor, Miguel Poveda o Brisa Fenoy.<\/strong><\/p>\n<p>Fuente: RTVE &#8211; <a href=\"http:\/\/www.rtve.es\/rtve\/20181001\/vuelve-musica-prime-time-2-estrena-hora-musa\/1810020.shtml\" target=\"_blank\" rel=\"noopener\">ENLACE<\/a><\/p>\n<\/div>\n","protected":false},"excerpt":{"rendered":"<p>En el primer programa, presentado por Maika Makovski, Franz Ferdinand, Juan Perro y Mala Rodr\u00edguez Vetusta Morla, Simple Minds, Manolo Garc\u00eda, Texas, Izal, Marlango, Bunbury, o Miguel Poveda, invitados de las pr\u00f3ximas entregas Estreno: martes 2 de octubre, a las 23:00 horas en La 2 Vuelve la m\u00fasica al prime time con\u00a0\u2018La Hora Musa\u2019. La<a class=\"moretag\" href=\"https:\/\/www.manologarciaycia.com\/?p=18232\" title=\"Vuelve la m\u00fasica en prime time: La 2 estrena &#8216;La Hora Musa&#8217;\" target=\"_self\" rel=\"follow\"> <font face=arial size=2>[Leer m\u00e1s]<\/font> <\/a><\/p>\n","protected":false},"author":2,"featured_media":18233,"comment_status":"closed","ping_status":"closed","sticky":false,"template":"","format":"standard","meta":{"footnotes":""},"categories":[1],"tags":[],"class_list":["post-18232","post","type-post","status-publish","format-standard","has-post-thumbnail","hentry","category-manolo-garcia"],"_links":{"self":[{"href":"https:\/\/www.manologarciaycia.com\/index.php?rest_route=\/wp\/v2\/posts\/18232","targetHints":{"allow":["GET"]}}],"collection":[{"href":"https:\/\/www.manologarciaycia.com\/index.php?rest_route=\/wp\/v2\/posts"}],"about":[{"href":"https:\/\/www.manologarciaycia.com\/index.php?rest_route=\/wp\/v2\/types\/post"}],"author":[{"embeddable":true,"href":"https:\/\/www.manologarciaycia.com\/index.php?rest_route=\/wp\/v2\/users\/2"}],"replies":[{"embeddable":true,"href":"https:\/\/www.manologarciaycia.com\/index.php?rest_route=%2Fwp%2Fv2%2Fcomments&post=18232"}],"version-history":[{"count":2,"href":"https:\/\/www.manologarciaycia.com\/index.php?rest_route=\/wp\/v2\/posts\/18232\/revisions"}],"predecessor-version":[{"id":18235,"href":"https:\/\/www.manologarciaycia.com\/index.php?rest_route=\/wp\/v2\/posts\/18232\/revisions\/18235"}],"wp:featuredmedia":[{"embeddable":true,"href":"https:\/\/www.manologarciaycia.com\/index.php?rest_route=\/wp\/v2\/media\/18233"}],"wp:attachment":[{"href":"https:\/\/www.manologarciaycia.com\/index.php?rest_route=%2Fwp%2Fv2%2Fmedia&parent=18232"}],"wp:term":[{"taxonomy":"category","embeddable":true,"href":"https:\/\/www.manologarciaycia.com\/index.php?rest_route=%2Fwp%2Fv2%2Fcategories&post=18232"},{"taxonomy":"post_tag","embeddable":true,"href":"https:\/\/www.manologarciaycia.com\/index.php?rest_route=%2Fwp%2Fv2%2Ftags&post=18232"}],"curies":[{"name":"wp","href":"https:\/\/api.w.org\/{rel}","templated":true}]}}