{"id":18229,"date":"2018-10-01T10:03:37","date_gmt":"2018-10-01T08:03:37","guid":{"rendered":"https:\/\/www.manologarciaycia.com\/?p=18229"},"modified":"2018-10-01T10:03:37","modified_gmt":"2018-10-01T08:03:37","slug":"manolo-garcia-ofrece-un-gran-espectaculo-en-el-ultimo-concierto-del-stone-and-music-festival-2018","status":"publish","type":"post","link":"https:\/\/www.manologarciaycia.com\/?p=18229","title":{"rendered":"Manolo Garc\u00eda ofrece un gran espect\u00e1culo en el \u00faltimo concierto del \u2018Stone and Music Festival 2018\u2019"},"content":{"rendered":"<p>Un recital de tres horas de Manolo Garc\u00eda en el abarrotado Teatro Romano de M\u00e9rida puso el broche de oro a la tercera edici\u00f3n del \u2018Stone and Music Festival\u2019 que ha venido celebr\u00e1ndose en M\u00e9rida estos \u00faltimos meses.<\/p>\n<p>El catal\u00e1n se subi\u00f3 al escenario para iniciar un repaso a grandes \u00e9xitos de siempre, como \u2018Malva\u2019, \u2018Alma de papel\u2019, \u2018Nunca el tiempo es perdido\u2019, o \u2018Pan de oro\u2019. Fue un comienzo nost\u00e1lgico, lleno de energ\u00eda, inspiraci\u00f3n, ilusi\u00f3n y arte, que incluy\u00f3 tambi\u00e9n versiones de las flamencas \u2018Mora de la morer\u00eda\u2019 y \u2018Todo es de color\u2019.<\/p>\n<p>No fue hasta el d\u00e9cimo tema cuando Garc\u00eda empez\u00f3 a desgranar \u2018Geometr\u00eda del rayo\u2019, el s\u00e9ptimo disco en solitario del artista que fue publicado el pasado mes de marzo. Present\u00f3 primero \u2018Ardieron los fuegos\u2019 y le siguieron, casi de forma consecutiva, otras nueve canciones de su nuevo \u00e1lbum. Se trata de un trabajo con el que Manolo Garc\u00eda muestra su excelente momento de madurez personal y art\u00edstica, invitando a la reflexi\u00f3n y a la calma, pero sin perder un \u00e1pice la energ\u00eda, el buen rollo y el movimiento que siempre la ha caracterizado sobre el escenario.<\/p>\n<p>Es un \u00e1lbum que Manolo Garc\u00eda dedica a aquellos que no pueden vivir sin arte en cualquiera de sus manifestaciones y que no se conforman con la cultura del entretenimiento f\u00e1cil de nuestro tiempo: \u201csomos un pa\u00eds en el que es necesario propagar el amor a la cultura. Sin ella estamos abocados a un remolino de grisura\u201d.<\/p>\n<p>Luego, de nuevo, cantante y p\u00fablico fueron repasando \u00e9xitos del propio Manolo Garc\u00eda y de El \u00faltimo de la fila, como \u2018Carb\u00f3n y ramas secas\u2019, \u2018P\u00e1jaros de barro\u2019, \u2018A San Fernando\u2019, \u2018Sombra de la sombra\u2019, \u2018Como un burro amarrado\u2019, y as\u00ed hasta 30 canciones.<\/p>\n<p>Un gran broche para la edici\u00f3n 2018 del \u2018Stone and Music Festival\u2019, que comenz\u00f3 con el propio artista recibiendo de manos de Jorge Lozano, promotor del Festival, la estatua de Terracota que se entrega a todos los participantes en el evento.<\/p>\n<p>Fuente: Grada &#8211; <a href=\"https:\/\/www.grada.es\/web\/manolo-garcia-gran-espectaculo-ultimo-concierto-stone-and-music-festival-2018\/\" target=\"_blank\" rel=\"noopener\">Enlace<\/a><\/p>\n","protected":false},"excerpt":{"rendered":"<p>Un recital de tres horas de Manolo Garc\u00eda en el abarrotado Teatro Romano de M\u00e9rida puso el broche de oro a la tercera edici\u00f3n del \u2018Stone and Music Festival\u2019 que ha venido celebr\u00e1ndose en M\u00e9rida estos \u00faltimos meses. El catal\u00e1n se subi\u00f3 al escenario para iniciar un repaso a grandes \u00e9xitos de siempre, como \u2018Malva\u2019,<a class=\"moretag\" href=\"https:\/\/www.manologarciaycia.com\/?p=18229\" title=\"Manolo Garc\u00eda ofrece un gran espect\u00e1culo en el \u00faltimo concierto del \u2018Stone and Music Festival 2018\u2019\" target=\"_self\" rel=\"follow\"> <font face=arial size=2>[Leer m\u00e1s]<\/font> <\/a><\/p>\n","protected":false},"author":2,"featured_media":18230,"comment_status":"closed","ping_status":"closed","sticky":false,"template":"","format":"standard","meta":{"footnotes":""},"categories":[1],"tags":[],"class_list":["post-18229","post","type-post","status-publish","format-standard","has-post-thumbnail","hentry","category-manolo-garcia"],"_links":{"self":[{"href":"https:\/\/www.manologarciaycia.com\/index.php?rest_route=\/wp\/v2\/posts\/18229","targetHints":{"allow":["GET"]}}],"collection":[{"href":"https:\/\/www.manologarciaycia.com\/index.php?rest_route=\/wp\/v2\/posts"}],"about":[{"href":"https:\/\/www.manologarciaycia.com\/index.php?rest_route=\/wp\/v2\/types\/post"}],"author":[{"embeddable":true,"href":"https:\/\/www.manologarciaycia.com\/index.php?rest_route=\/wp\/v2\/users\/2"}],"replies":[{"embeddable":true,"href":"https:\/\/www.manologarciaycia.com\/index.php?rest_route=%2Fwp%2Fv2%2Fcomments&post=18229"}],"version-history":[{"count":1,"href":"https:\/\/www.manologarciaycia.com\/index.php?rest_route=\/wp\/v2\/posts\/18229\/revisions"}],"predecessor-version":[{"id":18231,"href":"https:\/\/www.manologarciaycia.com\/index.php?rest_route=\/wp\/v2\/posts\/18229\/revisions\/18231"}],"wp:featuredmedia":[{"embeddable":true,"href":"https:\/\/www.manologarciaycia.com\/index.php?rest_route=\/wp\/v2\/media\/18230"}],"wp:attachment":[{"href":"https:\/\/www.manologarciaycia.com\/index.php?rest_route=%2Fwp%2Fv2%2Fmedia&parent=18229"}],"wp:term":[{"taxonomy":"category","embeddable":true,"href":"https:\/\/www.manologarciaycia.com\/index.php?rest_route=%2Fwp%2Fv2%2Fcategories&post=18229"},{"taxonomy":"post_tag","embeddable":true,"href":"https:\/\/www.manologarciaycia.com\/index.php?rest_route=%2Fwp%2Fv2%2Ftags&post=18229"}],"curies":[{"name":"wp","href":"https:\/\/api.w.org\/{rel}","templated":true}]}}