{"id":18221,"date":"2018-09-30T19:11:48","date_gmt":"2018-09-30T17:11:48","guid":{"rendered":"https:\/\/www.manologarciaycia.com\/?p=18221"},"modified":"2018-09-30T19:11:48","modified_gmt":"2018-09-30T17:11:48","slug":"el-concierto-de-manolo-garcia-en-un-teatro-romano-de-merida-con-3-000-espectadores-cierra-el-stonemusic-festival","status":"publish","type":"post","link":"https:\/\/www.manologarciaycia.com\/?p=18221","title":{"rendered":"El concierto de Manolo Garc\u00eda en un Teatro Romano de M\u00e9rida con 3.000 espectadores cierra el &#8216;Stone&#038;Music Festival&#8217;"},"content":{"rendered":"<div class=\"header-structure\">\n<div class=\"row no-image\">\n<h2 class=\"story-leaf-subtitle-item col-md-10\">El concierto de Manolo Garc\u00eda en un Teatro Romano de M\u00e9rida con 3.000 espectadores ha puesto este pasado s\u00e1bado, d\u00eda 29, el \u00abbroche de oro\u00bb al &#8216;Stone&amp;Music Festival&#8217; de la capital extreme\u00f1a.<\/h2>\n<\/div>\n<\/div>\n<div class=\"content-structure\">\n<div class=\"story-leaf-txt-p\" data-gtm-element-container=\"modulo-texto-link\">\n<p>El concierto de Manolo Garc\u00eda en un Teatro Romano de M\u00e9rida con 3.000 espectadores ha puesto este pasado s\u00e1bado, d\u00eda 29, el \u00abbroche de oro\u00bb al &#8216;Stone&amp;Music Festival&#8217; de la capital extreme\u00f1a.<\/p>\n<p>Con las entradas estaban agotadas desde el pasado mes de diciembre, los recreacionistas romanos de &#8216;Ara Concordia&#8217; y &#8216;Emerita Antiqua&#8217;, repartidos por todo el teatro, daban la bienvenida a los asistentes.<\/p>\n<p>As\u00ed, durante tres horas de actuaci\u00f3n, el catal\u00e1n se subi\u00f3 al escenario pasadas las diez y media de la noche y empez\u00f3 la fiesta con un primer repaso a grandes \u00e9xitos de siempre: &#8216;Malva&#8217;, &#8216;Alma de papel&#8217;, &#8216;Nunca el Tiempo es perdido&#8217;, &#8216;Pan de Oro&#8217;&#8230;<\/p>\n<p>Fue un comienzo \u00abnost\u00e1lgico, lleno de energ\u00eda, inspiraci\u00f3n, ilusi\u00f3n y arte, mucho arte\u00bb, se\u00f1ala en nota de prensa el &#8216;Stone&amp;Music Festival&#8217;, que a\u00f1ade que el cantante tambi\u00e9n ofreci\u00f3 versiones de las flamencas &#8216;Mora de la Morer\u00eda&#8217; y &#8216;Todo es de color&#8217;.<\/p>\n<p>Supuso, de este modo, una velada \u00abmuy especial\u00bb para el artista, como el mismo reconoci\u00f3 sobre el escenario y cuando recogi\u00f3 de manos de Jorge Lozano, promotor del festival musical emeritense, la estatua de Terracota, que se entrega a todos los participantes del evento.<\/p>\n<p>GEOMETR\u00cdA DEL RAYO<\/p>\n<p>No fue hasta el d\u00e9cimo tema, cuando Garc\u00eda empez\u00f3 a desgranar &#8216;Geometr\u00eda del Rayo&#8217;, el s\u00e9ptimo disco en solitario del artista que fue publicado el pasado mes de marzo.<\/p>\n<p>Present\u00f3 primero &#8216;Ardieron los fuegos&#8217; y le siguieron, casi de forma consecutiva, otras nueve canciones de su nuevo \u00e1lbum. Se trata de un trabajo con el que el catal\u00e1n muestra su \u00abexcelente momento de madurez personal y art\u00edstica\u00bb invitando a la \u00abreflexi\u00f3n\u00bb y a la \u00abcalma\u00bb, pero \u00absin perder un \u00e1pice la energ\u00eda, el buen rollo y el movimiento que siempre la ha caracterizado sobre el escenario\u00bb.<\/p>\n<p>Es un \u00e1lbum que Manolo Garc\u00eda dedica a aquellos que no pueden vivir sin arte en cualquiera de sus manifestaciones y que no se conforman con la cultura del entretenimiento f\u00e1cil de la actualidad, a\u00f1ade el &#8216;Stone&#8217;.<\/p>\n<p>Luego, de nuevo, cantante y p\u00fablico fueron repasando \u00e9xitos del propio Manolo Garc\u00eda y de &#8216;El \u00daltimo de la Fila&#8217;. \u00abCarb\u00f3n y ramas secas\u00bb, \u00abP\u00e1jaros de barro\u00bb, \u00abA San Fernando\u00bb&#8216;, \u00abSombra de la Sombra*\u00bb, \u00abComo un burro amarrado\u00bb, y as\u00ed hasta llegar al tema 30 y a las tres horas de concierto.<\/p>\n<p>\u00abTodo sin parar un momento. Todo energ\u00eda. Todo locura\u00bb, ha indicado la organizaci\u00f3n del festival musical, que a\u00f1ade que Garc\u00eda tambi\u00e9n baj\u00f3 del escenario para cantar con el p\u00fablico, e introdujo alguna reivindicaci\u00f3n, como por ejemplo las relativas a los pensionistas y a la madre Tierra.<\/p>\n<p>El de anoche fue el primer concierto de Manolo Garc\u00eda en el Teatro Romano de M\u00e9rida, a pesar de haber ofrecido varios conciertos en la ciudad, tanto en su actual etapa en solitario como con \u00abEl \u00daltimo de la Fila\u00bb.<\/p>\n<p>De igual modo, en la capital extreme\u00f1a protagoniz\u00f3 una exposici\u00f3n en 2010 -con el fot\u00f3grafo emeritense y miembro de Adenex, Jos\u00e9 Mar\u00eda Ben\u00edtez Cidoncha- y anoche record\u00f3 su \u00ab\u00edntima relaci\u00f3n con Extremadura\u00bb.<\/p>\n<\/div>\n<\/div>\n<p>Fuente: La vanguardia &#8211; Europa Press &#8211; <a href=\"https:\/\/www.lavanguardia.com\/local\/extremadura\/20180930\/452100011704\/el-concierto-de-manolo-garcia-en-un-teatro-romano-de-merida-con-3000-espectadores-cierra-el-stonemusic-festival.html\" target=\"_blank\" rel=\"noopener\">ENLACE<\/a> #ManoloGarc\u00eda #Gira2018 #Geometr\u00edadelRayo @STONEandMUSIC #Merida<\/p>\n","protected":false},"excerpt":{"rendered":"<p>El concierto de Manolo Garc\u00eda en un Teatro Romano de M\u00e9rida con 3.000 espectadores ha puesto este pasado s\u00e1bado, d\u00eda 29, el \u00abbroche de oro\u00bb al &#8216;Stone&amp;Music Festival&#8217; de la capital extreme\u00f1a. El concierto de Manolo Garc\u00eda en un Teatro Romano de M\u00e9rida con 3.000 espectadores ha puesto este pasado s\u00e1bado, d\u00eda 29, el \u00abbroche<a class=\"moretag\" href=\"https:\/\/www.manologarciaycia.com\/?p=18221\" title=\"El concierto de Manolo Garc\u00eda en un Teatro Romano de M\u00e9rida con 3.000 espectadores cierra el &#8216;Stone&#038;Music Festival&#8217;\" target=\"_self\" rel=\"follow\"> <font face=arial size=2>[Leer m\u00e1s]<\/font> <\/a><\/p>\n","protected":false},"author":2,"featured_media":0,"comment_status":"closed","ping_status":"closed","sticky":false,"template":"","format":"standard","meta":{"footnotes":""},"categories":[1],"tags":[],"class_list":["post-18221","post","type-post","status-publish","format-standard","hentry","category-manolo-garcia"],"_links":{"self":[{"href":"https:\/\/www.manologarciaycia.com\/index.php?rest_route=\/wp\/v2\/posts\/18221","targetHints":{"allow":["GET"]}}],"collection":[{"href":"https:\/\/www.manologarciaycia.com\/index.php?rest_route=\/wp\/v2\/posts"}],"about":[{"href":"https:\/\/www.manologarciaycia.com\/index.php?rest_route=\/wp\/v2\/types\/post"}],"author":[{"embeddable":true,"href":"https:\/\/www.manologarciaycia.com\/index.php?rest_route=\/wp\/v2\/users\/2"}],"replies":[{"embeddable":true,"href":"https:\/\/www.manologarciaycia.com\/index.php?rest_route=%2Fwp%2Fv2%2Fcomments&post=18221"}],"version-history":[{"count":1,"href":"https:\/\/www.manologarciaycia.com\/index.php?rest_route=\/wp\/v2\/posts\/18221\/revisions"}],"predecessor-version":[{"id":18222,"href":"https:\/\/www.manologarciaycia.com\/index.php?rest_route=\/wp\/v2\/posts\/18221\/revisions\/18222"}],"wp:attachment":[{"href":"https:\/\/www.manologarciaycia.com\/index.php?rest_route=%2Fwp%2Fv2%2Fmedia&parent=18221"}],"wp:term":[{"taxonomy":"category","embeddable":true,"href":"https:\/\/www.manologarciaycia.com\/index.php?rest_route=%2Fwp%2Fv2%2Fcategories&post=18221"},{"taxonomy":"post_tag","embeddable":true,"href":"https:\/\/www.manologarciaycia.com\/index.php?rest_route=%2Fwp%2Fv2%2Ftags&post=18221"}],"curies":[{"name":"wp","href":"https:\/\/api.w.org\/{rel}","templated":true}]}}