{"id":18215,"date":"2018-09-30T07:42:46","date_gmt":"2018-09-30T05:42:46","guid":{"rendered":"https:\/\/www.manologarciaycia.com\/?p=18215"},"modified":"2018-09-30T07:43:33","modified_gmt":"2018-09-30T05:43:33","slug":"manolo-garcia-arrasa-en-su-concierto-en-el-teatro-romano-de-merida","status":"publish","type":"post","link":"https:\/\/www.manologarciaycia.com\/?p=18215","title":{"rendered":"Manolo Garc\u00eda arrasa en su concierto en el Teatro Romano de M\u00e9rida"},"content":{"rendered":"<h3 class=\"font3 colordoce bottom20 lineh\">Un total de 30 temas, durante tres horas de actuaci\u00f3n, en las que el catal\u00e1n no dej\u00f3 de parar un momento, bajando del escenario para cantar con su p\u00fablico.<\/h3>\n<p>Tres horas. Ese fue el tiempo que Manolo Garc\u00eda estuvo en la noche de este s\u00e1bado, 29 de septiembre, sobre el escenario del Teatro Romano de M\u00e9rida en un concierto que ser\u00e1 dif\u00edcil de olvidar para los 3.000 asistentes que abarrotaban el grader\u00edo y que supuso un excelente broche de oro a la tercera edici\u00f3n del Stone &amp; Music Festival.<\/p>\n<p>Las entradas estaban agotadas desde el pasado mes de diciembre \u2013se puso el sold out en horas-; los recreacionistas romanos de Ara Concordia y Emerita Antiqua, repartidos por todo el teatro, daban la bienvenida a los asistentes; la noche era m\u00e1s que agradable.<\/p>\n<p>As\u00ed pues, todo apuntaba que la propuesta de Manolo Garc\u00eda como cierre del Stone &amp; Music iba a ser m\u00e1s que aplaudida y la previsi\u00f3n fue m\u00e1s que acertada. El catal\u00e1n se subi\u00f3 al escenario pasadas las diez y media de la noche y\u2026empez\u00f3 la fiesta con un primer repaso a grandes \u00e9xitos de siempre: \u2018Malva\u2019, \u2018Alma de papel\u2019, \u2018Nunca el Tiempo es perdido\u2019, \u2018Pan de Oro\u2019&#8230;<\/p>\n<p>Fue un comienzo nost\u00e1lgico, lleno de energ\u00eda, inspiraci\u00f3n, ilusi\u00f3n y arte, mucho arte. El que \u00e9l derroch\u00f3 con versiones de las flamencas \u2018Mora de la Morer\u00eda\u2019 y \u2018Todo es de color\u2019. El p\u00fablico lo sab\u00eda, estaba preparado y acompa\u00f1\u00f3 exultante al artista desde el principio, tal y como informa la organizaci\u00f3n del certamen en una nota de prensa.<\/p>\n<p><strong>GEOMETR\u00cdA DEL RAYO<\/strong><\/p>\n<p>No fue hasta el d\u00e9cimo tema, cuando Garc\u00eda empez\u00f3 a desgranar \u2018Geometr\u00eda del Rayo&#8217;, el s\u00e9ptimo disco en solitario del artista que fue publicado el pasado mes de marzo. Present\u00f3 primero \u2018Ardieron los fuegos\u2019 y le siguieron, casi de forma consecutiva, otras nueve canciones de su nuevo \u00e1lbum.<\/p>\n<p>En concreto, se trata de un trabajo con el que el catal\u00e1n muestra su excelente momento de madurez personal y art\u00edstica invitando a la reflexi\u00f3n y a la calma, pero sin perder un \u00e1pice la energ\u00eda, el buen rollo y el movimiento que siempre la ha caracterizado sobre el escenario.<\/p>\n<p>Es un \u00e1lbum que Manolo Garc\u00eda dedica a aquellos que no pueden vivir sin arte en cualquiera de sus manifestaciones y que no se conforman con la cultura del entretenimiento f\u00e1cil de nuestro tiempo.<\/p>\n<p>\u00abSomos un pa\u00eds en el que es necesario propagar el amor a la cultura. Sin ella estamos abocados a un remolino de grisura\u00bb, ha llegado a decir el cantante tras la publicaci\u00f3n del disco. Y en la noche de M\u00e9rida, las piedras del teatro rezumaron arte y cultura con may\u00fasculas. El que ya tienen de por s\u00ed y la que de manera apasionada, con entrega, como si no hubiera ma\u00f1ana, les imprimi\u00f3 Manolo Garc\u00eda con sus letras cuidadas, sutiles en ocasiones, directas en otras, pero siempre certeras y directas al coraz\u00f3n de su p\u00fablico.<\/p>\n<p>Luego, de nuevo, cantante y p\u00fablico fueron repasando \u00e9xitos del propio Manolo Garc\u00eda y de El \u00daltimo de la Fila. \u201cCarb\u00f3n y ramas secas\u201d, \u201cP\u00e1jaros de barro\u201d, \u201cA San Fernando\u2026\u201d\u2019, \u201cSombra de la Sombra\u2026\u201d, \u201cComo un burro amarrado \u2026\u2019, as\u00ed hasta llegar al tema 30 y a las tres horas de concierto. Todo sin parar un momento. Todo energ\u00eda. Todo locura.<\/p>\n<p>Sobre todo cada vez que baj\u00f3 del escenario para cantar con el p\u00fablico, haci\u00e9ndose uno. Todo reivindicaci\u00f3n. Porque Manolo Garc\u00eda no se olvid\u00f3 de los pensionistas, de la madre Tierra, de los que saben vivir intensamente. Tan aut\u00e9ntico, tan contundente, tan trascendente, tan definitivo, que resulta dif\u00edcil entender que sea precisamente \u00e9l quien habla en sus letras de la levedad del hombre y de su inconsistencia.<\/p>\n<p><a href=\"https:\/\/www.manologarciaycia.com\/wp-content\/uploads\/2018\/09\/MGStone.jpg\"><img loading=\"lazy\" decoding=\"async\" class=\"aligncenter size-medium wp-image-18217\" src=\"https:\/\/www.manologarciaycia.com\/wp-content\/uploads\/2018\/09\/MGStone-500x333.jpg\" alt=\"\" width=\"500\" height=\"333\" srcset=\"https:\/\/www.manologarciaycia.com\/wp-content\/uploads\/2018\/09\/MGStone-500x333.jpg 500w, https:\/\/www.manologarciaycia.com\/wp-content\/uploads\/2018\/09\/MGStone-768x512.jpg 768w, https:\/\/www.manologarciaycia.com\/wp-content\/uploads\/2018\/09\/MGStone-695x463.jpg 695w, https:\/\/www.manologarciaycia.com\/wp-content\/uploads\/2018\/09\/MGStone-930x620.jpg 930w, https:\/\/www.manologarciaycia.com\/wp-content\/uploads\/2018\/09\/MGStone.jpg 960w\" sizes=\"auto, (max-width: 500px) 100vw, 500px\" \/><\/a><\/p>\n<p>Fuente: Regi\u00f3n Digital &#8211; Foto Stone&amp;Music &#8211; Enlace:\u00a0<a href=\"https:\/\/www.regiondigital.com\/noticias\/merida\/299953-manolo-garcia-arrasa-en-su-concierto-en-el-teatro-romano-de-merida.html\" target=\"_blank\" rel=\"noopener\">https:\/\/www.regiondigital.com\/noticias\/merida\/299953-manolo-garcia-arrasa-en-su-concierto-en-el-teatro-romano-de-merida.html<\/a><\/p>\n","protected":false},"excerpt":{"rendered":"<p>Un total de 30 temas, durante tres horas de actuaci\u00f3n, en las que el catal\u00e1n no dej\u00f3 de parar un momento, bajando del escenario para cantar con su p\u00fablico. Tres horas. Ese fue el tiempo que Manolo Garc\u00eda estuvo en la noche de este s\u00e1bado, 29 de septiembre, sobre el escenario del Teatro Romano de<a class=\"moretag\" href=\"https:\/\/www.manologarciaycia.com\/?p=18215\" title=\"Manolo Garc\u00eda arrasa en su concierto en el Teatro Romano de M\u00e9rida\" target=\"_self\" rel=\"follow\"> <font face=arial size=2>[Leer m\u00e1s]<\/font> <\/a><\/p>\n","protected":false},"author":2,"featured_media":18216,"comment_status":"closed","ping_status":"closed","sticky":false,"template":"","format":"standard","meta":{"footnotes":""},"categories":[1],"tags":[],"class_list":["post-18215","post","type-post","status-publish","format-standard","has-post-thumbnail","hentry","category-manolo-garcia"],"_links":{"self":[{"href":"https:\/\/www.manologarciaycia.com\/index.php?rest_route=\/wp\/v2\/posts\/18215","targetHints":{"allow":["GET"]}}],"collection":[{"href":"https:\/\/www.manologarciaycia.com\/index.php?rest_route=\/wp\/v2\/posts"}],"about":[{"href":"https:\/\/www.manologarciaycia.com\/index.php?rest_route=\/wp\/v2\/types\/post"}],"author":[{"embeddable":true,"href":"https:\/\/www.manologarciaycia.com\/index.php?rest_route=\/wp\/v2\/users\/2"}],"replies":[{"embeddable":true,"href":"https:\/\/www.manologarciaycia.com\/index.php?rest_route=%2Fwp%2Fv2%2Fcomments&post=18215"}],"version-history":[{"count":1,"href":"https:\/\/www.manologarciaycia.com\/index.php?rest_route=\/wp\/v2\/posts\/18215\/revisions"}],"predecessor-version":[{"id":18218,"href":"https:\/\/www.manologarciaycia.com\/index.php?rest_route=\/wp\/v2\/posts\/18215\/revisions\/18218"}],"wp:featuredmedia":[{"embeddable":true,"href":"https:\/\/www.manologarciaycia.com\/index.php?rest_route=\/wp\/v2\/media\/18216"}],"wp:attachment":[{"href":"https:\/\/www.manologarciaycia.com\/index.php?rest_route=%2Fwp%2Fv2%2Fmedia&parent=18215"}],"wp:term":[{"taxonomy":"category","embeddable":true,"href":"https:\/\/www.manologarciaycia.com\/index.php?rest_route=%2Fwp%2Fv2%2Fcategories&post=18215"},{"taxonomy":"post_tag","embeddable":true,"href":"https:\/\/www.manologarciaycia.com\/index.php?rest_route=%2Fwp%2Fv2%2Ftags&post=18215"}],"curies":[{"name":"wp","href":"https:\/\/api.w.org\/{rel}","templated":true}]}}