{"id":181,"date":"2009-12-23T20:01:37","date_gmt":"2009-12-23T19:01:37","guid":{"rendered":"http:\/\/petaos.net\/?p=181"},"modified":"2009-12-31T10:41:46","modified_gmt":"2009-12-31T09:41:46","slug":"aparicion-manolo-garcia-en-jo-que-noche-de-canal-6-alicantemurcia","status":"publish","type":"post","link":"https:\/\/www.manologarciaycia.com\/?p=181","title":{"rendered":"Aparici\u00f3n Manolo Garc\u00eda en \u00abJo, qu\u00e9 noche\u00bb de Canal 6 (Alicante\/Murcia)"},"content":{"rendered":"<p>El programa musical \u00ab!Jo\u2026Qu\u00e9 Noche\u00a1\u00bb, que emite Canal 6 esta noche a las 23.00 horas, y que presentan Pilar Pe\u00f1a y Nacho Morales, ofrece hoy un programa Especial de Navidad en el que recoge algunos de los mejores momentos art\u00edsticos del a\u00f1o y contar\u00e1 con actuaciones y declaraciones de la mayor\u00eda de los artistas que durante el a\u00f1o 2009 han sido noticia en el mundo de la m\u00fasica. El programa ofrecer\u00e1 apartados en los que los artistas hablan de sus colegas de profesi\u00f3n y de sus seguidores. Tambi\u00e9n escucharemos lo que los fans de diferentes puntos de Espa\u00f1a opinan de ellos.<\/p>\n<p>\u00ab!Jo\u2026Qu\u00e9 Noche\u00a1\u00bb ofrecer\u00e1 declaraciones curiosas de artistas en las que desvelara algunas facetas desconocidas hasta ahora y descubriremos por ejemplo a Manolo Garc\u00eda hablando de su participaci\u00f3n en la pel\u00edcula &#8216;La batalla del porro&#8217; , cuando todav\u00eda no era conocido y de la que adem\u00e1s<br \/>\nveremos im\u00e1genes.<\/p>\n<p><object classid=\"clsid:d27cdb6e-ae6d-11cf-96b8-444553540000\" width=\"425\" height=\"344\" codebase=\"http:\/\/download.macromedia.com\/pub\/shockwave\/cabs\/flash\/swflash.cab#version=6,0,40,0\"><param name=\"allowFullScreen\" value=\"true\" \/><param name=\"allowscriptaccess\" value=\"always\" \/><param name=\"src\" value=\"http:\/\/www.youtube.com\/v\/x7VvrAN57Fg&amp;hl=es_ES&amp;fs=1&amp;\" \/><param name=\"allowfullscreen\" value=\"true\" \/><embed type=\"application\/x-shockwave-flash\" width=\"425\" height=\"344\" src=\"http:\/\/www.youtube.com\/v\/x7VvrAN57Fg&amp;hl=es_ES&amp;fs=1&amp;\" allowscriptaccess=\"always\" allowfullscreen=\"true\"><\/embed><\/object><br \/>\nTambi\u00e9n alguno de los dif\u00edciles momentos que vivi\u00f3 Miguel R\u00edos en la transici\u00f3n Espa\u00f1ola o el homenaje que recibi\u00f3 este a\u00f1o con motivo de su retirada de los escenarios y descubriremos como es y donde se ha hecho \u00c1lex Ubago su ultimo tatuaje adem\u00e1s de las cosas imprescindibles que necesitan algunos de los artistas m\u00e1s conocidos de Espa\u00f1a a la hora de salir de gira.<br \/>\nEl programa de hoy tambi\u00e9n ofrecer\u00e1 emotivos reportajes en recuerdo y a modo de homenaje, con las im\u00e1genes y declaraciones de algunos de los artistas que nos dejaron en este a\u00f1o 2009. Michael Jackson, Antonio Vega, Luis Aguile o Mari Trini tendr\u00e1n su espacio en el especial navide\u00f1o de hoy.<\/p>\n<p><em><strong>Apariciones estelares<\/strong><\/em><\/p>\n<p>El programa contar\u00e1 con apariciones de grandes artistas, entre otros, Amaia Montero, Chenoa, David de Mar\u00eda, Camela, Estopa, Tequila, M-Clan, Diana Navarro, Pereza, Alex Ubago, Paloma San Basilio, Ni\u00f1a Pastori, Pastora Soler, Mojinos Escozios, Los Chichos, Luis Cobos, El Sue\u00f1o de Morfeo, Luis Fonsi, Saratoga, Carlos Baute, Pereza, V\u00edctor Manuel, Ana Bel\u00e9n, Rosana, Tam Tam Go, Rev\u00f3lver, Pedro Guerra, Iguana tango, Coque Malla, Melendi, Loquillo, y otros muchos\u2026 Sin duda un programa muy especial en el que descubriremos muchos asuntos hasta ahora desconocidos de nuestros artistas favoritos. Si te gusta la m\u00fasica, no te lo pierdas.<\/p>\n<p>Emisi\u00f3n. Esta noche (23\/12\/09), a las 23.00 horas.<br \/>\nRedifusi\u00f3n. S\u00e1bado, a las 20.00 horas.<br \/>\nFuente: La Verdad.es (aviso de Anai, gracias!)<\/p>\n","protected":false},"excerpt":{"rendered":"<p>El programa musical \u00ab!Jo\u2026Qu\u00e9 Noche\u00a1\u00bb, que emite Canal 6 esta noche a las 23.00 horas, y que presentan Pilar Pe\u00f1a y Nacho Morales, ofrece hoy un programa Especial de Navidad en el que recoge algunos de los mejores momentos art\u00edsticos del a\u00f1o y contar\u00e1 con actuaciones y declaraciones de la mayor\u00eda de los artistas que<a class=\"moretag\" href=\"https:\/\/www.manologarciaycia.com\/?p=181\" title=\"Aparici\u00f3n Manolo Garc\u00eda en \u00abJo, qu\u00e9 noche\u00bb de Canal 6 (Alicante\/Murcia)\" target=\"_self\" rel=\"follow\"> <font face=arial size=2>[Leer m\u00e1s]<\/font> <\/a><\/p>\n","protected":false},"author":2,"featured_media":0,"comment_status":"closed","ping_status":"open","sticky":false,"template":"","format":"standard","meta":{"footnotes":""},"categories":[1],"tags":[45],"class_list":["post-181","post","type-post","status-publish","format-standard","hentry","category-manolo-garcia","tag-manolo-garcia-aparicion-television"],"_links":{"self":[{"href":"https:\/\/www.manologarciaycia.com\/index.php?rest_route=\/wp\/v2\/posts\/181","targetHints":{"allow":["GET"]}}],"collection":[{"href":"https:\/\/www.manologarciaycia.com\/index.php?rest_route=\/wp\/v2\/posts"}],"about":[{"href":"https:\/\/www.manologarciaycia.com\/index.php?rest_route=\/wp\/v2\/types\/post"}],"author":[{"embeddable":true,"href":"https:\/\/www.manologarciaycia.com\/index.php?rest_route=\/wp\/v2\/users\/2"}],"replies":[{"embeddable":true,"href":"https:\/\/www.manologarciaycia.com\/index.php?rest_route=%2Fwp%2Fv2%2Fcomments&post=181"}],"version-history":[{"count":11,"href":"https:\/\/www.manologarciaycia.com\/index.php?rest_route=\/wp\/v2\/posts\/181\/revisions"}],"predecessor-version":[{"id":194,"href":"https:\/\/www.manologarciaycia.com\/index.php?rest_route=\/wp\/v2\/posts\/181\/revisions\/194"}],"wp:attachment":[{"href":"https:\/\/www.manologarciaycia.com\/index.php?rest_route=%2Fwp%2Fv2%2Fmedia&parent=181"}],"wp:term":[{"taxonomy":"category","embeddable":true,"href":"https:\/\/www.manologarciaycia.com\/index.php?rest_route=%2Fwp%2Fv2%2Fcategories&post=181"},{"taxonomy":"post_tag","embeddable":true,"href":"https:\/\/www.manologarciaycia.com\/index.php?rest_route=%2Fwp%2Fv2%2Ftags&post=181"}],"curies":[{"name":"wp","href":"https:\/\/api.w.org\/{rel}","templated":true}]}}