{"id":18041,"date":"1990-07-16T12:30:23","date_gmt":"1990-07-16T10:30:23","guid":{"rendered":"https:\/\/www.manologarciaycia.com\/?p=18041"},"modified":"2018-08-26T13:21:48","modified_gmt":"2018-08-26T11:21:48","slug":"a-por-la-gran-manzana-16-7-1990-el-pais","status":"publish","type":"post","link":"https:\/\/www.manologarciaycia.com\/?p=18041","title":{"rendered":"A por la Gran Manzana (16\/7\/1990, El Pa\u00eds)"},"content":{"rendered":"<h2 class=\"articulo-subtitulo\">M\u00fasicos espa\u00f1oles toman Nueva York por una noche<\/h2>\n<p>Ketama, El Ultimo de la Fila y Camar\u00f3n de la Isla le pegaron, el pasado s\u00e1bado por la noche, un primer mordisco a la Gran Manzana, al reunir en el Palladium de Nueva York a m\u00e1s de 5.000 espectadores, entre los cuales se encontraban David Byrne y Milton Nascimento. El n\u00famero de entradas vendidas super\u00f3 todas las expectativas y, seg\u00fan los organizadores, pulveriz\u00f3 el registro de lleno que hasta la actual edici\u00f3n del New Music Seminar conservaban grupos como los Gipsy Kings o Mano Negra.<\/p>\n<div id=\"elpais_gpt-INTEXT\" data-google-query-id=\"CPOVhZ-5gN0CFUlFGwoduSkOKQ\">\n<div id=\"google_ads_iframe_\/7811748\/elpais_web\/diario\/intext_0__container__\">\u00abSoy hombre de pocas palabras pero tengo que decir que estoy contento de estar aqu\u00ed\u00bb, dijo Camar\u00f3n de la Isla nada m\u00e1s comenzar su actuaci\u00f3n. Expresaba as\u00ed el sentir general de los m\u00fasicos que participaron en la\u00a0<em>noche espa\u00f1ola<\/em>organizada por la Sociedad General de Autores de Espa\u00f1a (SGAE), el Ministerio de Cultura, la Sociedad Estatal Quinto Centenario y la Casa de Espa\u00f1a en Nueva York.Al igual que aquellos m\u00fasicos de jazz que en los a\u00f1os veinte y treinta arribaron a esta ciudad en busca del \u00e9xito unos artistas espa\u00f1oles acaban de hincarle el diente a la Gran Manzana. Eso s\u00ed, de momento sin riesgo de empacho.<\/div>\n<\/div>\n<div class=\"teads-inread sm-screen\">\n<div><\/div>\n<\/div>\n<h3>Tres horas de m\u00fasica<\/h3>\n<p>Ni Almod\u00f3var ni Rub\u00e9n Blades presentaron la velada. Hubo que conformarse con que lo hiciera uno de los responsables del New Music Seminar, dentro de cuyos actos quedaba enmarcada la\u00a0<em>noche espa\u00f1ola.<\/em>\u00a0Anunci\u00f3 a Ketama sobre las 20.30, defini\u00e9ndolo como un grupo que mezcla el flamenco y el pop. Despu\u00e9s actuar\u00edan Camar\u00f3n y El Ultimo de la Fila, reparti\u00e9ndose entre todos, y de forma equitativa, un total de tres horas de m\u00fasica.Al t\u00e9rmino del concierto Juan y Antonio Carmona, de Ketama, denunciaron haber sufrido todo tipo de vejaciones. Para Antonio \u00ablos del sonido se portaron fatal con nosotros. No quer\u00edan que continu\u00e1semos por causa de la hora y nosotros no \u00edbamos a conformarnos despu\u00e9s de venir hasta aqu\u00ed con tocar tan poco rato\u00bb. De todos modos, los hermanos Carmona, miembros de una ilustre familia flamenca, estaban muy satisfechos con la reacci\u00f3n del p\u00fablico ante su mezcla explosiva de lo gitano y lo caribe\u00f1o.<\/p>\n<p>Tambi\u00e9n Manolo Garc\u00eda, cantante de El \u00daltimo de la Fila, se mostraba absolutamente encantado en la peque\u00f1a fiesta que sigui\u00f3 al concierto: \u00abEra la primera vez que toc\u00e1bamos en Estados Unidos y ten\u00edamos un poco de miedo, por lo que pudiera suceder, pero todo ha ido fenomenal. Nos hemos sentido muy a gusto y la gente nos ha parecido muy receptiva\u00bb.<\/p>\n<p>Para Camar\u00f3n fueron los momentos m\u00e1s duros de la noche porque tras el espectacular final de Ketama, plet\u00f3ricos de fuerza y entrega, tuvo que hacer frente al desinter\u00e9s de buena parte de los asistentes. Algunos, los menos, le escuchaban; los otros estaban a sus cosas y, claro, en este tipo de festejos bullangueros la raz\u00f3n se mide en decibelios. Cuando la potencia de la m\u00fasica que se genera desde el escenario se muestra algo t\u00edmida, el rumor del respetable se va asemejando cada vez m\u00e1s a una algarab\u00eda y llega a convertirse en un aut\u00e9ntico suplicio escuchar al artista en esas condiciones. Si adem\u00e1s quien canta es alguien como Camar\u00f3n, el sufrimiento se agudiza.<\/p>\n<p>Quiz\u00e1 Jos\u00e9 Monje se preguntase qu\u00e9 es lo que se le hab\u00eda perdido a \u00e9l en una discoteca de Nueva York ya que en su pueblo, cuando canta, por lo menos se le escucha. Lo m\u00e1s impresionante es que a pesar de esos condicionamientos deplorables consigui\u00f3 que sinti\u00e9ramos c\u00f3mo iba creciendo el magnetismo de su voz. Escondidas en el anomimato del p\u00fablico dos mujeres de raza negra acompa\u00f1aban suavemente con la cabeza las m\u00e1s m\u00ednimas inflexiones vocales de Camar\u00f3n e incluso se arrancaron con algunas palmas. Para Manolo Garc\u00eda la \u00abestrella de la noche era Camar\u00f3n\u00bb. Su presencia es la que atrajo hasta all\u00ed a David Byrne y Milton Nascimento.<\/p>\n<p>Con El \u00daltimo de la Fila se verific\u00f3 aquella sentencia b\u00edblica seg\u00fan la cual los \u00faltimos ser\u00e1n los primeros. Eran los m\u00e1s esperados y tambi\u00e9n fueron m\u00e1s ovacionados. Garc\u00eda y Portet han creado un estilo con toque hispano pero siempre dentro de los esquemas del rock. Y por estas latitudes el citado g\u00e9nero sigue siendo el rey.<\/p>\n<p>El Palladium, que vio triunfar la mejor m\u00fasica latina en los a\u00f1os cincuenta, puede haber sido el s\u00e1bado un trampol\u00edn para la m\u00fasica que se hace en Espa\u00f1a. Aunque habr\u00e1 que ver qu\u00e9 ocurre con el plan trienal para promocionar nuestra m\u00fasica en el mercado internacional. Porque sin una pol\u00edtica de continuidad lo del Palladium habr\u00e1 sido un simple gesto condenado al olvido.<\/p>\n<p>Fuente: Carlos Galilea\u00a0ENVIADO ESPECIAL &#8211; <a href=\"https:\/\/elpais.com\/diario\/1990\/07\/16\/cultura\/648079208_850215.html\" target=\"_blank\" rel=\"noopener\">ENLACE<\/a> &#8211; Foto de David Regu\u00e9<\/p>\n","protected":false},"excerpt":{"rendered":"<p>M\u00fasicos espa\u00f1oles toman Nueva York por una noche Ketama, El Ultimo de la Fila y Camar\u00f3n de la Isla le pegaron, el pasado s\u00e1bado por la noche, un primer mordisco a la Gran Manzana, al reunir en el Palladium de Nueva York a m\u00e1s de 5.000 espectadores, entre los cuales se encontraban David Byrne y<a class=\"moretag\" href=\"https:\/\/www.manologarciaycia.com\/?p=18041\" title=\"A por la Gran Manzana (16\/7\/1990, El Pa\u00eds)\" target=\"_self\" rel=\"follow\"> <font face=arial size=2>[Leer m\u00e1s]<\/font> <\/a><\/p>\n","protected":false},"author":2,"featured_media":18042,"comment_status":"closed","ping_status":"closed","sticky":false,"template":"","format":"standard","meta":{"footnotes":""},"categories":[1],"tags":[],"class_list":["post-18041","post","type-post","status-publish","format-standard","has-post-thumbnail","hentry","category-manolo-garcia"],"_links":{"self":[{"href":"https:\/\/www.manologarciaycia.com\/index.php?rest_route=\/wp\/v2\/posts\/18041","targetHints":{"allow":["GET"]}}],"collection":[{"href":"https:\/\/www.manologarciaycia.com\/index.php?rest_route=\/wp\/v2\/posts"}],"about":[{"href":"https:\/\/www.manologarciaycia.com\/index.php?rest_route=\/wp\/v2\/types\/post"}],"author":[{"embeddable":true,"href":"https:\/\/www.manologarciaycia.com\/index.php?rest_route=\/wp\/v2\/users\/2"}],"replies":[{"embeddable":true,"href":"https:\/\/www.manologarciaycia.com\/index.php?rest_route=%2Fwp%2Fv2%2Fcomments&post=18041"}],"version-history":[{"count":1,"href":"https:\/\/www.manologarciaycia.com\/index.php?rest_route=\/wp\/v2\/posts\/18041\/revisions"}],"predecessor-version":[{"id":18043,"href":"https:\/\/www.manologarciaycia.com\/index.php?rest_route=\/wp\/v2\/posts\/18041\/revisions\/18043"}],"wp:featuredmedia":[{"embeddable":true,"href":"https:\/\/www.manologarciaycia.com\/index.php?rest_route=\/wp\/v2\/media\/18042"}],"wp:attachment":[{"href":"https:\/\/www.manologarciaycia.com\/index.php?rest_route=%2Fwp%2Fv2%2Fmedia&parent=18041"}],"wp:term":[{"taxonomy":"category","embeddable":true,"href":"https:\/\/www.manologarciaycia.com\/index.php?rest_route=%2Fwp%2Fv2%2Fcategories&post=18041"},{"taxonomy":"post_tag","embeddable":true,"href":"https:\/\/www.manologarciaycia.com\/index.php?rest_route=%2Fwp%2Fv2%2Ftags&post=18041"}],"curies":[{"name":"wp","href":"https:\/\/api.w.org\/{rel}","templated":true}]}}