{"id":1796,"date":"2011-10-22T19:09:35","date_gmt":"2011-10-22T18:09:35","guid":{"rendered":"http:\/\/petaos.net\/?p=1796"},"modified":"2011-10-24T08:14:06","modified_gmt":"2011-10-24T07:14:06","slug":"mg-la-primera-violencia-la-generan-los-estados","status":"publish","type":"post","link":"https:\/\/www.manologarciaycia.com\/?p=1796","title":{"rendered":"MG: \u00abLa primera violencia la generan los estados\u00bb"},"content":{"rendered":"<p><img loading=\"lazy\" decoding=\"async\" class=\"alignleft\" src=\"http:\/\/imagenes.publico.es\/resources\/archivos\/2011\/10\/21\/1319229037036manolo-detalledn.jpg\" alt=\"\" width=\"320\" height=\"400\" \/><span style=\"color: #000000;\">Manolo Garc\u00eda lleva cuatro horas atendiendo a los medios en la presentaci\u00f3n de su nuevo disco. A pesar de ello, hace gala de un buen humor envidiable. \u00abLlevo muchas batallas\u00bb, reconoce. \u00abAdem\u00e1s, hoy es un d\u00eda para estar contento y feliz: presento disco\u00bb, a\u00f1ade.<\/span><\/p>\n<p style=\"margin-top: 0px; margin-right: 0px; margin-bottom: 20px; margin-left: 0px; font-size: 0.95em; text-align: left; line-height: 1.5em; padding: 0px;\"><strong><span style=\"color: #000000;\">\u00bfQu\u00e9 trae de nuevo D\u00edas intactos&#8217;?<\/span><\/strong><\/p>\n<p style=\"margin-top: 0px; margin-right: 0px; margin-bottom: 20px; margin-left: 0px; font-size: 0.95em; text-align: left; line-height: 1.5em; padding: 0px;\"><span style=\"color: #000000;\">Trae una ilusi\u00f3n renovada. Nuevos sentimientos, ganas de aprender, de tirar hacia delante y ganas de participar.<\/span><\/p>\n<p style=\"margin-top: 0px; margin-right: 0px; margin-bottom: 20px; margin-left: 0px; font-size: 0.95em; text-align: left; line-height: 1.5em; padding: 0px;\"><strong><span style=\"color: #000000;\">\u00bfHab\u00eda perdido la ilusi\u00f3n?<\/span><\/strong><\/p>\n<p style=\"margin-top: 0px; margin-right: 0px; margin-bottom: 20px; margin-left: 0px; font-size: 0.95em; text-align: left; line-height: 1.5em; padding: 0px;\"><span style=\"color: #000000;\">Nunca. Pero siempre hay que buscar nuevas ilusiones porque si no corres el peligro de caer en una cadena de repetici\u00f3n. Siempre trato de no acomodarme en una misma cosa.<\/span><\/p>\n<p style=\"margin-top: 0px; margin-right: 0px; margin-bottom: 20px; margin-left: 0px; font-size: 0.95em; text-align: left; line-height: 1.5em; padding: 0px;\"><span style=\"color: #000000;\"> Fuente: Publico &#8211; <a href=\"http:\/\/www.publico.es\/culturas\/402795\/la-primera-violencia-la-generan-los-estados\" target=\"_blank\">ENLACE<\/a><\/span><\/p>\n<p style=\"margin-top: 0px; margin-right: 0px; margin-bottom: 20px; margin-left: 0px; font-size: 0.95em; text-align: left; line-height: 1.5em; padding: 0px;\">\n<p style=\"margin-top: 0px; margin-right: 0px; margin-bottom: 20px; margin-left: 0px; font-size: 0.95em; text-align: left; line-height: 1.5em; padding: 0px;\"><strong><span style=\"color: #000000;\">Precisamente los m\u00e1s cr\u00edticos siempre le acusan de ser repetitivo.<\/span><\/strong><\/p>\n<p style=\"margin-top: 0px; margin-right: 0px; margin-bottom: 20px; margin-left: 0px; font-size: 0.95em; text-align: left; line-height: 1.5em; padding: 0px;\"><span style=\"color: #000000;\">No estoy de acuerdo. En mis discos s\u00f3lo hay una cosa en com\u00fan: que hago canciones. Pero cada uno de ellos es distinto, tiene una sonoridad diferente al anterior. Es cierto que todos tienen un poco del anterior, pero porque siempre avanzo con un pie detr\u00e1s. Quien me acusa de eso lo hace con mala fe.<\/span><\/p>\n<p style=\"margin-top: 0px; margin-right: 0px; margin-bottom: 20px; margin-left: 0px; font-size: 0.95em; text-align: left; line-height: 1.5em; padding: 0px;\"><strong><span style=\"color: #000000;\">Cuando compone una canci\u00f3n, \u00bfqu\u00e9 busca?<\/span><\/strong><\/p>\n<p style=\"margin-top: 0px; margin-right: 0px; margin-bottom: 20px; margin-left: 0px; font-size: 0.95em; text-align: left; line-height: 1.5em; padding: 0px;\"><span style=\"color: #000000;\">Un m\u00fasico no arregla el mundo, pero lo puede hacer mejor. La m\u00fasica mejora a las personas, les enriquece espiritualmente. Una canci\u00f3n no cambia el mundo, pero es una aportaci\u00f3n.<\/span><\/p>\n<p style=\"margin-top: 0px; margin-right: 0px; margin-bottom: 20px; margin-left: 0px; font-size: 0.95em; text-align: left; line-height: 1.5em; padding: 0px;\"><strong><span style=\"color: #000000;\">\u00bfQu\u00e9 hay que cambiar?<\/span><\/strong><\/p>\n<p style=\"margin-top: 0px; margin-right: 0px; margin-bottom: 20px; margin-left: 0px; font-size: 0.95em; text-align: left; line-height: 1.5em; padding: 0px;\"><span style=\"color: #000000;\">El reparto de posibilidades para vivir. No puede ser que unos tengan tanto y otros absolutamente nada. Esto hay que arreglarlo y ya es una cuesti\u00f3n planetaria. Estamos todos en el mismo barco. Y el consumismo es uno de los mayores males de la humanidad.<\/span><\/p>\n<p style=\"margin-top: 0px; margin-right: 0px; margin-bottom: 20px; margin-left: 0px; font-size: 0.95em; text-align: left; line-height: 1.5em; padding: 0px;\"><strong><span style=\"color: #000000;\">Habla como un indignado del 15-M.<\/span><\/strong><\/p>\n<p style=\"margin-top: 0px; margin-right: 0px; margin-bottom: 20px; margin-left: 0px; font-size: 0.95em; text-align: left; line-height: 1.5em; padding: 0px;\"><span style=\"color: #000000;\">No es para menos. Lo que m\u00e1s me gusta del 15-M es que cada uno aporta su grano de arena y toda su ilusi\u00f3n. Es emocionante ver que mil ciudades en todo el mundo salen a decir que los pol\u00edticos son malas personas y que basta ya de seguirle el juego a los banqueros.<\/span><\/p>\n<p style=\"margin-top: 0px; margin-right: 0px; margin-bottom: 20px; margin-left: 0px; font-size: 0.95em; text-align: left; line-height: 1.5em; padding: 0px;\"><strong><span style=\"color: #000000;\">Hay gente que acusa al movimiento de violento.<\/span><\/strong><\/p>\n<p style=\"margin-top: 0px; margin-right: 0px; margin-bottom: 20px; margin-left: 0px; font-size: 0.95em; text-align: left; line-height: 1.5em; padding: 0px;\"><span style=\"color: #000000;\">Hay que ser conscientes de que la primera violencia la generan los estados, los bancos, lo que se llama los poderes f\u00e1cticos. Siempre se dice que la violencia genera violencia pero hay que cerrar el c\u00edrculo y dejar la violencia aparte.<\/span><\/p>\n<p style=\"margin-top: 0px; margin-right: 0px; margin-bottom: 20px; margin-left: 0px; font-size: 0.95em; text-align: left; line-height: 1.5em; padding: 0px;\"><strong><span style=\"color: #000000;\">\u00bfQu\u00e9 piensa de la crisis actual por la que est\u00e1 pasando la SGAE?<\/span><\/strong><\/p>\n<p style=\"margin-top: 0px; margin-right: 0px; margin-bottom: 20px; margin-left: 0px; font-size: 0.95em; text-align: left; line-height: 1.5em; padding: 0px;\"><span style=\"color: #000000;\">Es lamentable. Ten\u00edamos al enemigo en nuestra propia casa. Ha pasado como con la sociedad, unos l\u00edderes han tomado medidas en contra de la gente a la que representan. Pero hay que decir que no somos 50 personas, hay gente que no queremos cobrar a las peluquer\u00edas, ni en las bodas, etc.<\/span><\/p>\n<p style=\"margin-top: 0px; margin-right: 0px; margin-bottom: 20px; margin-left: 0px; font-size: 0.95em; text-align: left; line-height: 1.5em; padding: 0px;\"><strong><span style=\"color: #000000;\">\u00bfAlg\u00fan d\u00eda volveremos a ver a El \u00faltimo de la fila encima de un escenario?<\/span><\/strong><\/p>\n<p style=\"margin-top: 0px; margin-right: 0px; margin-bottom: 20px; margin-left: 0px; font-size: 0.95em; text-align: left; line-height: 1.5em; padding: 0px;\"><span style=\"color: #000000;\">No. Tuvimos muchas noches de gloria dando mucha tralla encima de los escenarios. Nuestro momento como banda se termin\u00f3. Bien est\u00e1 lo que bien acaba.<\/span><\/p>\n","protected":false},"excerpt":{"rendered":"<p>Manolo Garc\u00eda lleva cuatro horas atendiendo a los medios en la presentaci\u00f3n de su nuevo disco. A pesar de ello, hace gala de un buen humor envidiable. \u00abLlevo muchas batallas\u00bb, reconoce. \u00abAdem\u00e1s, hoy es un d\u00eda para estar contento y feliz: presento disco\u00bb, a\u00f1ade. \u00bfQu\u00e9 trae de nuevo D\u00edas intactos&#8217;? Trae una ilusi\u00f3n renovada. Nuevos<a class=\"moretag\" href=\"https:\/\/www.manologarciaycia.com\/?p=1796\" title=\"MG: \u00abLa primera violencia la generan los estados\u00bb\" target=\"_self\" rel=\"follow\"> <font face=arial size=2>[Leer m\u00e1s]<\/font> <\/a><\/p>\n","protected":false},"author":2,"featured_media":0,"comment_status":"closed","ping_status":"closed","sticky":false,"template":"","format":"standard","meta":{"footnotes":""},"categories":[1],"tags":[286],"class_list":["post-1796","post","type-post","status-publish","format-standard","hentry","category-manolo-garcia","tag-manolo-garcia-publico-entrevista"],"_links":{"self":[{"href":"https:\/\/www.manologarciaycia.com\/index.php?rest_route=\/wp\/v2\/posts\/1796","targetHints":{"allow":["GET"]}}],"collection":[{"href":"https:\/\/www.manologarciaycia.com\/index.php?rest_route=\/wp\/v2\/posts"}],"about":[{"href":"https:\/\/www.manologarciaycia.com\/index.php?rest_route=\/wp\/v2\/types\/post"}],"author":[{"embeddable":true,"href":"https:\/\/www.manologarciaycia.com\/index.php?rest_route=\/wp\/v2\/users\/2"}],"replies":[{"embeddable":true,"href":"https:\/\/www.manologarciaycia.com\/index.php?rest_route=%2Fwp%2Fv2%2Fcomments&post=1796"}],"version-history":[{"count":3,"href":"https:\/\/www.manologarciaycia.com\/index.php?rest_route=\/wp\/v2\/posts\/1796\/revisions"}],"predecessor-version":[{"id":1803,"href":"https:\/\/www.manologarciaycia.com\/index.php?rest_route=\/wp\/v2\/posts\/1796\/revisions\/1803"}],"wp:attachment":[{"href":"https:\/\/www.manologarciaycia.com\/index.php?rest_route=%2Fwp%2Fv2%2Fmedia&parent=1796"}],"wp:term":[{"taxonomy":"category","embeddable":true,"href":"https:\/\/www.manologarciaycia.com\/index.php?rest_route=%2Fwp%2Fv2%2Fcategories&post=1796"},{"taxonomy":"post_tag","embeddable":true,"href":"https:\/\/www.manologarciaycia.com\/index.php?rest_route=%2Fwp%2Fv2%2Ftags&post=1796"}],"curies":[{"name":"wp","href":"https:\/\/api.w.org\/{rel}","templated":true}]}}