{"id":178,"date":"2009-12-22T08:17:12","date_gmt":"2009-12-22T07:17:12","guid":{"rendered":"http:\/\/petaos.net\/?p=178"},"modified":"2009-12-23T20:09:01","modified_gmt":"2009-12-23T19:09:01","slug":"178","status":"publish","type":"post","link":"https:\/\/www.manologarciaycia.com\/?p=178","title":{"rendered":"Presentaci\u00f3n Oficial LANGA &#8211; 19\/12\/09 con presencia de Manolo Garc\u00eda"},"content":{"rendered":"<p><em>La <strong>PRESENTACION OFICIAL<\/strong> de <strong>LANGA<\/strong> en la <strong>SALA RITMO&amp;COMP\u00c1S<\/strong> el 19\/12\/09, cont\u00f3 con el apoyo y presencia de invitados sorpresa, artistas de la talla de <strong>Manolo Garc\u00eda<\/strong> o <strong>Nacho G.Vega <\/strong> acudieron y colaboraron en el evento. <\/em><\/p>\n<p><em>En breve m\u00e1s informaci\u00f3n.<\/em><\/p>\n<p><em>Donde los R\u00edos se hacen Mar <\/em>junto a Manolo Garc\u00eda<em> (gracias Petalosdeluz):<br \/>\n<\/em><\/p>\n<p><object classid=\"clsid:d27cdb6e-ae6d-11cf-96b8-444553540000\" width=\"425\" height=\"344\" codebase=\"http:\/\/download.macromedia.com\/pub\/shockwave\/cabs\/flash\/swflash.cab#version=6,0,40,0\"><param name=\"allowFullScreen\" value=\"true\" \/><param name=\"allowscriptaccess\" value=\"always\" \/><param name=\"src\" value=\"http:\/\/www.youtube.com\/v\/ALPW-SSZ-90&amp;hl=es_ES&amp;fs=1&amp;\" \/><param name=\"allowfullscreen\" value=\"true\" \/><embed type=\"application\/x-shockwave-flash\" width=\"425\" height=\"344\" src=\"http:\/\/www.youtube.com\/v\/ALPW-SSZ-90&amp;hl=es_ES&amp;fs=1&amp;\" allowscriptaccess=\"always\" allowfullscreen=\"true\"><\/embed><\/object><\/p>\n<p><em>Purple Rain:<br \/>\n<\/em><\/p>\n<p><object classid=\"clsid:d27cdb6e-ae6d-11cf-96b8-444553540000\" width=\"425\" height=\"344\" codebase=\"http:\/\/download.macromedia.com\/pub\/shockwave\/cabs\/flash\/swflash.cab#version=6,0,40,0\"><param name=\"allowFullScreen\" value=\"true\" \/><param name=\"allowscriptaccess\" value=\"always\" \/><param name=\"src\" value=\"http:\/\/www.youtube.com\/v\/ql8JBdwANvY&amp;hl=es_ES&amp;fs=1&amp;\" \/><param name=\"allowfullscreen\" value=\"true\" \/><embed type=\"application\/x-shockwave-flash\" width=\"425\" height=\"344\" src=\"http:\/\/www.youtube.com\/v\/ql8JBdwANvY&amp;hl=es_ES&amp;fs=1&amp;\" allowscriptaccess=\"always\" allowfullscreen=\"true\"><\/embed><\/object><br \/>\n<em>Gracias Lavris!<\/em><\/p>\n","protected":false},"excerpt":{"rendered":"<p>La PRESENTACION OFICIAL de LANGA en la SALA RITMO&amp;COMP\u00c1S el 19\/12\/09, cont\u00f3 con el apoyo y presencia de invitados sorpresa, artistas de la talla de Manolo Garc\u00eda o Nacho G.Vega acudieron y colaboraron en el evento. En breve m\u00e1s informaci\u00f3n. Donde los R\u00edos se hacen Mar junto a Manolo Garc\u00eda (gracias Petalosdeluz): Purple Rain: Gracias<a class=\"moretag\" href=\"https:\/\/www.manologarciaycia.com\/?p=178\" title=\"Presentaci\u00f3n Oficial LANGA &#8211; 19\/12\/09 con presencia de Manolo Garc\u00eda\" target=\"_self\" rel=\"follow\"> <font face=arial size=2>[Leer m\u00e1s]<\/font> <\/a><\/p>\n","protected":false},"author":2,"featured_media":0,"comment_status":"closed","ping_status":"open","sticky":false,"template":"","format":"standard","meta":{"footnotes":""},"categories":[23],"tags":[44],"class_list":["post-178","post","type-post","status-publish","format-standard","hentry","category-otros","tag-langa-concierto-presentacion-ritmo-compas-manolo-garcia-nacho-vega-ricardo-marin"],"_links":{"self":[{"href":"https:\/\/www.manologarciaycia.com\/index.php?rest_route=\/wp\/v2\/posts\/178","targetHints":{"allow":["GET"]}}],"collection":[{"href":"https:\/\/www.manologarciaycia.com\/index.php?rest_route=\/wp\/v2\/posts"}],"about":[{"href":"https:\/\/www.manologarciaycia.com\/index.php?rest_route=\/wp\/v2\/types\/post"}],"author":[{"embeddable":true,"href":"https:\/\/www.manologarciaycia.com\/index.php?rest_route=\/wp\/v2\/users\/2"}],"replies":[{"embeddable":true,"href":"https:\/\/www.manologarciaycia.com\/index.php?rest_route=%2Fwp%2Fv2%2Fcomments&post=178"}],"version-history":[{"count":4,"href":"https:\/\/www.manologarciaycia.com\/index.php?rest_route=\/wp\/v2\/posts\/178\/revisions"}],"predecessor-version":[{"id":186,"href":"https:\/\/www.manologarciaycia.com\/index.php?rest_route=\/wp\/v2\/posts\/178\/revisions\/186"}],"wp:attachment":[{"href":"https:\/\/www.manologarciaycia.com\/index.php?rest_route=%2Fwp%2Fv2%2Fmedia&parent=178"}],"wp:term":[{"taxonomy":"category","embeddable":true,"href":"https:\/\/www.manologarciaycia.com\/index.php?rest_route=%2Fwp%2Fv2%2Fcategories&post=178"},{"taxonomy":"post_tag","embeddable":true,"href":"https:\/\/www.manologarciaycia.com\/index.php?rest_route=%2Fwp%2Fv2%2Ftags&post=178"}],"curies":[{"name":"wp","href":"https:\/\/api.w.org\/{rel}","templated":true}]}}