{"id":1735,"date":"2011-10-20T15:55:30","date_gmt":"2011-10-20T14:55:30","guid":{"rendered":"http:\/\/petaos.net\/?p=1735"},"modified":"2011-10-21T08:00:18","modified_gmt":"2011-10-21T07:00:18","slug":"mg-para-mi-seria-nefasto-convertirme-en-un-copion-de-mi-mismo","status":"publish","type":"post","link":"https:\/\/www.manologarciaycia.com\/?p=1735","title":{"rendered":"MG: \u00abPara m\u00ed ser\u00eda nefasto convertirme en un copi\u00f3n de m\u00ed mismo\u00bb"},"content":{"rendered":"<p>Manolo Garc\u00eda tiene un pie que tira en la direcci\u00f3n del rock y una mano que pinta con colores el\u00e9ctricos, como muestra en su nuevo h\u00edbrido de pintura y m\u00fasica, en el que exhibe conciencia obrera y estilo urbano, huyendo de su disco anterior. \u00abSer\u00eda nefasto convertirme en un copi\u00f3n de mi mismo\u00bb, dice.<\/p>\n<p>Los \u00faltimos tres a\u00f1os fueron \u00abbastante fruct\u00edferos\u00bb para este m\u00fasico y pintor que, en una entrevista con Efe en Madrid ante la publicaci\u00f3n el pr\u00f3ximo martes de Los d\u00edas intactos, cuenta que al final \u00abten\u00eda bastante m\u00e1s en el saco de lo que escrib\u00eda que en el de lo que tocaba\u00bb.<\/p>\n<p><img loading=\"lazy\" decoding=\"async\" class=\"aligncenter\" src=\"http:\/\/img01.lavanguardia.com\/2011\/10\/20\/El-musico-y-pintor-Manolo-Garc_54232705038_53389389549_600_396.jpg\" alt=\"\" width=\"599\" height=\"396\" \/><\/p>\n<p>Pens\u00f3 que ser\u00eda bonito editar un libro con todos esos textos hu\u00e9rfanos de m\u00fasica, adem\u00e1s de las letras de las nuevas canciones y una selecci\u00f3n de su obra pict\u00f3rica, y decidi\u00f3 publicarlo en paralelo con su nuevo \u00e1lbum bajo el nombre de \u00abEl fruto de la rama m\u00e1s alta\u00bb (Temas de Hoy).<\/p>\n<p>Fuente: La Vanguardia &#8211; <a href=\"http:\/\/www.lavanguardia.com\/musica\/20111020\/54232704975\/manolo-garcia-para-mi-seria-nefasto-convertirme-en-un-copion-de-mi-mismo.html\" target=\"_new\">ENLACE<\/a><\/p>\n<p>Garc\u00eda (Barcelona, 1955) que gusta de \u00absorprenderse y girar en direcci\u00f3n contrario\u00bb, decidi\u00f3 tomar un rumbo diferente en su quinto disco de estudio respecto a su \u00faltima producci\u00f3n, Saldremos a la lluvia (2008), que le llev\u00f3 a Grecia.<br \/>\n\u00abYo siempre dejo un pie en el lugar en el que estoy y el otro lo avanzo en otra direcci\u00f3n, en este caso ha sido hacia EEUU, porque me apetec\u00eda hacer un disco el\u00e9ctrico. Este es un disco m\u00e1s urbano\u00bb, informa el m\u00fasico, que ha grabado Los d\u00edas intactos entre Girona y Los Angeles.<\/p>\n<p>\u00abQuiero pensar que tengo un estilo marcado. Lo otro ser\u00edan clones, copias. Un problema muy grande es convertirte en copi\u00f3n de ti mismo, eso para m\u00ed ser\u00eda nefasto. Hay elementos comunes, pero siempre hay una parte nueva\u00bb, precisa.<\/p>\n<p>Reconoce que lo suyo es \u00abcanci\u00f3n de autor\u00bb y que le gustan Joan Manuel Serrat, Pedro Guerra y Juan Luis Guerra, pero que, \u00abecl\u00e9ctico\u00bb y todo, al final es un roquero que en su iPod escucha a Green Day y Red Hot Chili Peppers, que piensa asistir al concierto de Wilco y que necesita \u00abl\u00edneas de bajo y bater\u00eda, aunque luego a\u00f1ada una guitarra espa\u00f1ola y un la\u00fad\u00bb.<\/p>\n<p>Reivindica los or\u00edgenes sencillos de su familia, labrados primero en el campo y forjados despu\u00e9s en altos hornos. \u00abYo tengo conciencia obrera, eso no se pierde nunca\u00bb, defiende Garc\u00eda, que dice que la traslada a sus giras con \u00abprecios populares\u00bb. \u00abMi 15-M es ese\u00bb, a\u00f1ade.<\/p>\n<p>Presume adem\u00e1s de haber tenido desde peque\u00f1o \u00abun punto \u00e1crata\u00bb y se declara feliz por que \u00abla gente salga a la calle, se manifieste pac\u00edficamente\u00bb y tome el mando ante unos responsables que lo han hecho \u00abregular tirando a muy mal\u00bb.<\/p>\n<p>\u00abYo estoy harto de que me metan miedo. Ellos tambi\u00e9n tienen que tener un poco miedo\u00bb, opina.<br \/>\nCansado de noticias negativas, a su nuevo disco le ha puesto humor adem\u00e1s de rock, con un collage que incluye vacas bajadas de internet a 25 euros la pieza. \u00abNo digo que haya que cachondearse de lo que pasa, pero vamos a cambiar el talante\u00bb, sugiere.<\/p>\n<p>No s\u00f3lo el 15-M le ha inspirado en su nueva obra, que exhibe tambi\u00e9n cierta preocupaci\u00f3n medioambiental. Tras la prohibici\u00f3n en Catalu\u00f1a de las corridas de toros, pide que \u00abse proh\u00edba todo lo que tiene que ver con el maltrato animal, como los correbous\u00bb.<\/p>\n<p>Garc\u00eda, que dice debatirse entre una pasi\u00f3n taurina heredada de su padre y la constataci\u00f3n de que el animal sufre, opina que la decisi\u00f3n se tom\u00f3 \u00abpor una cuesti\u00f3n pol\u00edtica\u00bb y que \u00e9l habr\u00eda preferido \u00abun refer\u00e9ndum\u00bb.<br \/>\nY es que a Garc\u00eda no le gustan las imposiciones. \u00abNo fum\u00e9is, no vay\u00e1is sin camiseta, no pod\u00e9is mear all\u00eday cosas que son de caj\u00f3n, pero hay maneras. Ya est\u00e1 bien de ir siempre con la porra\u00bb, insiste el cantante, que pide campa\u00f1as de informaci\u00f3n y, despu\u00e9s, libertad para aplicar el sentido com\u00fan.<\/p>\n","protected":false},"excerpt":{"rendered":"<p>Manolo Garc\u00eda tiene un pie que tira en la direcci\u00f3n del rock y una mano que pinta con colores el\u00e9ctricos, como muestra en su nuevo h\u00edbrido de pintura y m\u00fasica, en el que exhibe conciencia obrera y estilo urbano, huyendo de su disco anterior. \u00abSer\u00eda nefasto convertirme en un copi\u00f3n de mi mismo\u00bb, dice. Los<a class=\"moretag\" href=\"https:\/\/www.manologarciaycia.com\/?p=1735\" title=\"MG: \u00abPara m\u00ed ser\u00eda nefasto convertirme en un copi\u00f3n de m\u00ed mismo\u00bb\" target=\"_self\" rel=\"follow\"> <font face=arial size=2>[Leer m\u00e1s]<\/font> <\/a><\/p>\n","protected":false},"author":2,"featured_media":0,"comment_status":"closed","ping_status":"closed","sticky":false,"template":"","format":"standard","meta":{"footnotes":""},"categories":[1],"tags":[267],"class_list":["post-1735","post","type-post","status-publish","format-standard","hentry","category-manolo-garcia","tag-manolo-garcia-entrevista-vanguardia-dias-intactos"],"_links":{"self":[{"href":"https:\/\/www.manologarciaycia.com\/index.php?rest_route=\/wp\/v2\/posts\/1735","targetHints":{"allow":["GET"]}}],"collection":[{"href":"https:\/\/www.manologarciaycia.com\/index.php?rest_route=\/wp\/v2\/posts"}],"about":[{"href":"https:\/\/www.manologarciaycia.com\/index.php?rest_route=\/wp\/v2\/types\/post"}],"author":[{"embeddable":true,"href":"https:\/\/www.manologarciaycia.com\/index.php?rest_route=\/wp\/v2\/users\/2"}],"replies":[{"embeddable":true,"href":"https:\/\/www.manologarciaycia.com\/index.php?rest_route=%2Fwp%2Fv2%2Fcomments&post=1735"}],"version-history":[{"count":3,"href":"https:\/\/www.manologarciaycia.com\/index.php?rest_route=\/wp\/v2\/posts\/1735\/revisions"}],"predecessor-version":[{"id":1740,"href":"https:\/\/www.manologarciaycia.com\/index.php?rest_route=\/wp\/v2\/posts\/1735\/revisions\/1740"}],"wp:attachment":[{"href":"https:\/\/www.manologarciaycia.com\/index.php?rest_route=%2Fwp%2Fv2%2Fmedia&parent=1735"}],"wp:term":[{"taxonomy":"category","embeddable":true,"href":"https:\/\/www.manologarciaycia.com\/index.php?rest_route=%2Fwp%2Fv2%2Fcategories&post=1735"},{"taxonomy":"post_tag","embeddable":true,"href":"https:\/\/www.manologarciaycia.com\/index.php?rest_route=%2Fwp%2Fv2%2Ftags&post=1735"}],"curies":[{"name":"wp","href":"https:\/\/api.w.org\/{rel}","templated":true}]}}