{"id":1729,"date":"2011-10-20T07:49:55","date_gmt":"2011-10-20T06:49:55","guid":{"rendered":"http:\/\/petaos.net\/?p=1729"},"modified":"2011-10-20T07:49:55","modified_gmt":"2011-10-20T06:49:55","slug":"mg-primer-analisis-de-el-fruto-de-la-rama-mas-alta","status":"publish","type":"post","link":"https:\/\/www.manologarciaycia.com\/?p=1729","title":{"rendered":"MG: Primer an\u00e1lisis de El Fruto de la Rama m\u00e1s Alta"},"content":{"rendered":"<p><em><img loading=\"lazy\" decoding=\"async\" class=\"alignleft\" src=\"http:\/\/1.bp.blogspot.com\/-vCR0byycZuw\/Tp8fNaiKVdI\/AAAAAAAAAR8\/HZh0NW-XbE8\/s320\/fruto-rama.jpg\" alt=\"\" width=\"210\" height=\"219\" \/>Hemos encontrado un primer an\u00e1lisis del libro de Manolo Garc\u00eda que se lanza al mercado pr\u00f3ximamente; gracias a Javier P\u00e9rez Campos.<\/em><\/p>\n<p>Me vais a permitir compartir con vosotros este extenso reportaje sobre un libro que ha ca\u00eddo en mis manos justo hoy. \u00abEl fruto de la rama m\u00e1s alta\u00bb, de Manolo Garc\u00eda, que sale a la venta el pr\u00f3ximo martes 25 de octubre. El mismo d\u00eda que su nuevo disco, \u00abLos d\u00edas intactos\u00bb.<br \/>\nEl libro recoge sus nuevas letras, adem\u00e1s de pinturas, fotograf\u00edas, poemas y otros escritos que demuestran su genialidad. Pregunt\u00e1ndose con humildad. Y neg\u00e1ndose a aceptar las imposiciones comerciales y mundanas. Persiguiendo, y a menudo capturando con atino, lo ef\u00edmero e indescriptible de los sentimientos.<br \/>\nAviso que si quereis llegar virgenes al disco o al libro en este reportaje recojo brevemente alguna de sus notas, y de sus nuevas letras (como digo, con brevedad, sin animo de profanar ni el libro ni el disco).<\/p>\n<p>Fuente y Autor: Javier P\u00e9rez Campos &#8211; <a href=\"http:\/\/javierpc.blogspot.com\/\" target=\"_new\">ENLACE<\/a><\/p>\n<p><span style=\"text-decoration: underline;\">1. SOMBRA DE LA SOMBRA DE TU SOMBRERO<\/span><\/p>\n<p>Tras una gran introducci\u00f3n de Manolo, empieza el primer cap\u00edtulo que abre con la letra de la canci\u00f3n de mismo t\u00edtulo. Una canci\u00f3n que habla de la libertad ante todo. De preferir ser cualquier cosa menos carcelero. \u201cNo quiero ser tu c\u00e1rcel, eso nunca. Preferir\u00eda estar ungido a un carro de rel\u00e1mpagos [\u2026] Sombra de la sombra de la sombra de tu sombrero. Surfero empedernido desterrado tierra adentro, eso prefiero\u201d.<br \/>\nY contin\u00faa con diversas pinturas y acuarelas. Paisajes de colores, cabezas que surgen de la nada, perros con extra\u00f1as formas\u2026 Y decenas de apuntes de campo de un esc\u00e9ntrico participativo para saborearlos gustosos y reflexionarlos. Un ejemplo que me ha parecido magistral: \u201cNo s\u00f3lo la fe mueve monta\u00f1as. Tambi\u00e9n las palas excavadoras. Y que la fe mueva monta\u00f1as me asombra. Pero me descoloca que tambi\u00e9n las muevan las palas excavadoras\u201d.<br \/>\nY siguen los paisajes y los dibujos. Caracoles estridentes, palabras de diferentes tama\u00f1os y colores. P\u00e1ginas llenas de poes\u00eda, filosof\u00eda y vida, en esencia.<br \/>\nLlega entonces el turno de \u201cLo quiero todo\u201d , otro temazo que ya hemos podido escuchar y que habla de la ambici\u00f3n por la vida. Por quererlo todo con humildad, aunque suene a ant\u00edtesis. As\u00ed, canta Manolo: \u201cLo quiero todo. Aprender del pozo profundo de los a\u00f1os. Que no pasaremos de aprendices. Entender que tantas cosas no se pueden tener. Que tantas otras no hacen falta. Y todo eso lo quiero asimilar pues s\u00f3lo yo soy guardi\u00e1n de mi equilibrio y mi verdad\u201d. Y es que el tiempo no pasa en balde, desgraciadamente, para nadie. Y despu\u00e9s de \u201cNunca el tiempo es perdido\u201d Manolo canta \u201cTempus Fugit\u201d.<\/p>\n<p><span style=\"text-decoration: underline;\">2. MARES DE HIERBA<\/span><\/p>\n<p>M\u00e1s colores y paisajes. Y llega el turno del segundo cap\u00edtulo, donde se nos muestra la letra de otro de sus nuevos temas. \u201cLo que me diste cuando nada ped\u00ed\u201d. Una canci\u00f3n que canta a un amor breve pero intenso. \u201cS\u00f3lo he querido de ti lo que me diste cuando nada ped\u00ed. Perdido en las madrugadas que anticipaban d\u00edas sin semanas, todo lo he querido de ti. Sabes que ante nosotros se extienden los d\u00edas intactos\u2026\u201d<br \/>\nY contin\u00faa con m\u00e1s apuntes, algunos breves y humor\u00edsticos como \u201cSi la vida aprieta deberemos adelgazar\u201d. Y siguen ah\u00ed las fotos de monta\u00f1as, prados eternos, infinitos.<br \/>\n\u201cCuando digo , seg\u00fan a qui\u00e9n, lo que estoy deseando es que sepa que estoy deseando saberlo\u201d , escribe. Y contin\u00faa: \u201cLa manera m\u00e1s real de aprender es equivoc\u00e1ndose con ganas\u201d.<br \/>\nY siguen m\u00e1s poemas, colores, sentimientos capturados con palabras. Y cuadros con t\u00edtulos que nos sonar\u00e1n, como \u201cMejor si no hay motores, tenemos velas\u201d\u2026<br \/>\nDe pronto y sin darnos cuenta, llega otra letra. \u201cTodos amamos desesperadamente\u201d , que habla de eso precisamente. De amar desesperadamente. \u201cTodos amamos tan ciegamente alguna vez que mover\u00edamos el mundo con una sola palabra\u201d. Y leerla ahora, cuando a\u00fan no la hemos o\u00eddo, nos hace jugar a intentar averiguar si ser\u00e1 balada o ser\u00e1 rockera. Lo que es seguro, es que ser\u00e1 un temazo con tal letra.<\/p>\n<p><span style=\"text-decoration: underline;\">3. EL FRUTO DE LA RAMA M\u00c1S ALTA<\/span><\/p>\n<p>Y llegamos al cap\u00edtulo que da nombre al libro, y que abre con otra letra nueva. \u201cCompasi\u00f3n y silencio\u201d. Una letra positiva que habla de himnos, clamores y sue\u00f1os. \u201cY s\u00ed, el amor es poli\u00e9drica entrega que arma las torres m\u00e1s altas del mundo. Ya ves. Alegr\u00eda y mesura es lo \u00fanico y cierto que nos puede ayudar. Y s\u00ed, alegr\u00eda y no miedo es lo \u00fanico\u201d.<br \/>\nContin\u00faan entonces paisajes apacibles y palabras sugerentes. Se\u00f1oras que descansan pl\u00e1cidamente junto \u00e1rboles frondosos, extra\u00f1as esculturas y figuras semitransparentes que parecen surgir de la nada. El surrealismo marca de la casa.<br \/>\n\u201cNo puedo aplicarme demasiado en conseguir nuevos amigos porque me estoy esforzando en no perder los pocos que me quedan\u201d.<br \/>\nY fotos de casas humildes y escenas cotidianas. Y en alguno de sus dibujos atisbamos sus famosos peces con piernas.<br \/>\nY llega el turno a otra letra. \u201cUn a\u00f1o y otro a\u00f1o\u201d , donde Manolo nos ofrece un gui\u00f1o\u2026 \u201cLleg\u00f3 enero y pas\u00f3 como pasa una se\u00f1al de tr\u00e1fico en esas carreteras del diablo donde a veces a\u00fan me siento como un burro amarrado a la puerta del baile\u201d.<br \/>\nSeguidamente nos llega otra sorpresa del nuevo disco, \u201cEstoy alegre\u201d , una canci\u00f3n positiva que habla de la b\u00fasqueda de la felicidad a trav\u00e9s del amor, de los sue\u00f1os, de seguir el camino vital de forma contemplativa y serena, aunque con paso firme. \u201cAtrapar\u00e9 los sue\u00f1os en los destellos que el sol pone sobre tus cabellos, y esa es la \u00fanica verdad. Pasar\u00e9 la vida alerta fuera del invernadero\u201d.<\/p>\n<p><span style=\"text-decoration: underline;\">4. CREYENTE EN VUELO LIBRE SIN MOTIVO NI MOTOR<\/span><\/p>\n<p>Llega entonces el cuarto cap\u00edtulo que se inaugura con otra letra. \u201cCreyente bajo torres de alta tensi\u00f3n\u201d , que nos habla de los sentimientos y creencias en un periodo de alta tecnolog\u00eda. De ah\u00ed el sugerente t\u00edtulo. \u201cCreyente en un campo anegado de pecados [\u2026] De calles que contigo amanec\u00ed, hacia los confines de galaxias solitarias o que al averno arrastran\u201d.<br \/>\nM\u00e1s fotograf\u00edas interesantes, de lugares hist\u00f3ricos, de viejas piedras cuyos significados parecemos haber olvidado. Y m\u00e1s frases lapidarias, en ocasiones directas y vehementes. Contundentes. Porque no pueden decirse de otra forma. \u201cTienen que cargarse El Ca\u00f1aberal por cojones y por dinero. Ya nos vale\u201d o \u201cPerd\u00f3nalos si quieres, pero s\u00ed que saben lo que hacen\u201d.<br \/>\nGenialidades varias y llegamos a otro de sus nuevos temas. \u201cJunto a ti\u201d canta a una compa\u00f1era que torna de color los d\u00edas grises. \u201cHas sabido elevarme hacia las cumbres, demasiados d\u00edas en un laberinto gris. Son mi duermevela tus abrazos. Compa\u00f1era, contigo puedo resistir\u201d.<\/p>\n<p><span style=\"text-decoration: underline;\">5. LOS ERRANTES<\/span><\/p>\n<p>Llegamos as\u00ed a \u201cLos Errantes\u201d , que se inicia con la letra del single de su nuevo disco. \u201cUn giro teatral\u201d canta directamente al desamor. A los celos y a lo dif\u00edcil de la autocontenci\u00f3n en algunos momentos. \u201cTe deseo buen a\u00f1o y que el cielo te gu\u00ede. Ahora sin m\u00ed r\u00ede como hac\u00edas anta\u00f1o. Te deseo buen a\u00f1o. Te deseo y te extra\u00f1o\u201d.<br \/>\nUna verdadera genialidad\u2026<br \/>\nY siguen los p\u00e1ramos infinitos. Estampas invernales solitarias. Los retratos imaginarios y sugerentes. Obras de arte sutilmente cr\u00edticas con temas de espinosa actualidad.<br \/>\n\u201cPrincipio y fin son la misma palabra escrita de forma diferente\u201d. \u00bfPuede haber algo m\u00e1s positivo que esta reflexi\u00f3n?<br \/>\nLlega el turno de otro tema. \u201cLos errantes\u201d que habla precisamente de eso. De equivocarse, de pedir ayuda. \u201cHabr\u00e1 lugar para los errantes, habr\u00e1 tiempo de errar. Hoy pienso en la canci\u00f3n del emigrante, la del turista residual\u201d.<br \/>\nY llega entonces otra m\u00e1s. \u201cCabalgar la eternidad\u201d\u2026 \u201cQuer\u00edas cabalgar la eternidad. Queriendo cabalgar la inmensidad. En tu delirio, en tu fragilidad, deslumbrada de est\u00e9ril verdad\u201d.<\/p>\n<p><span style=\"text-decoration: underline;\">6. \u00c1RBOLES QUE ENTRELAZAN SUS COPAS<\/span><\/p>\n<p>Llegamos al cap\u00edtulo final que se inicia con otra letra. \u201cEstamos ah\u00ed\u201d. \u00bfY d\u00f3nde estamos? \u201cEn el gobierno de barcos rumbo a fines del mundo. En instantes de c\u00e1mara digital que tomar\u00e1 millones de fotos que no habr\u00e1n existido cuando se apaguen las estrellas, pero que hoy vibran ante nuestros ojos\u201d.<br \/>\nY llega un escrito que demuestra, una vez m\u00e1s, que Manolo Garc\u00eda es uno de los \u00faltimos poetas. \u201cTe deseo felicidad. Que sumes innumerables momentos dichosos. Que tus d\u00edas sean plet\u00f3ricos. Que consigas avanzar sin enredarte los pies. Mientras as\u00ed sea, no te acordar\u00e1s de m\u00ed y podr\u00e9 vivir en paz\u201d.<br \/>\nY entre otros prados, acuarelas y bocetos, llegamos a la \u00faltima letra. \u201cUn alma de papel\u201d. De nuevo un desamor, dif\u00edcil y crudo\u2026 \u201cHoy que ya lo s\u00e9, que te he amado tanto, se rompe mi canto en la orilla opuesta a la que puse proa\u201d.<br \/>\nComo podemos ver, un \u00e1lbum que parece centrarse m\u00e1s en los sentimientos, en la esperanza y el desamor. En el amor a la vida y la crudeza de la misma. El sue\u00f1o y la realidad.<\/p>\n<p>El libro, \u201cEl fruto de la rama m\u00e1s alta\u201d mima cada una de sus p\u00e1ginas y arropa las palabras, dibujos y fotograf\u00edas de un artista grande y humilde.<\/p>\n<p>Fuente y Autor: Javier P\u00e9rez Campos &#8211;\u00a0<a href=\"http:\/\/javierpc.blogspot.com\/\" target=\"_new\">ENLACE<\/a><\/p>\n","protected":false},"excerpt":{"rendered":"<p>Hemos encontrado un primer an\u00e1lisis del libro de Manolo Garc\u00eda que se lanza al mercado pr\u00f3ximamente; gracias a Javier P\u00e9rez Campos. Me vais a permitir compartir con vosotros este extenso reportaje sobre un libro que ha ca\u00eddo en mis manos justo hoy. \u00abEl fruto de la rama m\u00e1s alta\u00bb, de Manolo Garc\u00eda, que sale a<a class=\"moretag\" href=\"https:\/\/www.manologarciaycia.com\/?p=1729\" title=\"MG: Primer an\u00e1lisis de El Fruto de la Rama m\u00e1s Alta\" target=\"_self\" rel=\"follow\"> <font face=arial size=2>[Leer m\u00e1s]<\/font> <\/a><\/p>\n","protected":false},"author":2,"featured_media":0,"comment_status":"closed","ping_status":"closed","sticky":false,"template":"","format":"standard","meta":{"footnotes":""},"categories":[1],"tags":[264],"class_list":["post-1729","post","type-post","status-publish","format-standard","hentry","category-manolo-garcia","tag-manolo-garcia-javier-perez-campos-fruto-rama-alta-libro-analisis"],"_links":{"self":[{"href":"https:\/\/www.manologarciaycia.com\/index.php?rest_route=\/wp\/v2\/posts\/1729","targetHints":{"allow":["GET"]}}],"collection":[{"href":"https:\/\/www.manologarciaycia.com\/index.php?rest_route=\/wp\/v2\/posts"}],"about":[{"href":"https:\/\/www.manologarciaycia.com\/index.php?rest_route=\/wp\/v2\/types\/post"}],"author":[{"embeddable":true,"href":"https:\/\/www.manologarciaycia.com\/index.php?rest_route=\/wp\/v2\/users\/2"}],"replies":[{"embeddable":true,"href":"https:\/\/www.manologarciaycia.com\/index.php?rest_route=%2Fwp%2Fv2%2Fcomments&post=1729"}],"version-history":[{"count":1,"href":"https:\/\/www.manologarciaycia.com\/index.php?rest_route=\/wp\/v2\/posts\/1729\/revisions"}],"predecessor-version":[{"id":1730,"href":"https:\/\/www.manologarciaycia.com\/index.php?rest_route=\/wp\/v2\/posts\/1729\/revisions\/1730"}],"wp:attachment":[{"href":"https:\/\/www.manologarciaycia.com\/index.php?rest_route=%2Fwp%2Fv2%2Fmedia&parent=1729"}],"wp:term":[{"taxonomy":"category","embeddable":true,"href":"https:\/\/www.manologarciaycia.com\/index.php?rest_route=%2Fwp%2Fv2%2Fcategories&post=1729"},{"taxonomy":"post_tag","embeddable":true,"href":"https:\/\/www.manologarciaycia.com\/index.php?rest_route=%2Fwp%2Fv2%2Ftags&post=1729"}],"curies":[{"name":"wp","href":"https:\/\/api.w.org\/{rel}","templated":true}]}}