{"id":1710,"date":"2011-10-18T11:46:39","date_gmt":"2011-10-18T10:46:39","guid":{"rendered":"http:\/\/petaos.net\/?p=1710"},"modified":"2011-10-18T13:31:05","modified_gmt":"2011-10-18T12:31:05","slug":"mg-lo-quiero-todo-ya-en-itunes","status":"publish","type":"post","link":"https:\/\/www.manologarciaycia.com\/?p=1710","title":{"rendered":"MG: Lo quiero todo ya en iTunes"},"content":{"rendered":"<p><a href=\"http:\/\/petaos.net\/wp-content\/uploads\/2011\/10\/313757_183724655039912_100002071355548_399393_1231751673_n.jpg\"><img loading=\"lazy\" decoding=\"async\" class=\"aligncenter size-full wp-image-1715\" title=\"313757_183724655039912_100002071355548_399393_1231751673_n\" src=\"http:\/\/petaos.net\/wp-content\/uploads\/2011\/10\/313757_183724655039912_100002071355548_399393_1231751673_n.jpg\" alt=\"313757_183724655039912_100002071355548_399393_1231751673_n\" width=\"600\" height=\"600\" srcset=\"https:\/\/www.manologarciaycia.com\/wp-content\/uploads\/2011\/10\/313757_183724655039912_100002071355548_399393_1231751673_n.jpg 600w, https:\/\/www.manologarciaycia.com\/wp-content\/uploads\/2011\/10\/313757_183724655039912_100002071355548_399393_1231751673_n-150x150.jpg 150w, https:\/\/www.manologarciaycia.com\/wp-content\/uploads\/2011\/10\/313757_183724655039912_100002071355548_399393_1231751673_n-300x300.jpg 300w\" sizes=\"auto, (max-width: 600px) 100vw, 600px\" \/><\/a><\/p>\n<p>Ya disponible el single Lo Quiero Todo, portada incluida, en iTunes.<a style=\"cursor: pointer; color: #3b5998; text-decoration: none;\" rel=\"nofollow nofollow\" href=\"http:\/\/itunes.apple.com\/es\/album\/lo-quiero-todo-single\/id471318398\" target=\"_blank\"><span>http:\/\/itunes.apple.com\/es\/alb<\/span><span>um\/lo-quiero-todo-single\/id471<\/span>318398<\/a> [+] \u00a0en nuestra p\u00e1gina de facebook: <a href=\"https:\/\/www.facebook.com\/pages\/Manolo-Garc\u00eda-y-Compa\u00f1\u00eda-Petaosnet\/122540577848557\">https:\/\/www.facebook.com\/pages\/Manolo-Garc\u00eda-y-Compa\u00f1\u00eda-Petaosnet\/122540577848557<\/a><\/p>\n<p>Salut!<\/p>\n","protected":false},"excerpt":{"rendered":"<p>Ya disponible el single Lo Quiero Todo, portada incluida, en iTunes.http:\/\/itunes.apple.com\/es\/album\/lo-quiero-todo-single\/id471318398 [+] \u00a0en nuestra p\u00e1gina de facebook: https:\/\/www.facebook.com\/pages\/Manolo-Garc\u00eda-y-Compa\u00f1\u00eda-Petaosnet\/122540577848557 Salut!<a class=\"moretag\" href=\"https:\/\/www.manologarciaycia.com\/?p=1710\" title=\"MG: Lo quiero todo ya en iTunes\" target=\"_self\" rel=\"follow\"> <font face=arial size=2>[Leer m\u00e1s]<\/font> <\/a><\/p>\n","protected":false},"author":2,"featured_media":0,"comment_status":"closed","ping_status":"closed","sticky":false,"template":"","format":"standard","meta":{"footnotes":""},"categories":[1],"tags":[262],"class_list":["post-1710","post","type-post","status-publish","format-standard","hentry","category-manolo-garcia","tag-manolo-garcia-lo-quiero-todo-portada-itunes"],"_links":{"self":[{"href":"https:\/\/www.manologarciaycia.com\/index.php?rest_route=\/wp\/v2\/posts\/1710","targetHints":{"allow":["GET"]}}],"collection":[{"href":"https:\/\/www.manologarciaycia.com\/index.php?rest_route=\/wp\/v2\/posts"}],"about":[{"href":"https:\/\/www.manologarciaycia.com\/index.php?rest_route=\/wp\/v2\/types\/post"}],"author":[{"embeddable":true,"href":"https:\/\/www.manologarciaycia.com\/index.php?rest_route=\/wp\/v2\/users\/2"}],"replies":[{"embeddable":true,"href":"https:\/\/www.manologarciaycia.com\/index.php?rest_route=%2Fwp%2Fv2%2Fcomments&post=1710"}],"version-history":[{"count":4,"href":"https:\/\/www.manologarciaycia.com\/index.php?rest_route=\/wp\/v2\/posts\/1710\/revisions"}],"predecessor-version":[{"id":1716,"href":"https:\/\/www.manologarciaycia.com\/index.php?rest_route=\/wp\/v2\/posts\/1710\/revisions\/1716"}],"wp:attachment":[{"href":"https:\/\/www.manologarciaycia.com\/index.php?rest_route=%2Fwp%2Fv2%2Fmedia&parent=1710"}],"wp:term":[{"taxonomy":"category","embeddable":true,"href":"https:\/\/www.manologarciaycia.com\/index.php?rest_route=%2Fwp%2Fv2%2Fcategories&post=1710"},{"taxonomy":"post_tag","embeddable":true,"href":"https:\/\/www.manologarciaycia.com\/index.php?rest_route=%2Fwp%2Fv2%2Ftags&post=1710"}],"curies":[{"name":"wp","href":"https:\/\/api.w.org\/{rel}","templated":true}]}}