{"id":17070,"date":"2018-02-16T18:36:24","date_gmt":"2018-02-16T17:36:24","guid":{"rendered":"http:\/\/www.manologarciaycia.com\/?p=17070"},"modified":"2018-02-17T06:43:56","modified_gmt":"2018-02-17T05:43:56","slug":"pre-reserva-geometria-del-rayo-manolo-garcia-y-llevate-una-edicion-deluxe-exclusiva-con-doble-single","status":"publish","type":"post","link":"https:\/\/www.manologarciaycia.com\/?p=17070","title":{"rendered":"Pre-reserva Geometr\u00eda del Rayo (Manolo Garc\u00eda) y ll\u00e9vate una edici\u00f3n deluxe exclusiva con doble single!"},"content":{"rendered":"<p>Atenci\u00f3n, pre-reservando Geometr\u00eda del Rayo, un exclusivo single con dos temas in\u00e9ditos. Como es PRE-RESERVA en la mayor\u00eda de sitios se trata de la Edici\u00f3n Deluxe exclusiva, con doble Single:<\/p>\n<p>El Corte Ingl\u00e9s\u200b &#8211; <a href=\"https:\/\/www.elcorteingles.es\/musica\/A25593204-geometria-del-rayo-preventa-exclusiva-cd--cd-single\/\" target=\"_blank\" rel=\"noopener\">https:\/\/www.elcorteingles.es\/musica\/A25593204-geometria-del-rayo-preventa-exclusiva-cd&#8211;cd-single\/<\/a><\/p>\n<p>Amazon\u200b &#8211; <a href=\"https:\/\/www.amazon.es\/dp\/B079VDDDWL\/ref=sr_1_1?ie=UTF8&amp;qid=1518802065&amp;sr=8-1&amp;keywords=geometria+del+rayo\" target=\"_blank\" rel=\"noopener\">https:\/\/www.amazon.es\/dp\/B079VDDDWL\/ref=sr_1_1?ie=UTF8&amp;qid=1518802065&amp;sr=8-1&amp;keywords=geometria+del+rayo<\/a><\/p>\n<p>Fnac\u200b &#8211; <a href=\"https:\/\/www.fnac.es\/a1451622\/Manolo-Garcia-Geometria-del-rayo-Ed-Deluxe-CD-CD-Single-CD-album?omnsearchpos=2\" target=\"_blank\" rel=\"noopener\">https:\/\/www.fnac.es\/a1451622\/Manolo-Garcia-Geometria-del-rayo-Ed-Deluxe-CD-CD-Single-CD-album?omnsearchpos=2<\/a><\/p>\n<p>Tracklist Final:<\/p>\n<p><span class=\"audio-not-fire\">En Tu Voz<\/span><br \/>\n<span class=\"audio-not-fire\">La Llamada Interior<\/span><br \/>\n<span class=\"audio-not-fire\">Las Puntas De Mis Viejas Botas<\/span><br \/>\n<span class=\"audio-not-fire\">Nunca Es Tarde<\/span><br \/>\n<span class=\"audio-not-fire\">Humo De Abrojos<\/span><br \/>\n<span class=\"audio-not-fire\">Oc\u00e9ano Azul<\/span><br \/>\n<span class=\"audio-not-fire\">Ardieron Los Fuegos<\/span><br \/>\n<span class=\"audio-not-fire\">El Fr\u00edo De La Noche<\/span><br \/>\n<span class=\"audio-not-fire\">Ruedo, Rodar\u00e9<\/span><br \/>\n<span class=\"audio-not-fire\">Quiero Esa Pasi\u00f3n<\/span><br \/>\n<span class=\"audio-not-fire\">Si Todo Arde<\/span><br \/>\n<span class=\"audio-not-fire\">Dime D\u00f3nde Est\u00e1<\/span><br \/>\n<span class=\"audio-not-fire\">Me Gustas<\/span><br \/>\n<span class=\"audio-not-fire\">Urge<\/span><br \/>\n<span class=\"audio-not-fire\">La Gran regla De La Sabidur\u00eda<\/span><br \/>\n<span class=\"audio-not-fire\">Oc\u00e9ano Azul (Radio Edit)<\/span><\/p>\n<p>Los dos sencillos exclusivos incluidos en el Deluxe preventa pack:<br \/>\n<span class=\"audio-not-fire\">Crep\u00fasculo Creciente<\/span><br \/>\n<span class=\"audio-not-fire\">Ya Me Dir\u00e1s D\u00f3nde Te Metes<\/span><\/p>\n<p>#ManoloGarc\u00eda #Geometr\u00edadelRayo #16Marzo2018<\/p>\n","protected":false},"excerpt":{"rendered":"<p>Atenci\u00f3n, pre-reservando Geometr\u00eda del Rayo, un exclusivo single con dos temas in\u00e9ditos. Como es PRE-RESERVA en la mayor\u00eda de sitios se trata de la Edici\u00f3n Deluxe exclusiva, con doble Single: El Corte Ingl\u00e9s\u200b &#8211; https:\/\/www.elcorteingles.es\/musica\/A25593204-geometria-del-rayo-preventa-exclusiva-cd&#8211;cd-single\/ Amazon\u200b &#8211; https:\/\/www.amazon.es\/dp\/B079VDDDWL\/ref=sr_1_1?ie=UTF8&amp;qid=1518802065&amp;sr=8-1&amp;keywords=geometria+del+rayo Fnac\u200b &#8211; https:\/\/www.fnac.es\/a1451622\/Manolo-Garcia-Geometria-del-rayo-Ed-Deluxe-CD-CD-Single-CD-album?omnsearchpos=2 Tracklist Final: En Tu Voz La Llamada Interior Las Puntas De Mis Viejas Botas<a class=\"moretag\" href=\"https:\/\/www.manologarciaycia.com\/?p=17070\" title=\"Pre-reserva Geometr\u00eda del Rayo (Manolo Garc\u00eda) y ll\u00e9vate una edici\u00f3n deluxe exclusiva con doble single!\" target=\"_self\" rel=\"follow\"> <font face=arial size=2>[Leer m\u00e1s]<\/font> <\/a><\/p>\n","protected":false},"author":2,"featured_media":17071,"comment_status":"closed","ping_status":"closed","sticky":false,"template":"","format":"standard","meta":{"footnotes":""},"categories":[1],"tags":[],"class_list":["post-17070","post","type-post","status-publish","format-standard","has-post-thumbnail","hentry","category-manolo-garcia"],"_links":{"self":[{"href":"https:\/\/www.manologarciaycia.com\/index.php?rest_route=\/wp\/v2\/posts\/17070","targetHints":{"allow":["GET"]}}],"collection":[{"href":"https:\/\/www.manologarciaycia.com\/index.php?rest_route=\/wp\/v2\/posts"}],"about":[{"href":"https:\/\/www.manologarciaycia.com\/index.php?rest_route=\/wp\/v2\/types\/post"}],"author":[{"embeddable":true,"href":"https:\/\/www.manologarciaycia.com\/index.php?rest_route=\/wp\/v2\/users\/2"}],"replies":[{"embeddable":true,"href":"https:\/\/www.manologarciaycia.com\/index.php?rest_route=%2Fwp%2Fv2%2Fcomments&post=17070"}],"version-history":[{"count":3,"href":"https:\/\/www.manologarciaycia.com\/index.php?rest_route=\/wp\/v2\/posts\/17070\/revisions"}],"predecessor-version":[{"id":17087,"href":"https:\/\/www.manologarciaycia.com\/index.php?rest_route=\/wp\/v2\/posts\/17070\/revisions\/17087"}],"wp:featuredmedia":[{"embeddable":true,"href":"https:\/\/www.manologarciaycia.com\/index.php?rest_route=\/wp\/v2\/media\/17071"}],"wp:attachment":[{"href":"https:\/\/www.manologarciaycia.com\/index.php?rest_route=%2Fwp%2Fv2%2Fmedia&parent=17070"}],"wp:term":[{"taxonomy":"category","embeddable":true,"href":"https:\/\/www.manologarciaycia.com\/index.php?rest_route=%2Fwp%2Fv2%2Fcategories&post=17070"},{"taxonomy":"post_tag","embeddable":true,"href":"https:\/\/www.manologarciaycia.com\/index.php?rest_route=%2Fwp%2Fv2%2Ftags&post=17070"}],"curies":[{"name":"wp","href":"https:\/\/api.w.org\/{rel}","templated":true}]}}