{"id":16963,"date":"2018-01-02T11:00:53","date_gmt":"2018-01-02T10:00:53","guid":{"rendered":"http:\/\/www.manologarciaycia.com\/?p=16963"},"modified":"2018-01-02T11:00:53","modified_gmt":"2018-01-02T10:00:53","slug":"manolo-garcia-fito-alboran-y-pastora-soler-entre-los-conciertos-mas-sonados-de-2018-en-valladolid","status":"publish","type":"post","link":"https:\/\/www.manologarciaycia.com\/?p=16963","title":{"rendered":"Manolo Garc\u00eda, Fito, Albor\u00e1n y Pastora Soler, entre los conciertos m\u00e1s sonados de 2018 en Valladolid"},"content":{"rendered":"<p>La capital de\u00a0<strong>Valladolid tiene un calendario realmente poblado de grandes fechas<\/strong>. Atenci\u00f3n especialmente al mes de mayo y junio en los que el espectador tendr\u00e1 que invertir bastante en m\u00fasica en vivo si no quiere perderse nada. O m\u00e1s bien, tendr\u00e1 que elegir entre Fito y Fitipaldis, Kase O, Manolo Garc\u00eda, Pablo Albor\u00e1n, el festival Conexi\u00f3n Valladolid y Dani Mart\u00edn.\u00a0<strong>A lo largo de ocho semanas ya hay m\u00e1s de seis grandes espect\u00e1culos confirmados que adem\u00e1s de competir entre s\u00ed tendr\u00e1n que hacerlo con la llegada de los grandes festivales de verano<\/strong>\u00a0en otras capitales con el Mad Cool a la cabeza del verano.<\/p>\n<p>El orden de popularidad nos lleva precisamente al mes de mayo y al mencionado\u00a0<strong>Manolo Garc\u00eda\u00a0<\/strong>quien ya\u00a0<strong>ha agotado todos el papel para los dos conciertos que realizar\u00e1 en el Centro Cultural Miguel Delibes los d\u00edas 4 y 5\u00a0<\/strong><strong>de mayo<\/strong>. Garc\u00eda presenta \u2018Todo es ahora\u2019, un directo que contin\u00faa reflejando la m\u00e1quina de directo que sigue siendo la inconfundible voz de El \u00daltimo de la Fila.<\/p>\n<p>Fuente: El Norte de Castilla &#8211; <a href=\"http:\/\/www.elnortedecastilla.es\/culturas\/musica\/manolo-garcia-fito-20180101174911-nt.html\" target=\"_blank\" rel=\"noopener\">ENLACE<\/a><\/p>\n","protected":false},"excerpt":{"rendered":"<p>La capital de\u00a0Valladolid tiene un calendario realmente poblado de grandes fechas. Atenci\u00f3n especialmente al mes de mayo y junio en los que el espectador tendr\u00e1 que invertir bastante en m\u00fasica en vivo si no quiere perderse nada. O m\u00e1s bien, tendr\u00e1 que elegir entre Fito y Fitipaldis, Kase O, Manolo Garc\u00eda, Pablo Albor\u00e1n, el festival<a class=\"moretag\" href=\"https:\/\/www.manologarciaycia.com\/?p=16963\" title=\"Manolo Garc\u00eda, Fito, Albor\u00e1n y Pastora Soler, entre los conciertos m\u00e1s sonados de 2018 en Valladolid\" target=\"_self\" rel=\"follow\"> <font face=arial size=2>[Leer m\u00e1s]<\/font> <\/a><\/p>\n","protected":false},"author":2,"featured_media":16964,"comment_status":"closed","ping_status":"closed","sticky":false,"template":"","format":"standard","meta":{"footnotes":""},"categories":[1],"tags":[],"class_list":["post-16963","post","type-post","status-publish","format-standard","has-post-thumbnail","hentry","category-manolo-garcia"],"_links":{"self":[{"href":"https:\/\/www.manologarciaycia.com\/index.php?rest_route=\/wp\/v2\/posts\/16963","targetHints":{"allow":["GET"]}}],"collection":[{"href":"https:\/\/www.manologarciaycia.com\/index.php?rest_route=\/wp\/v2\/posts"}],"about":[{"href":"https:\/\/www.manologarciaycia.com\/index.php?rest_route=\/wp\/v2\/types\/post"}],"author":[{"embeddable":true,"href":"https:\/\/www.manologarciaycia.com\/index.php?rest_route=\/wp\/v2\/users\/2"}],"replies":[{"embeddable":true,"href":"https:\/\/www.manologarciaycia.com\/index.php?rest_route=%2Fwp%2Fv2%2Fcomments&post=16963"}],"version-history":[{"count":1,"href":"https:\/\/www.manologarciaycia.com\/index.php?rest_route=\/wp\/v2\/posts\/16963\/revisions"}],"predecessor-version":[{"id":16965,"href":"https:\/\/www.manologarciaycia.com\/index.php?rest_route=\/wp\/v2\/posts\/16963\/revisions\/16965"}],"wp:featuredmedia":[{"embeddable":true,"href":"https:\/\/www.manologarciaycia.com\/index.php?rest_route=\/wp\/v2\/media\/16964"}],"wp:attachment":[{"href":"https:\/\/www.manologarciaycia.com\/index.php?rest_route=%2Fwp%2Fv2%2Fmedia&parent=16963"}],"wp:term":[{"taxonomy":"category","embeddable":true,"href":"https:\/\/www.manologarciaycia.com\/index.php?rest_route=%2Fwp%2Fv2%2Fcategories&post=16963"},{"taxonomy":"post_tag","embeddable":true,"href":"https:\/\/www.manologarciaycia.com\/index.php?rest_route=%2Fwp%2Fv2%2Ftags&post=16963"}],"curies":[{"name":"wp","href":"https:\/\/api.w.org\/{rel}","templated":true}]}}