{"id":16952,"date":"2017-12-28T07:32:37","date_gmt":"2017-12-28T06:32:37","guid":{"rendered":"http:\/\/www.manologarciaycia.com\/?p=16952"},"modified":"2017-12-28T07:34:01","modified_gmt":"2017-12-28T06:34:01","slug":"albert-malla-una-vida-de-radio-96-con-manolo-garcia","status":"publish","type":"post","link":"https:\/\/www.manologarciaycia.com\/?p=16952","title":{"rendered":"Albert Malla: Una vida de radio 96, con Manolo Garc\u00eda"},"content":{"rendered":"<p><em><strong>Barcelona es radio<\/strong>\u00a0<\/em>es el t\u00edtulo que escogi\u00f3\u00a0<strong>Albert Malla<\/strong>\u00a0para organizar los sonidos ya emitidos de sus momentos de radio m\u00e1s especiales como locutor desde 1971 y como oyente desde siempre. Narrados por \u00e9l mismo en distintas grabaciones desde 1983 hasta la actualidad (el formato original de las primeras grabaciones era un cassette dom\u00e9stico). El resultado es un programa de 7 d\u00edas de duraci\u00f3n en tiempo real (126 cap\u00edtulos de 80 minutos cada uno) que hasta ahora s\u00f3lo hab\u00edan podido escuchar algunos de sus amigos y compa\u00f1eros m\u00e1s personales.<\/p>\n<div id=\"mep_0\" class=\"mejs-container mejs-container-keyboard-inactive wp-audio-shortcode mejs-audio\" tabindex=\"0\" role=\"application\" aria-label=\"Reproductor de audio\">\n<div class=\"mejs-inner\">\n<div class=\"mejs-layers\">Aunque al inicio del programa,\u00a0<strong>Albert Malla<\/strong>, dice que llegamos al final de la serie, que se acaba en el cap\u00edtulo 100, ya sabemos que definitivamente ser\u00e1n 126 cap\u00edtulos.<\/div>\n<\/div>\n<\/div>\n<p>Para empezar un\u00a0<em><strong>Cocodril Club<\/strong><\/em>\u00a0dedicado a Manolo Garc\u00eda de\u00a0<em>El \u00daltimo de la Fila<\/em>.<\/p>\n<p>Fuente: Toni Mascaro Radio &#8211; <a href=\"https:\/\/tonimascaroradio.wordpress.com\/2017\/12\/27\/una-vida-de-radio-96-albert-malla\/\" target=\"_blank\" rel=\"noopener\">ENLACE<\/a><\/p>\n","protected":false},"excerpt":{"rendered":"<p>Barcelona es radio\u00a0es el t\u00edtulo que escogi\u00f3\u00a0Albert Malla\u00a0para organizar los sonidos ya emitidos de sus momentos de radio m\u00e1s especiales como locutor desde 1971 y como oyente desde siempre. Narrados por \u00e9l mismo en distintas grabaciones desde 1983 hasta la actualidad (el formato original de las primeras grabaciones era un cassette dom\u00e9stico). El resultado es<a class=\"moretag\" href=\"https:\/\/www.manologarciaycia.com\/?p=16952\" title=\"Albert Malla: Una vida de radio 96, con Manolo Garc\u00eda\" target=\"_self\" rel=\"follow\"> <font face=arial size=2>[Leer m\u00e1s]<\/font> <\/a><\/p>\n","protected":false},"author":2,"featured_media":0,"comment_status":"closed","ping_status":"closed","sticky":false,"template":"","format":"audio","meta":{"footnotes":""},"categories":[1],"tags":[],"class_list":["post-16952","post","type-post","status-publish","format-audio","hentry","category-manolo-garcia","post_format-post-format-audio"],"_links":{"self":[{"href":"https:\/\/www.manologarciaycia.com\/index.php?rest_route=\/wp\/v2\/posts\/16952","targetHints":{"allow":["GET"]}}],"collection":[{"href":"https:\/\/www.manologarciaycia.com\/index.php?rest_route=\/wp\/v2\/posts"}],"about":[{"href":"https:\/\/www.manologarciaycia.com\/index.php?rest_route=\/wp\/v2\/types\/post"}],"author":[{"embeddable":true,"href":"https:\/\/www.manologarciaycia.com\/index.php?rest_route=\/wp\/v2\/users\/2"}],"replies":[{"embeddable":true,"href":"https:\/\/www.manologarciaycia.com\/index.php?rest_route=%2Fwp%2Fv2%2Fcomments&post=16952"}],"version-history":[{"count":3,"href":"https:\/\/www.manologarciaycia.com\/index.php?rest_route=\/wp\/v2\/posts\/16952\/revisions"}],"predecessor-version":[{"id":16956,"href":"https:\/\/www.manologarciaycia.com\/index.php?rest_route=\/wp\/v2\/posts\/16952\/revisions\/16956"}],"wp:attachment":[{"href":"https:\/\/www.manologarciaycia.com\/index.php?rest_route=%2Fwp%2Fv2%2Fmedia&parent=16952"}],"wp:term":[{"taxonomy":"category","embeddable":true,"href":"https:\/\/www.manologarciaycia.com\/index.php?rest_route=%2Fwp%2Fv2%2Fcategories&post=16952"},{"taxonomy":"post_tag","embeddable":true,"href":"https:\/\/www.manologarciaycia.com\/index.php?rest_route=%2Fwp%2Fv2%2Ftags&post=16952"}],"curies":[{"name":"wp","href":"https:\/\/api.w.org\/{rel}","templated":true}]}}