{"id":16948,"date":"2017-12-27T07:39:19","date_gmt":"2017-12-27T06:39:19","guid":{"rendered":"http:\/\/www.manologarciaycia.com\/?p=16948"},"modified":"2017-12-27T07:42:13","modified_gmt":"2017-12-27T06:42:13","slug":"manolo-garcia-agota-en-menos-de-48-horas-las-entradas-para-su-concierto-en-merida","status":"publish","type":"post","link":"https:\/\/www.manologarciaycia.com\/?p=16948","title":{"rendered":"Manolo Garc\u00eda agota en menos de 48 horas las entradas para su concierto en M\u00e9rida"},"content":{"rendered":"<h2>Desde la organizaci\u00f3n del &#8216;Stone &amp; Music Festival&#8217; han agradecido el apoyo y expectaci\u00f3n que est\u00e1n generando los artistas presentados<\/h2>\n<p><strong>Manolo Garc\u00eda<\/strong>\u00a0ha agotado en menos de 48 horas las entradas para su concierto previsto para el pr\u00f3ximo 29 de septiembre en el\u00a0<strong>Teatro Romano de M\u00e9rida<\/strong>\u00a0dentro de la programaci\u00f3n del\u00a0<strong>&#8216;Stone &amp; Music Festival&#8217;<\/strong>\u00a02018.<\/p>\n<p>El espect\u00e1culo de Manolo Garc\u00eda \u00abha vuelto a sorprender a todos\u00bb agotando sus localidades en \u00abmuy pocas horas\u00bb, ha se\u00f1alado la organizaci\u00f3n del festival en nota de prensa. Se trata del segundo concierto, de los cuatro anunciados, con el cartel de &#8216;Entradas Agotadas&#8217;.<\/p>\n<p>\u00abLa pr\u00f3xima edici\u00f3n va a ser un \u00e9xito rotundo; la gente est\u00e1 respondiendo en masa a la programaci\u00f3n que hemos adelantado, pero a\u00fan quedan muy buenos artistas por presentar\u00bb, afirma el director del certamen,\u00a0<strong>Carlos Lobo<\/strong>.<\/p>\n<p>Desde la organizaci\u00f3n del festival han agradecido el apoyo y expectaci\u00f3n que est\u00e1n generando los artistas presentados y han recordado que a\u00fan hay conciertos con entradas disponibles. \u00abAunque estamos seguros que se agotar\u00e1n en los pr\u00f3ximos d\u00edas\u00bb, han a\u00f1adido.<\/p>\n<p>En este sentido, Lobo ha apuntado que \u00abser\u00e1 un excelente regalo de Reyes poder tener una entrada para\u00a0<strong>Pastora Soler<\/strong>\u00a0o\u00a0<strong>Il Divo<\/strong>\u00a0en el\u00a0<strong>Teatro Romano<\/strong>de M\u00e9rida\u00bb. Y es que a\u00fan quedan algunas localidades para estos dos artistas que forman parte del avance del cartel del Festival para 2018.<\/p>\n<p>Hasta la fecha son cuatro los espect\u00e1culos anunciados para la pr\u00f3xima edici\u00f3n, dos de ellos, Pablo Albor\u00e1n y Manolo Garc\u00eda, con el cartel de &#8216;Entradas Agotadas&#8217;, y para Pastora Soler y Il Divo con la Orquesta de Extremadura quedan \u00abmuy pocas\u00bb localidades, \u00ablo que refrenda el \u00e9xito del trabajo de programaci\u00f3n que estamos realizando\u00bb, ha remarcado Lobo.<\/p>\n<h3>Manolo Garc\u00eda<\/h3>\n<p>El festival ha explicado que\u00a0<strong>Manolo Garc\u00eda<\/strong>\u00a0ha vuelto a los escenarios con una primera parte de gira de conciertos en teatros y auditorios. As\u00ed, vuelve de nuevo a los escenarios con un nuevo disco de estudio cuyo lanzamiento est\u00e1 previsto para el pr\u00f3ximo mes de marzo.<\/p>\n<p>Su nuevo trabajo, todav\u00eda sin t\u00edtulo, ser\u00e1 el s\u00e9ptimo disco de Garc\u00eda en solitario tras la disoluci\u00f3n de &#8216;El \u00daltimo de la Fila&#8217;. El artista catal\u00e1n saldr\u00e1 a la carretera para presentarlo en una importante gira que har\u00e1 parada en el Teatro Romano de M\u00e9rida el pr\u00f3ximo 29 de septiembre de 2018.<\/p>\n<p>Ser\u00e1 la primera vez que uno de los artistas m\u00e1s reconocidos a nivel nacional interprete sus temas en este monumento, patrimonio de la humanidad, ha destacado el &#8216;Stone &amp; Music Festival&#8217;.<\/p>\n<p>Cabe recordar que toda la informaci\u00f3n referente al Stone &amp; Music Festival&#8217; de M\u00e9rida se puedes consultar en la web oficial del certamen, www.stoneandmusicfestival.com<\/p>\n<p>Fuente: Hoy &#8211; <a href=\"http:\/\/www.hoy.es\/merida\/manolo-garcia-agota-20171223174045-nt.html\" target=\"_blank\" rel=\"noopener\">ENLACE<\/a><\/p>\n","protected":false},"excerpt":{"rendered":"<p>Desde la organizaci\u00f3n del &#8216;Stone &amp; Music Festival&#8217; han agradecido el apoyo y expectaci\u00f3n que est\u00e1n generando los artistas presentados Manolo Garc\u00eda\u00a0ha agotado en menos de 48 horas las entradas para su concierto previsto para el pr\u00f3ximo 29 de septiembre en el\u00a0Teatro Romano de M\u00e9rida\u00a0dentro de la programaci\u00f3n del\u00a0&#8216;Stone &amp; Music Festival&#8217;\u00a02018. El espect\u00e1culo de<a class=\"moretag\" href=\"https:\/\/www.manologarciaycia.com\/?p=16948\" title=\"Manolo Garc\u00eda agota en menos de 48 horas las entradas para su concierto en M\u00e9rida\" target=\"_self\" rel=\"follow\"> <font face=arial size=2>[Leer m\u00e1s]<\/font> <\/a><\/p>\n","protected":false},"author":2,"featured_media":16950,"comment_status":"closed","ping_status":"closed","sticky":false,"template":"","format":"standard","meta":{"footnotes":""},"categories":[1],"tags":[],"class_list":["post-16948","post","type-post","status-publish","format-standard","has-post-thumbnail","hentry","category-manolo-garcia"],"_links":{"self":[{"href":"https:\/\/www.manologarciaycia.com\/index.php?rest_route=\/wp\/v2\/posts\/16948","targetHints":{"allow":["GET"]}}],"collection":[{"href":"https:\/\/www.manologarciaycia.com\/index.php?rest_route=\/wp\/v2\/posts"}],"about":[{"href":"https:\/\/www.manologarciaycia.com\/index.php?rest_route=\/wp\/v2\/types\/post"}],"author":[{"embeddable":true,"href":"https:\/\/www.manologarciaycia.com\/index.php?rest_route=\/wp\/v2\/users\/2"}],"replies":[{"embeddable":true,"href":"https:\/\/www.manologarciaycia.com\/index.php?rest_route=%2Fwp%2Fv2%2Fcomments&post=16948"}],"version-history":[{"count":1,"href":"https:\/\/www.manologarciaycia.com\/index.php?rest_route=\/wp\/v2\/posts\/16948\/revisions"}],"predecessor-version":[{"id":16949,"href":"https:\/\/www.manologarciaycia.com\/index.php?rest_route=\/wp\/v2\/posts\/16948\/revisions\/16949"}],"wp:featuredmedia":[{"embeddable":true,"href":"https:\/\/www.manologarciaycia.com\/index.php?rest_route=\/wp\/v2\/media\/16950"}],"wp:attachment":[{"href":"https:\/\/www.manologarciaycia.com\/index.php?rest_route=%2Fwp%2Fv2%2Fmedia&parent=16948"}],"wp:term":[{"taxonomy":"category","embeddable":true,"href":"https:\/\/www.manologarciaycia.com\/index.php?rest_route=%2Fwp%2Fv2%2Fcategories&post=16948"},{"taxonomy":"post_tag","embeddable":true,"href":"https:\/\/www.manologarciaycia.com\/index.php?rest_route=%2Fwp%2Fv2%2Ftags&post=16948"}],"curies":[{"name":"wp","href":"https:\/\/api.w.org\/{rel}","templated":true}]}}