{"id":16941,"date":"2017-12-22T08:06:07","date_gmt":"2017-12-22T07:06:07","guid":{"rendered":"http:\/\/www.manologarciaycia.com\/?p=16941"},"modified":"2017-12-22T08:19:14","modified_gmt":"2017-12-22T07:19:14","slug":"angel-celada-hoy-tiendo-mas-al-matiz-a-la-bellezame-preocupa-mas-el-como-que-el-que","status":"publish","type":"post","link":"https:\/\/www.manologarciaycia.com\/?p=16941","title":{"rendered":"Angel Celada: \u201cHoy tiendo m\u00e1s al matiz, a la belleza; me preocupa m\u00e1s el c\u00f3mo que el qu\u00e9\u201d"},"content":{"rendered":"<div class=\"_1mf _1mj\" data-offset-key=\"86fjt-0-0\">Junto a Carla Sevilla (voz y piano), \u00c1ngel Celada vuelve a encontrarse ma\u00f1ana con el p\u00fablico de casa. Lo hace en el Dazz (20.00 horas) y con invitados sorpresa.<\/div>\n<div data-offset-key=\"86fjt-0-0\">\n<div class=\"Texto\">\n<p><span class=\"Apple-style-span\"><span class=\"MayusculasNegrita\">VITORIA<\/span>&#8211;<\/span>En las giras de Quimi Portet o de Mikel Urdangarin, por citar dos ejemplos, ha vivido un 2017 intenso que, en lo musical, tiene ma\u00f1ana una nueva cita, pero esta vez con su m\u00fasica y su proyecto. \u00c1ngel Celada, aunque parezca mentira, se estrena adem\u00e1s en un escenario de su ciudad, un Dazz que le recibir\u00e1 a partir de las ocho de la tarde con la entrada gratuita.<\/p>\n<p>Ni con Carla Sevilla ni con otras voces femeninas es la primera vez, ni mucho menos. \u00bfQu\u00e9 le aportan?<\/p>\n<p>-Que sea femenina o masculina creo que es circunstancial, lo importante es la voz. Soy un loco de los y las cantantes. De hecho, las influencias m\u00e1s importantes que he tenido me han venido de ellos y de ellas, casi m\u00e1s que de bater\u00edas. Tengo una cierta debilidad y no s\u00e9 si cierta frustraci\u00f3n (risas). Pero bueno, al final pudo la bater\u00eda. As\u00ed que cuando aparece alguien que me emociona cantando y adem\u00e1s, en lo personal, hace que las cosas sean f\u00e1ciles, que no siempre ocurre, ah\u00ed que me quedo con esa persona e intento hacer todo lo que pueda. Es verdad que igual en la \u00faltima \u00e9poca he estado m\u00e1s con ellas pero es algo circunstancial. Hay muchos cantantes masculinos que me encantan como Steve Winwood, Paul Rodgers&#8230; Con Carla hay una relaci\u00f3n desde hace ya unos cuantos a\u00f1os, un trabajo conjunto que funciona muy bien tanto en lo musical como en lo personal.<\/p>\n<p>Lo de los artistas invitados&#8230;<\/p>\n<p>-Lo que hacemos en Songs Project es llevar a nuestro terreno canciones tanto nuestras como de otros y eso lo hemos hecho en tr\u00edo, cuarteto&#8230; y ahora estamos en d\u00fao. Funciona muy bien, es un formato que nos ha dado satisfacciones y tambi\u00e9n, desde un punto de vista econ\u00f3mico, es m\u00e1s f\u00e1cil de mover. Ahora estoy en Barcelona viviendo y, claro, cuando se supo que actuar\u00eda de nuevo en Vitoria, en casa, unos cuantos amigos m\u00fasicos me llamaron. No te voy a dar nombres porque hay que guardar la sorpresa, pero s\u00ed tendremos un par de colaboraciones.<\/p>\n<p>Tras cerrar la \u00faltima gira con Quimi Portet, \u00bfno ten\u00eda pensado tomarse algo de vacaciones?<\/p>\n<p>-Sonar\u00e1 a t\u00f3pico pero es una suerte dedicarte a lo que es tu pasi\u00f3n. No tengo sensaci\u00f3n de acumular cansancio psicol\u00f3gico o emotivo. Otra cosa es el f\u00edsico cuando llevas mucha tralla encima. Lo que s\u00ed acumulas normalmente es la necesidad de contar tu propia historia. No me entiendas mal, siempre estoy agradecido cuando alguien me llama para actuar. Me entrego, doy todo lo que s\u00e9 y pongo lo que tengo. Eso es as\u00ed. Pero es evidente que cuando haces lo tuyo es cuando est\u00e1s en lo que quieres. T\u00fa eliges la m\u00fasica, el arreglo, el car\u00e1cter&#8230; As\u00ed que aunque pueda estar cansado, tengo acumulada la necesidad de contar mi propia historia. No s\u00f3lo no me cuesta ning\u00fan esfuerzo, sino que es al contrario. Si acabase una gira con otro m\u00fasico y me obligase a descansar, que es algo que no s\u00e9 hacer, me sentir\u00eda raro. Tocar mi m\u00fasica es un gran est\u00edmulo, m\u00e1xime haci\u00e9ndolo en casa.<\/p>\n<p>Aunque las etiquetas, en su caso, sirven para poco, por lo general el trabajo para otros se lleva a cabo en los terrenos del pop o del rock, mientras que los proyectos personales tocan algo m\u00e1s los espacios del jazz.<\/p>\n<p>-S\u00ed, aunque creo que siempre se me ha relacionado m\u00e1s de lo que debiera con el jazz (risas). Con el tiempo, uno va quitando hojas del libro y va buscando m\u00e1s lo que realmente le emociona, la esencia, y en ese camino, se quita los prejuicios. \u00bfQu\u00e9 me ba\u00f1\u00f3 de peque\u00f1o? The Beatles, los Stones, Pink Floyd, Steve Winwood, Led Zeppelin&#8230; es decir, rock, blues, soul. Luego hubo una \u00e9poca en la que por inquietud y curiosidad llegu\u00e9 al jazz. Pero, ya te digo, al final, cuando pasa el tiempo, te liberas y te dejas llevar. No estoy en la m\u00fasica jazz en ese sentido de improvisaci\u00f3n, s\u00ed estoy en el inter\u00e9s por la canci\u00f3n y por la voz. De hecho, hacer m\u00fasica instrumental me da pereza. As\u00ed que en ese camino s\u00ed que aparecen mis influencias m\u00e1s fuertes, las que vienen del soul y del R&amp;B, m\u00e1s que del jazz. En esta \u00e9poca, tiendo m\u00e1s al matiz, a la belleza, a la ternura, me preocupa m\u00e1s el c\u00f3mo que el qu\u00e9.<\/p>\n<p>Claro que luego aparece el trabajo con Mikel Urdangarin, que rompe esa din\u00e1mica.<\/p>\n<p>-Bueno, tenemos varios amigos comunes que son m\u00fasicos y ya hab\u00edamos coincidido en Vitoria. Cuando uno se abre y se quita los prejuicios, aparecen muchas cosas. Yo soy de aqu\u00ed, es mi tierra, mi cultura. Aunque no hable euskera, es el idioma que siempre he sentido cerca. He trabajado con Orskorri, Ruper Ordorika, Juan Carlos Perez&#8230; Adem\u00e1s, Mikel hace unos textos y unas canciones preciosas. Ahora no estoy con ellos porque con la gira de Quimi se me acumularon muchas cosas pero me lo he pasado muy bien con ellos en directo. Cuando hay canciones bonitas, emociones y esfuerzo por el rigor, cierro los ojos, me lleva la melod\u00eda y me siento feliz. De todas formas, he hecho giras con artistas que hacen m\u00fasicas que no tienen nada que ver con lo que yo propongo habitualmente o que me gusta, y, sin embargo, nunca he tenido la sensaci\u00f3n de trabajar por dinero. Otra cosa es que esto es tu oficio y no puedes trabajar sin cobrar, pero nunca he estado en la situaci\u00f3n de decir: tengo que tragar con esto porque&#8230; Siempre hay est\u00edmulo y entrega.<\/p>\n<p>En espacios peque\u00f1os, en locales donde hay copas, gente que va y viene, alguna conversaci\u00f3n m\u00e1s alta que la otra&#8230; \u00bfc\u00f3mo se abstrae uno para actuar?<\/p>\n<p>-Hace ya tiempo, aunque hubo una vez que hicimos una excepci\u00f3n, me propuse no actuar en sitios donde no hubiera un filtro en forma de entradas a la venta. Pero en este caso, me han hablado tan bien del Dazz, de su programaci\u00f3n, de c\u00f3mo est\u00e1 el p\u00fablico en los conciertos&#8230; que no me pude resistir.<\/p>\n<\/div>\n<\/div>\n<div class=\"\" data-block=\"true\" data-editor=\"84qdq\" data-offset-key=\"asdui-0-0\">\n<div class=\"_1mf _1mj\" data-offset-key=\"asdui-0-0\">Fuente: <span class=\"Mayusculas\">CARLOS GONZ\u00c1LEZ M.B.<\/span>\u00a0 &#8211; Noticias de Alava &#8211; <a href=\"http:\/\/www.noticiasdealava.com\/2017\/12\/20\/ocio-y-cultura\/hoy-tiendo-mas-al-matiz-a-la-belleza-me-preocupa-mas-el-como-que-el-que\" target=\"_blank\" rel=\"noopener\">Enlace<\/a><\/div>\n<div data-offset-key=\"asdui-0-0\"><\/div>\n<\/div>\n<div class=\"\" data-block=\"true\" data-editor=\"84qdq\" data-offset-key=\"3a7t-0-0\">\n<div class=\"_1mf _1mj\" data-offset-key=\"3a7t-0-0\"><span class=\"_5zk7\" spellcheck=\"false\" data-offset-key=\"3a7t-0-0\"><span data-offset-key=\"3a7t-0-0\">#EUDLF<\/span><\/span> <span class=\"_5zk7\" spellcheck=\"false\" data-offset-key=\"3a7t-2-0\"><span data-offset-key=\"3a7t-2-0\">#ManoloGarc\u00eda<\/span><\/span> <span class=\"_247o\" spellcheck=\"false\" data-offset-key=\"3a7t-4-0\"><span data-offset-key=\"3a7t-4-0\">Quimi Portet<\/span><\/span> <span class=\"_5zk7\" spellcheck=\"false\" data-offset-key=\"3a7t-6-0\"><span data-offset-key=\"3a7t-6-0\">#CarlaSevilla<\/span><\/span> <span class=\"_5zk7\" spellcheck=\"false\" data-offset-key=\"3a7t-8-0\"><span data-offset-key=\"3a7t-8-0\">#Dazz<\/span><\/span><\/div>\n<\/div>\n","protected":false},"excerpt":{"rendered":"<p>Junto a Carla Sevilla (voz y piano), \u00c1ngel Celada vuelve a encontrarse ma\u00f1ana con el p\u00fablico de casa. Lo hace en el Dazz (20.00 horas) y con invitados sorpresa. VITORIA&#8211;En las giras de Quimi Portet o de Mikel Urdangarin, por citar dos ejemplos, ha vivido un 2017 intenso que, en lo musical, tiene ma\u00f1ana una<a class=\"moretag\" href=\"https:\/\/www.manologarciaycia.com\/?p=16941\" title=\"Angel Celada: \u201cHoy tiendo m\u00e1s al matiz, a la belleza; me preocupa m\u00e1s el c\u00f3mo que el qu\u00e9\u201d\" target=\"_self\" rel=\"follow\"> <font face=arial size=2>[Leer m\u00e1s]<\/font> <\/a><\/p>\n","protected":false},"author":2,"featured_media":16943,"comment_status":"closed","ping_status":"closed","sticky":false,"template":"","format":"standard","meta":{"footnotes":""},"categories":[1],"tags":[],"class_list":["post-16941","post","type-post","status-publish","format-standard","has-post-thumbnail","hentry","category-manolo-garcia"],"_links":{"self":[{"href":"https:\/\/www.manologarciaycia.com\/index.php?rest_route=\/wp\/v2\/posts\/16941","targetHints":{"allow":["GET"]}}],"collection":[{"href":"https:\/\/www.manologarciaycia.com\/index.php?rest_route=\/wp\/v2\/posts"}],"about":[{"href":"https:\/\/www.manologarciaycia.com\/index.php?rest_route=\/wp\/v2\/types\/post"}],"author":[{"embeddable":true,"href":"https:\/\/www.manologarciaycia.com\/index.php?rest_route=\/wp\/v2\/users\/2"}],"replies":[{"embeddable":true,"href":"https:\/\/www.manologarciaycia.com\/index.php?rest_route=%2Fwp%2Fv2%2Fcomments&post=16941"}],"version-history":[{"count":2,"href":"https:\/\/www.manologarciaycia.com\/index.php?rest_route=\/wp\/v2\/posts\/16941\/revisions"}],"predecessor-version":[{"id":16944,"href":"https:\/\/www.manologarciaycia.com\/index.php?rest_route=\/wp\/v2\/posts\/16941\/revisions\/16944"}],"wp:featuredmedia":[{"embeddable":true,"href":"https:\/\/www.manologarciaycia.com\/index.php?rest_route=\/wp\/v2\/media\/16943"}],"wp:attachment":[{"href":"https:\/\/www.manologarciaycia.com\/index.php?rest_route=%2Fwp%2Fv2%2Fmedia&parent=16941"}],"wp:term":[{"taxonomy":"category","embeddable":true,"href":"https:\/\/www.manologarciaycia.com\/index.php?rest_route=%2Fwp%2Fv2%2Fcategories&post=16941"},{"taxonomy":"post_tag","embeddable":true,"href":"https:\/\/www.manologarciaycia.com\/index.php?rest_route=%2Fwp%2Fv2%2Ftags&post=16941"}],"curies":[{"name":"wp","href":"https:\/\/api.w.org\/{rel}","templated":true}]}}