{"id":16930,"date":"2017-12-20T13:06:29","date_gmt":"2017-12-20T12:06:29","guid":{"rendered":"http:\/\/www.manologarciaycia.com\/?p=16930"},"modified":"2017-12-20T13:06:29","modified_gmt":"2017-12-20T12:06:29","slug":"manolo-garcia-29-de-septiembre-2018-en-merida-stonemusic","status":"publish","type":"post","link":"https:\/\/www.manologarciaycia.com\/?p=16930","title":{"rendered":"Manolo Garc\u00eda, 29 de Septiembre 2018 en M\u00e9rida, Stone&#038;Music!"},"content":{"rendered":"<p>Confirmado Manolo Garc\u00eda el 29 de Septiembre 2018 en M\u00e9rida!!!\u00a0Stone and Music Festival. El Teatro Romano acoger\u00e1 estos tres espect\u00e1culos \u00fanicos en el marco del Festival<\/p>\n<p>Las entradas saldr\u00e1n a la venta el jueves, 21 de diciembre, en taquilla y en la web oficial (del festival:\u00a0<a href=\"http:\/\/stoneandmusicfestival.com\/\" target=\"_blank\" rel=\"noopener nofollow\" data-ft=\"{&quot;tn&quot;:&quot;-U&quot;}\" data-lynx-mode=\"async\">http:\/\/stoneandmusicfestival.com\/<\/a>), creemos que a las 10:00h.<\/p>\n<div class=\"text_exposed_show\">\n<p>El \u2018Stone &amp; Music\u2019 Festival de M\u00e9rida presenta nuevos artistas que se suman al cartel para la tercera edici\u00f3n de 2018. Tras el \u00e9xito rotundo de Pablo Albor\u00e1n, agotando sus localidades en a penas 48 horas, el certamen anuncia dos cantantes y un grupo m\u00e1s que actuar\u00e1n en el maravilloso Teatro Romano el pr\u00f3ximo a\u00f1o.<\/p>\n<p><a href=\"http:\/\/www.manologarciaycia.com\/wp-content\/uploads\/2017\/12\/Stone.jpg\"><img loading=\"lazy\" decoding=\"async\" class=\"aligncenter size-medium wp-image-16931\" src=\"http:\/\/www.manologarciaycia.com\/wp-content\/uploads\/2017\/12\/Stone-500x500.jpg\" alt=\"\" width=\"500\" height=\"500\" srcset=\"https:\/\/www.manologarciaycia.com\/wp-content\/uploads\/2017\/12\/Stone-500x500.jpg 500w, https:\/\/www.manologarciaycia.com\/wp-content\/uploads\/2017\/12\/Stone-150x150.jpg 150w, https:\/\/www.manologarciaycia.com\/wp-content\/uploads\/2017\/12\/Stone-768x768.jpg 768w, https:\/\/www.manologarciaycia.com\/wp-content\/uploads\/2017\/12\/Stone-1024x1024.jpg 1024w, https:\/\/www.manologarciaycia.com\/wp-content\/uploads\/2017\/12\/Stone-695x695.jpg 695w, https:\/\/www.manologarciaycia.com\/wp-content\/uploads\/2017\/12\/Stone-930x930.jpg 930w\" sizes=\"auto, (max-width: 500px) 100vw, 500px\" \/><\/a><\/p>\n<p>Fuente: Stone&amp;Music &#8211; <a href=\"http:\/\/stoneandmusicfestival.com\/pastora-soler-il-divo-con-la-orquesta-de-extremadura-y-manolo-garcia-actuaran-en-el-stone-music-festival\/\" target=\"_blank\" rel=\"noopener\">ENLACE<\/a><\/p>\n<p><span class=\"_5afx\"><span class=\"_58cl _5afz\" aria-label=\"numeral\">#<\/span><span class=\"_58cm\">ManoloGarc\u00eda<\/span><\/span>\u00a0<span class=\"_5afx\"><span class=\"_58cl _5afz\" aria-label=\"numeral\">#<\/span><span class=\"_58cm\">StoneandMusic<\/span><\/span>\u00a0<span class=\"_5afx\"><span class=\"_58cl _5afz\" aria-label=\"numeral\">#<\/span><\/span><span class=\"_5afx\"><span class=\"_58cm\">Gira2018<\/span><\/span><\/p>\n<\/div>\n","protected":false},"excerpt":{"rendered":"<p>Confirmado Manolo Garc\u00eda el 29 de Septiembre 2018 en M\u00e9rida!!!\u00a0Stone and Music Festival. El Teatro Romano acoger\u00e1 estos tres espect\u00e1culos \u00fanicos en el marco del Festival Las entradas saldr\u00e1n a la venta el jueves, 21 de diciembre, en taquilla y en la web oficial (del festival:\u00a0http:\/\/stoneandmusicfestival.com\/), creemos que a las 10:00h. El \u2018Stone &amp; Music\u2019<a class=\"moretag\" href=\"https:\/\/www.manologarciaycia.com\/?p=16930\" title=\"Manolo Garc\u00eda, 29 de Septiembre 2018 en M\u00e9rida, Stone&#038;Music!\" target=\"_self\" rel=\"follow\"> <font face=arial size=2>[Leer m\u00e1s]<\/font> <\/a><\/p>\n","protected":false},"author":2,"featured_media":16932,"comment_status":"closed","ping_status":"closed","sticky":false,"template":"","format":"standard","meta":{"footnotes":""},"categories":[1],"tags":[],"class_list":["post-16930","post","type-post","status-publish","format-standard","has-post-thumbnail","hentry","category-manolo-garcia"],"_links":{"self":[{"href":"https:\/\/www.manologarciaycia.com\/index.php?rest_route=\/wp\/v2\/posts\/16930","targetHints":{"allow":["GET"]}}],"collection":[{"href":"https:\/\/www.manologarciaycia.com\/index.php?rest_route=\/wp\/v2\/posts"}],"about":[{"href":"https:\/\/www.manologarciaycia.com\/index.php?rest_route=\/wp\/v2\/types\/post"}],"author":[{"embeddable":true,"href":"https:\/\/www.manologarciaycia.com\/index.php?rest_route=\/wp\/v2\/users\/2"}],"replies":[{"embeddable":true,"href":"https:\/\/www.manologarciaycia.com\/index.php?rest_route=%2Fwp%2Fv2%2Fcomments&post=16930"}],"version-history":[{"count":1,"href":"https:\/\/www.manologarciaycia.com\/index.php?rest_route=\/wp\/v2\/posts\/16930\/revisions"}],"predecessor-version":[{"id":16933,"href":"https:\/\/www.manologarciaycia.com\/index.php?rest_route=\/wp\/v2\/posts\/16930\/revisions\/16933"}],"wp:featuredmedia":[{"embeddable":true,"href":"https:\/\/www.manologarciaycia.com\/index.php?rest_route=\/wp\/v2\/media\/16932"}],"wp:attachment":[{"href":"https:\/\/www.manologarciaycia.com\/index.php?rest_route=%2Fwp%2Fv2%2Fmedia&parent=16930"}],"wp:term":[{"taxonomy":"category","embeddable":true,"href":"https:\/\/www.manologarciaycia.com\/index.php?rest_route=%2Fwp%2Fv2%2Fcategories&post=16930"},{"taxonomy":"post_tag","embeddable":true,"href":"https:\/\/www.manologarciaycia.com\/index.php?rest_route=%2Fwp%2Fv2%2Ftags&post=16930"}],"curies":[{"name":"wp","href":"https:\/\/api.w.org\/{rel}","templated":true}]}}