{"id":16910,"date":"2017-12-16T09:49:39","date_gmt":"2017-12-16T08:49:39","guid":{"rendered":"http:\/\/www.manologarciaycia.com\/?p=16910"},"modified":"2017-12-16T09:49:39","modified_gmt":"2017-12-16T08:49:39","slug":"recorte-de-prensa-manolo-garcia-anuncia-su-gira-de-otono-2018-en-grandes-recintos","status":"publish","type":"post","link":"https:\/\/www.manologarciaycia.com\/?p=16910","title":{"rendered":"Recorte de Prensa: MANOLO GARC\u00cdA ANUNCIA SU GIRA DE OTO\u00d1O 2018 EN GRANDES RECINTOS"},"content":{"rendered":"<div class=\"\" data-block=\"true\" data-editor=\"b3hkv\" data-offset-key=\"5ogoi-0-0\">\n<div class=\"_1mf _1mj\" data-offset-key=\"5ogoi-0-0\">El Diario: Manolo Garc\u00eda anuncia una gira en grandes recintos que arrancar\u00e1 en Albacete &#8211; <a href=\"http:\/\/www.eldiario.es\/cultura\/Manolo-Garcia-recintos-arrancara-Albacete_0_718478657.html\" target=\"_blank\" rel=\"noopener\">http:\/\/www.eldiario.es\/cultura\/Manolo-Garcia-recintos-arrancara-Albacete_0_718478657.html<\/a><\/div>\n<\/div>\n<div class=\"\" data-block=\"true\" data-editor=\"b3hkv\" data-offset-key=\"2of06-0-0\">\n<div class=\"_1mf _1mj\" data-offset-key=\"2of06-0-0\"><span data-offset-key=\"2of06-0-0\">\u00a0<\/span><\/div>\n<\/div>\n<div class=\"\" data-block=\"true\" data-editor=\"b3hkv\" data-offset-key=\"fjcei-0-0\">\n<div class=\"_1mf _1mj\" data-offset-key=\"fjcei-0-0\"><span data-offset-key=\"fjcei-0-0\">ABC Sevilla: Manolo Garc\u00eda presentar\u00e1 en Sevilla su nuevo disco, a\u00fan sin t\u00edtulo &#8211; <a href=\"http:\/\/sevilla.abc.es\/cultura\/sevi-manolo-garcia-presentara-sevilla-nuevo-disco-sin-nombre-201712141614_noticia.html\" target=\"_blank\" rel=\"noopener\">http:\/\/sevilla.abc.es\/cultura\/sevi-manolo-garcia-presentara-sevilla-nuevo-disco-sin-nombre-201712141614_noticia.html<\/a><\/span><\/div>\n<\/div>\n<div class=\"\" data-block=\"true\" data-editor=\"b3hkv\" data-offset-key=\"e875h-0-0\">\n<div class=\"_1mf _1mj\" data-offset-key=\"e875h-0-0\"><span data-offset-key=\"e875h-0-0\">\u00a0<\/span><\/div>\n<\/div>\n<div class=\"\" data-block=\"true\" data-editor=\"b3hkv\" data-offset-key=\"7jp3e-0-0\">\n<div class=\"_1mf _1mj\" data-offset-key=\"7jp3e-0-0\"><span data-offset-key=\"7jp3e-0-0\">Malaga Hoy: Manolo Garc\u00eda ofrecer\u00e1 un concierto en M\u00e1laga el 22 de septiembre &#8211; <a href=\"http:\/\/www.malagahoy.es\/ocio\/Manolo-Garcia-concierto-Malaga-septiembre_0_1200180339.html\" target=\"_blank\" rel=\"noopener\">http:\/\/www.malagahoy.es\/ocio\/Manolo-Garcia-concierto-Malaga-septiembre_0_1200180339.html<\/a><\/span><\/div>\n<\/div>\n<div class=\"\" data-block=\"true\" data-editor=\"b3hkv\" data-offset-key=\"5ckdr-0-0\">\n<div class=\"_1mf _1mj\" data-offset-key=\"5ckdr-0-0\"><span data-offset-key=\"5ckdr-0-0\">\u00a0<\/span><\/div>\n<\/div>\n<div class=\"\" data-block=\"true\" data-editor=\"b3hkv\" data-offset-key=\"5ugla-0-0\">\n<div class=\"_1mf _1mj\" data-offset-key=\"5ugla-0-0\"><span data-offset-key=\"5ugla-0-0\">20 Minutos: Manolo Garc\u00eda tocar\u00e1 el 20 de octubre en Barcelona y el 27 en Madrid &#8211; <a href=\"http:\/\/www.20minutos.es\/noticia\/3212835\/0\/manolo-garcia-conciertos-barcelona-madrid-octubre\/\" target=\"_blank\" rel=\"noopener\">http:\/\/www.20minutos.es\/noticia\/3212835\/0\/manolo-garcia-conciertos-barcelona-madrid-octubre\/<\/a><\/span><\/div>\n<\/div>\n<div class=\"\" data-block=\"true\" data-editor=\"b3hkv\" data-offset-key=\"4mkrv-0-0\">\n<div class=\"_1mf _1mj\" data-offset-key=\"4mkrv-0-0\"><span data-offset-key=\"4mkrv-0-0\">\u00a0<\/span><\/div>\n<\/div>\n<div class=\"\" data-block=\"true\" data-editor=\"b3hkv\" data-offset-key=\"8sg5a-0-0\">\n<div class=\"_1mf _1mj\" data-offset-key=\"8sg5a-0-0\"><span data-offset-key=\"8sg5a-0-0\">Heraldo: Manolo Garc\u00eda actuar\u00e1 el 13 de octubre en el Pabell\u00f3n Pr\u00edncipe Felipe &#8211; <a href=\"http:\/\/www.heraldo.es\/noticias\/ocio-cultura\/2017\/12\/14\/manolo-garcia-actuara-octubre-pabellon-principe-felipe-1213947-1361024.html\" target=\"_blank\" rel=\"noopener\">http:\/\/www.heraldo.es\/noticias\/ocio-cultura\/2017\/12\/14\/manolo-garcia-actuara-octubre-pabellon-principe-felipe-1213947-1361024.html<\/a><\/span><\/div>\n<\/div>\n<div class=\"\" data-block=\"true\" data-editor=\"b3hkv\" data-offset-key=\"9frav-0-0\">\n<div class=\"_1mf _1mj\" data-offset-key=\"9frav-0-0\"><span data-offset-key=\"9frav-0-0\">\u00a0<\/span><\/div>\n<\/div>\n<div class=\"\" data-block=\"true\" data-editor=\"b3hkv\" data-offset-key=\"89krl-0-0\">\n<div class=\"_1mf _1mj\" data-offset-key=\"89krl-0-0\"><span data-offset-key=\"89krl-0-0\">El Dia Digital: Manolo Garc\u00eda actuar\u00e1 en la plaza de toros de Albacete el 1 de septiembre de 2018 &#8211; <a href=\"http:\/\/eldiadigital.es\/not\/240534\/manolo-garcia-actuara-en-la-plaza-de-toros-de-albacete-el-1-de-septiembre-de-2018\" target=\"_blank\" rel=\"noopener\">http:\/\/eldiadigital.es\/not\/240534\/manolo-garcia-actuara-en-la-plaza-de-toros-de-albacete-el-1-de-septiembre-de-2018<\/a><\/span><\/div>\n<\/div>\n<div class=\"\" data-block=\"true\" data-editor=\"b3hkv\" data-offset-key=\"nh7k-0-0\">\n<div class=\"_1mf _1mj\" data-offset-key=\"nh7k-0-0\"><span data-offset-key=\"nh7k-0-0\">\u00a0<\/span><\/div>\n<\/div>\n<div class=\"\" data-block=\"true\" data-editor=\"b3hkv\" data-offset-key=\"7jpu-0-0\">\n<div class=\"_1mf _1mj\" data-offset-key=\"7jpu-0-0\"><span data-offset-key=\"7jpu-0-0\">La Vanguardia: Manolo Garc\u00eda tocar\u00e1 el 15 de octubre en la Plaza de Toros de Val\u00e8ncia &#8211; <a href=\"http:\/\/www.lavanguardia.com\/vida\/20171214\/433628205244\/manolo-garcia-tocara-el-20-de-octubre-en-palau-sant-jordi-y-el-27-en-wizink.html\" target=\"_blank\" rel=\"noopener\">http:\/\/www.lavanguardia.com\/vida\/20171214\/433628205244\/manolo-garcia-tocara-el-20-de-octubre-en-palau-sant-jordi-y-el-27-en-wizink.html<\/a><\/span><\/div>\n<\/div>\n<div class=\"\" data-block=\"true\" data-editor=\"b3hkv\" data-offset-key=\"ffnb1-0-0\">\n<div class=\"_1mf _1mj\" data-offset-key=\"ffnb1-0-0\"><span data-offset-key=\"ffnb1-0-0\">\u00a0<\/span><\/div>\n<\/div>\n<div class=\"\" data-block=\"true\" data-editor=\"b3hkv\" data-offset-key=\"1vta3-0-0\">\n<div class=\"_1mf _1mj\" data-offset-key=\"1vta3-0-0\"><span data-offset-key=\"1vta3-0-0\">Cadena 100: Manolo Garc\u00eda, fechas de la gira &#8211; <a href=\"http:\/\/www.cadena100.es\/actualidad\/manolo-garcia-fechas-de-la-gira\" target=\"_blank\" rel=\"noopener\">http:\/\/www.cadena100.es\/actualidad\/manolo-garcia-fechas-de-la-gira<\/a><\/span><\/div>\n<\/div>\n<div class=\"\" data-block=\"true\" data-editor=\"b3hkv\" data-offset-key=\"687di-0-0\">\n<div class=\"_1mf _1mj\" data-offset-key=\"687di-0-0\"><span data-offset-key=\"687di-0-0\">\u00a0<\/span><\/div>\n<\/div>\n<div class=\"\" data-block=\"true\" data-editor=\"b3hkv\" data-offset-key=\"9mjmb-0-0\">\n<div class=\"_1mf _1mj\" data-offset-key=\"9mjmb-0-0\"><span data-offset-key=\"9mjmb-0-0\">Catalunya Press: Manolo Garc\u00eda anuncia gira para oto\u00f1o de 2018 &#8211; <a href=\"http:\/\/www.catalunyapress.es\/texto-diario\/mostrar\/971024\/manolo-garcia-anuncia-gira-otono-2018\" target=\"_blank\" rel=\"noopener\">http:\/\/www.catalunyapress.es\/texto-diario\/mostrar\/971024\/manolo-garcia-anuncia-gira-otono-2018<\/a><\/span><\/div>\n<\/div>\n<div class=\"\" data-block=\"true\" data-editor=\"b3hkv\" data-offset-key=\"f560b-0-0\">\n<div class=\"_1mf _1mj\" data-offset-key=\"f560b-0-0\"><span data-offset-key=\"f560b-0-0\">\u00a0<\/span><\/div>\n<\/div>\n<div class=\"\" data-block=\"true\" data-editor=\"b3hkv\" data-offset-key=\"2a700-0-0\">\n<div class=\"_1mf _1mj\" data-offset-key=\"2a700-0-0\"><span data-offset-key=\"2a700-0-0\">MasqueAlba: Manolo Garc\u00eda anuncia concierto en Albacete y pondr\u00e1 las entradas a la venta el martes &#8211; <a href=\"http:\/\/masquealba.com\/noticias\/albacete\/item\/28324-manolo-garcia-anuncia-concierto-en-albacete-y-pondra-las-entradas-a-la-venta-el-martes.html\" target=\"_blank\" rel=\"noopener\">http:\/\/masquealba.com\/noticias\/albacete\/item\/28324-manolo-garcia-anuncia-concierto-en-albacete-y-pondra-las-entradas-a-la-venta-el-martes.html<\/a><\/span><\/div>\n<\/div>\n<div class=\"\" data-block=\"true\" data-editor=\"b3hkv\" data-offset-key=\"4b7da-0-0\">\n<div class=\"_1mf _1mj\" data-offset-key=\"4b7da-0-0\"><span data-offset-key=\"4b7da-0-0\">\u00a0<\/span><\/div>\n<\/div>\n<div class=\"\" data-block=\"true\" data-editor=\"b3hkv\" data-offset-key=\"fnvvl-0-0\">\n<div class=\"_1mf _1mj\" data-offset-key=\"fnvvl-0-0\"><span data-offset-key=\"fnvvl-0-0\">100&#215;100 Musica: 9 \u00daNICOS CONCIERTOS PARA LA PR\u00d3XIMA GIRA DE OTO\u00d1O DE MANOLO GARC\u00cdA &#8211; <a href=\"http:\/\/100x100musica.es\/gira-de-otono-de-manolo-garcia\/\" target=\"_blank\" rel=\"noopener\">http:\/\/100x100musica.es\/gira-de-otono-de-manolo-garcia\/<\/a><\/span><\/div>\n<\/div>\n<div class=\"\" data-block=\"true\" data-editor=\"b3hkv\" data-offset-key=\"496mc-0-0\">\n<div class=\"_1mf _1mj\" data-offset-key=\"496mc-0-0\"><span data-offset-key=\"496mc-0-0\">\u00a0<\/span><\/div>\n<\/div>\n<div class=\"\" data-block=\"true\" data-editor=\"b3hkv\" data-offset-key=\"4g83-0-0\">\n<div class=\"_1mf _1mj\" data-offset-key=\"4g83-0-0\"><span data-offset-key=\"4g83-0-0\">Que.es: Manolo Garc\u00eda anuncia nueve grandes conciertos para presentar su inminente nuevo disco &#8211; <a href=\"http:\/\/www.que.es\/musica\/201712151009-manolo-garcia-anuncia-nueve-grandes.html\" target=\"_blank\" rel=\"noopener\">http:\/\/www.que.es\/musica\/201712151009-manolo-garcia-anuncia-nueve-grandes.html<\/a><\/span><\/div>\n<\/div>\n<div class=\"\" data-block=\"true\" data-editor=\"b3hkv\" data-offset-key=\"3dre0-0-0\">\n<div class=\"_1mf _1mj\" data-offset-key=\"3dre0-0-0\"><span data-offset-key=\"3dre0-0-0\">\u00a0<\/span><\/div>\n<\/div>\n<div class=\"\" data-block=\"true\" data-editor=\"b3hkv\" data-offset-key=\"712bm-0-0\">\n<div class=\"_1mf _1mj\" data-offset-key=\"712bm-0-0\"><span data-offset-key=\"712bm-0-0\">Levante EMV: Manolo Garc\u00eda actuar\u00e1 en la plaza de toros de Val\u00e8ncia en septiembre de 2018 &#8211;<a href=\"http:\/\/www.levante-emv.com\/cultura\/2017\/12\/14\/manolo-garcia-actuara-plaza-toros\/1654756.html\" target=\"_blank\" rel=\"noopener\"> http:\/\/www.levante-emv.com\/cultura\/2017\/12\/14\/manolo-garcia-actuara-plaza-toros\/1654756.html<\/a><\/span><\/div>\n<\/div>\n<div class=\"\" data-block=\"true\" data-editor=\"b3hkv\" data-offset-key=\"5fned-0-0\">\n<div class=\"_1mf _1mj\" data-offset-key=\"5fned-0-0\"><span data-offset-key=\"5fned-0-0\">\u00a0<\/span><\/div>\n<\/div>\n<div class=\"\" data-block=\"true\" data-editor=\"b3hkv\" data-offset-key=\"96juk-0-0\">\n<div class=\"_1mf _1mj\" data-offset-key=\"96juk-0-0\"><span data-offset-key=\"96juk-0-0\">La Vanguardia: Manolo Garc\u00eda anuncia una gira que recalar\u00e1 en el WiZink Center el 27 octubre &#8211; <a href=\"http:\/\/www.lavanguardia.com\/local\/madrid\/20171214\/433628685754\/manolo-garcia-anuncia-una-gira-que-recalara-en-el-wizink-center-el-27-octubre.html\" target=\"_blank\" rel=\"noopener\">http:\/\/www.lavanguardia.com\/local\/madrid\/20171214\/433628685754\/manolo-garcia-anuncia-una-gira-que-recalara-en-el-wizink-center-el-27-octubre.html<\/a><\/span><\/div>\n<\/div>\n<div class=\"\" data-block=\"true\" data-editor=\"b3hkv\" data-offset-key=\"8nmo0-0-0\">\n<div class=\"_1mf _1mj\" data-offset-key=\"8nmo0-0-0\"><span data-offset-key=\"8nmo0-0-0\">\u00a0<\/span><\/div>\n<\/div>\n<div class=\"\" data-block=\"true\" data-editor=\"b3hkv\" data-offset-key=\"5dibs-0-0\">\n<div class=\"_1mf _1mj\" data-offset-key=\"5dibs-0-0\"><span data-offset-key=\"5dibs-0-0\">Europa Press: Manolo Garc\u00eda anuncia gira en grandes recintos para oto\u00f1o de 2018 &#8211; <a href=\"http:\/\/www.europapress.es\/cultura\/musica-00129\/noticia-manolo-garcia-anuncia-gira-grandes-recintos-otono-2018-20171214132047.html\" target=\"_blank\" rel=\"noopener\">http:\/\/www.europapress.es\/cultura\/musica-00129\/noticia-manolo-garcia-anuncia-gira-grandes-recintos-otono-2018-20171214132047.html<\/a><\/span><\/div>\n<\/div>\n<div class=\"\" data-block=\"true\" data-editor=\"b3hkv\" data-offset-key=\"fm6er-0-0\">\n<div class=\"_1mf _1mj\" data-offset-key=\"fm6er-0-0\"><span data-offset-key=\"fm6er-0-0\">\u00a0<\/span><\/div>\n<\/div>\n<div class=\"\" data-block=\"true\" data-editor=\"b3hkv\" data-offset-key=\"eqh45-0-0\">\n<div class=\"_1mf _1mj\" data-offset-key=\"eqh45-0-0\"><span class=\"_5zk7\" spellcheck=\"false\" data-offset-key=\"eqh45-0-0\"><span data-offset-key=\"eqh45-0-0\">#ManoloGarc\u00eda<\/span><\/span> <span class=\"_5zk7\" spellcheck=\"false\" data-offset-key=\"eqh45-2-0\"><span data-offset-key=\"eqh45-2-0\">#Gira2018<\/span><\/span> <span class=\"_5zk7\" spellcheck=\"false\" data-offset-key=\"eqh45-4-0\"><span data-offset-key=\"eqh45-4-0\">#2\u00aaParte<\/span><\/span> <span class=\"_5zk7\" spellcheck=\"false\" data-offset-key=\"eqh45-6-0\"><span data-offset-key=\"eqh45-6-0\">#Oto\u00f1o<\/span><\/span><\/div>\n<\/div>\n","protected":false},"excerpt":{"rendered":"<p>El Diario: Manolo Garc\u00eda anuncia una gira en grandes recintos que arrancar\u00e1 en Albacete &#8211; http:\/\/www.eldiario.es\/cultura\/Manolo-Garcia-recintos-arrancara-Albacete_0_718478657.html \u00a0 ABC Sevilla: Manolo Garc\u00eda presentar\u00e1 en Sevilla su nuevo disco, a\u00fan sin t\u00edtulo &#8211; http:\/\/sevilla.abc.es\/cultura\/sevi-manolo-garcia-presentara-sevilla-nuevo-disco-sin-nombre-201712141614_noticia.html \u00a0 Malaga Hoy: Manolo Garc\u00eda ofrecer\u00e1 un concierto en M\u00e1laga el 22 de septiembre &#8211; http:\/\/www.malagahoy.es\/ocio\/Manolo-Garcia-concierto-Malaga-septiembre_0_1200180339.html \u00a0 20 Minutos: Manolo Garc\u00eda tocar\u00e1 el<a class=\"moretag\" href=\"https:\/\/www.manologarciaycia.com\/?p=16910\" title=\"Recorte de Prensa: MANOLO GARC\u00cdA ANUNCIA SU GIRA DE OTO\u00d1O 2018 EN GRANDES RECINTOS\" target=\"_self\" rel=\"follow\"> <font face=arial size=2>[Leer m\u00e1s]<\/font> <\/a><\/p>\n","protected":false},"author":2,"featured_media":16911,"comment_status":"closed","ping_status":"closed","sticky":false,"template":"","format":"standard","meta":{"footnotes":""},"categories":[1],"tags":[],"class_list":["post-16910","post","type-post","status-publish","format-standard","has-post-thumbnail","hentry","category-manolo-garcia"],"_links":{"self":[{"href":"https:\/\/www.manologarciaycia.com\/index.php?rest_route=\/wp\/v2\/posts\/16910","targetHints":{"allow":["GET"]}}],"collection":[{"href":"https:\/\/www.manologarciaycia.com\/index.php?rest_route=\/wp\/v2\/posts"}],"about":[{"href":"https:\/\/www.manologarciaycia.com\/index.php?rest_route=\/wp\/v2\/types\/post"}],"author":[{"embeddable":true,"href":"https:\/\/www.manologarciaycia.com\/index.php?rest_route=\/wp\/v2\/users\/2"}],"replies":[{"embeddable":true,"href":"https:\/\/www.manologarciaycia.com\/index.php?rest_route=%2Fwp%2Fv2%2Fcomments&post=16910"}],"version-history":[{"count":1,"href":"https:\/\/www.manologarciaycia.com\/index.php?rest_route=\/wp\/v2\/posts\/16910\/revisions"}],"predecessor-version":[{"id":16912,"href":"https:\/\/www.manologarciaycia.com\/index.php?rest_route=\/wp\/v2\/posts\/16910\/revisions\/16912"}],"wp:featuredmedia":[{"embeddable":true,"href":"https:\/\/www.manologarciaycia.com\/index.php?rest_route=\/wp\/v2\/media\/16911"}],"wp:attachment":[{"href":"https:\/\/www.manologarciaycia.com\/index.php?rest_route=%2Fwp%2Fv2%2Fmedia&parent=16910"}],"wp:term":[{"taxonomy":"category","embeddable":true,"href":"https:\/\/www.manologarciaycia.com\/index.php?rest_route=%2Fwp%2Fv2%2Fcategories&post=16910"},{"taxonomy":"post_tag","embeddable":true,"href":"https:\/\/www.manologarciaycia.com\/index.php?rest_route=%2Fwp%2Fv2%2Ftags&post=16910"}],"curies":[{"name":"wp","href":"https:\/\/api.w.org\/{rel}","templated":true}]}}