{"id":16908,"date":"2017-12-15T12:12:42","date_gmt":"2017-12-15T11:12:42","guid":{"rendered":"http:\/\/www.manologarciaycia.com\/?p=16908"},"modified":"2017-12-15T12:12:42","modified_gmt":"2017-12-15T11:12:42","slug":"sobre-la-venta-de-entradas-de-la-segunda-parte-de-la-gira-2018-de-manolo-garcia","status":"publish","type":"post","link":"https:\/\/www.manologarciaycia.com\/?p=16908","title":{"rendered":"Sobre la venta de entradas de la segunda parte de la Gira 2018 de Manolo Garc\u00eda"},"content":{"rendered":"<div class=\"\" data-block=\"true\" data-editor=\"270s3\" data-offset-key=\"69n2l-0-0\">\n<div class=\"_1mf _1mj\" data-offset-key=\"69n2l-0-0\">&#8211; Preventa Marca Blanca: martes 19 de diciembre a las 10:00h en <a href=\"http:\/\/www.manolo-garcia.com\" target=\"_blank\" rel=\"noopener\">http:\/\/www.manolo-garcia.com<\/a><\/div>\n<\/div>\n<div class=\"\" data-block=\"true\" data-editor=\"270s3\" data-offset-key=\"beoln-0-0\">\n<div class=\"_1mf _1mj\" data-offset-key=\"beoln-0-0\"><span data-offset-key=\"beoln-0-0\">\u00a0<\/span><\/div>\n<\/div>\n<div class=\"\" data-block=\"true\" data-editor=\"270s3\" data-offset-key=\"41ra6-0-0\">\n<div class=\"_1mf _1mj\" data-offset-key=\"41ra6-0-0\"><span data-offset-key=\"41ra6-0-0\">&#8211; Venta general: jueves 21 de diciembre a las 10:00h en los canales habituales de Ticketmaster Espa\u00f1a: <a href=\"http:\/\/ticketmaster.es\" target=\"_blank\" rel=\"noopener\">ticketmaster.es<\/a>, puntos f\u00edsicos de Fnac, Halc\u00f3n Viajes y Viajes Carrefour, y por venta telef\u00f3nica al 902.150.025.<\/span><\/div>\n<\/div>\n<div class=\"\" data-block=\"true\" data-editor=\"270s3\" data-offset-key=\"aba7-0-0\">\n<div class=\"_1mf _1mj\" data-offset-key=\"aba7-0-0\"><span data-offset-key=\"aba7-0-0\">\u00a0<\/span><\/div>\n<\/div>\n<div class=\"\" data-block=\"true\" data-editor=\"270s3\" data-offset-key=\"kas7-0-0\">\n<div class=\"_1mf _1mj\" data-offset-key=\"kas7-0-0\"><span data-offset-key=\"kas7-0-0\">1 Septiembre \u2013 ALBACETE, Plaza de Toros<\/span><\/div>\n<\/div>\n<div class=\"\" data-block=\"true\" data-editor=\"270s3\" data-offset-key=\"1tn99-0-0\">\n<div class=\"_1mf _1mj\" data-offset-key=\"1tn99-0-0\"><span data-offset-key=\"1tn99-0-0\">8 Septiembre \u2013 SEVILLA, Auditorio Rocio Jurado<\/span><\/div>\n<\/div>\n<div class=\"\" data-block=\"true\" data-editor=\"270s3\" data-offset-key=\"9grh7-0-0\">\n<div class=\"_1mf _1mj\" data-offset-key=\"9grh7-0-0\"><span data-offset-key=\"9grh7-0-0\">15 Septiembre \u2013 VALENCIA, Plaza de Toros<\/span><\/div>\n<\/div>\n<div class=\"\" data-block=\"true\" data-editor=\"270s3\" data-offset-key=\"1pc9d-0-0\">\n<div class=\"_1mf _1mj\" data-offset-key=\"1pc9d-0-0\"><span data-offset-key=\"1pc9d-0-0\">22 Septiembre \u2013 M\u00c1LAGA, Auditori Municipal<\/span><\/div>\n<\/div>\n<div class=\"\" data-block=\"true\" data-editor=\"270s3\" data-offset-key=\"8ml34-0-0\">\n<div class=\"_1mf _1mj\" data-offset-key=\"8ml34-0-0\"><span data-offset-key=\"8ml34-0-0\">6 Octubre \u2013 MURCIA, Plaza de Toros<\/span><\/div>\n<\/div>\n<div class=\"\" data-block=\"true\" data-editor=\"270s3\" data-offset-key=\"3gbm6-0-0\">\n<div class=\"_1mf _1mj\" data-offset-key=\"3gbm6-0-0\"><span data-offset-key=\"3gbm6-0-0\">13 Octubre \u2013 ZARAGOZA, Pabell\u00f3n Pr\u00edncipe Felipe<\/span><\/div>\n<\/div>\n<div class=\"\" data-block=\"true\" data-editor=\"270s3\" data-offset-key=\"4cou3-0-0\">\n<div class=\"_1mf _1mj\" data-offset-key=\"4cou3-0-0\"><span data-offset-key=\"4cou3-0-0\">20 Octubre \u2013 BARCELONA, Palau Sant Jordi<\/span><\/div>\n<\/div>\n<div class=\"\" data-block=\"true\" data-editor=\"270s3\" data-offset-key=\"b32gh-0-0\">\n<div class=\"_1mf _1mj\" data-offset-key=\"b32gh-0-0\"><span data-offset-key=\"b32gh-0-0\">27 Octubre \u2013 MADRID, WiZink Center<\/span><\/div>\n<\/div>\n<div class=\"\" data-block=\"true\" data-editor=\"270s3\" data-offset-key=\"2ou97-0-0\">\n<div class=\"_1mf _1mj\" data-offset-key=\"2ou97-0-0\"><span data-offset-key=\"2ou97-0-0\">10 Noviembre \u2013 BILBAO, Arena Miribilla<\/span><\/div>\n<\/div>\n<div class=\"\" data-block=\"true\" data-editor=\"270s3\" data-offset-key=\"ri64-0-0\">\n<div class=\"_1mf _1mj\" data-offset-key=\"ri64-0-0\"><span data-offset-key=\"ri64-0-0\">\u00a0<\/span><\/div>\n<\/div>\n<div class=\"\" data-block=\"true\" data-editor=\"270s3\" data-offset-key=\"a26go-0-0\">\n<div class=\"_1mf _1mj\" data-offset-key=\"a26go-0-0\"><span data-offset-key=\"a26go-0-0\">Fuente: TicketMaster &#8211; <a href=\"https:\/\/blog.ticketmaster.es\/index.php\/2017\/12\/14\/manolo-garcia-anuncia-gira-otono\/\" target=\"_blank\" rel=\"noopener\">ENLACE<\/a><\/span><\/div>\n<\/div>\n<div class=\"\" data-block=\"true\" data-editor=\"270s3\" data-offset-key=\"1p8f3-0-0\">\n<div class=\"_1mf _1mj\" data-offset-key=\"1p8f3-0-0\"><span data-offset-key=\"1p8f3-0-0\">\u00a0<\/span><\/div>\n<\/div>\n<div class=\"\" data-block=\"true\" data-editor=\"270s3\" data-offset-key=\"3qplh-0-0\"><\/div>\n","protected":false},"excerpt":{"rendered":"<p>&#8211; Preventa Marca Blanca: martes 19 de diciembre a las 10:00h en http:\/\/www.manolo-garcia.com \u00a0 &#8211; Venta general: jueves 21 de diciembre a las 10:00h en los canales habituales de Ticketmaster Espa\u00f1a: ticketmaster.es, puntos f\u00edsicos de Fnac, Halc\u00f3n Viajes y Viajes Carrefour, y por venta telef\u00f3nica al 902.150.025. \u00a0 1 Septiembre \u2013 ALBACETE, Plaza de Toros<a class=\"moretag\" href=\"https:\/\/www.manologarciaycia.com\/?p=16908\" title=\"Sobre la venta de entradas de la segunda parte de la Gira 2018 de Manolo Garc\u00eda\" target=\"_self\" rel=\"follow\"> <font face=arial size=2>[Leer m\u00e1s]<\/font> <\/a><\/p>\n","protected":false},"author":2,"featured_media":16864,"comment_status":"closed","ping_status":"closed","sticky":false,"template":"","format":"standard","meta":{"footnotes":""},"categories":[1],"tags":[],"class_list":["post-16908","post","type-post","status-publish","format-standard","has-post-thumbnail","hentry","category-manolo-garcia"],"_links":{"self":[{"href":"https:\/\/www.manologarciaycia.com\/index.php?rest_route=\/wp\/v2\/posts\/16908","targetHints":{"allow":["GET"]}}],"collection":[{"href":"https:\/\/www.manologarciaycia.com\/index.php?rest_route=\/wp\/v2\/posts"}],"about":[{"href":"https:\/\/www.manologarciaycia.com\/index.php?rest_route=\/wp\/v2\/types\/post"}],"author":[{"embeddable":true,"href":"https:\/\/www.manologarciaycia.com\/index.php?rest_route=\/wp\/v2\/users\/2"}],"replies":[{"embeddable":true,"href":"https:\/\/www.manologarciaycia.com\/index.php?rest_route=%2Fwp%2Fv2%2Fcomments&post=16908"}],"version-history":[{"count":1,"href":"https:\/\/www.manologarciaycia.com\/index.php?rest_route=\/wp\/v2\/posts\/16908\/revisions"}],"predecessor-version":[{"id":16909,"href":"https:\/\/www.manologarciaycia.com\/index.php?rest_route=\/wp\/v2\/posts\/16908\/revisions\/16909"}],"wp:featuredmedia":[{"embeddable":true,"href":"https:\/\/www.manologarciaycia.com\/index.php?rest_route=\/wp\/v2\/media\/16864"}],"wp:attachment":[{"href":"https:\/\/www.manologarciaycia.com\/index.php?rest_route=%2Fwp%2Fv2%2Fmedia&parent=16908"}],"wp:term":[{"taxonomy":"category","embeddable":true,"href":"https:\/\/www.manologarciaycia.com\/index.php?rest_route=%2Fwp%2Fv2%2Fcategories&post=16908"},{"taxonomy":"post_tag","embeddable":true,"href":"https:\/\/www.manologarciaycia.com\/index.php?rest_route=%2Fwp%2Fv2%2Ftags&post=16908"}],"curies":[{"name":"wp","href":"https:\/\/api.w.org\/{rel}","templated":true}]}}