{"id":1689,"date":"2011-10-14T11:20:53","date_gmt":"2011-10-14T10:20:53","guid":{"rendered":"http:\/\/petaos.net\/?p=1689"},"modified":"2011-10-14T11:38:10","modified_gmt":"2011-10-14T10:38:10","slug":"mg-mas-datos-sobre-la-exposicion-de-pinturas-del-dia-28-octubre","status":"publish","type":"post","link":"https:\/\/www.manologarciaycia.com\/?p=1689","title":{"rendered":"MG: Mas datos sobre la exposicion de pinturas del dia 28 Octubre"},"content":{"rendered":"<div id=\"_mcePaste\" style=\"position: absolute; left: -10000px; top: 0px; width: 1px; height: 1px; overflow-x: hidden; overflow-y: hidden;\">Bajo el t\u00edtulo Apuntes de campo de un esc\u00e9ptico participativo, esta exposici\u00f3n de dibujos y pinturas se ofrecer\u00e1 en la Sala de Exposici\u00f3n de la Fundaci\u00f3n C\u00edrculo de Lectores de Barcelona y podr\u00e1 ser visitada a partir del \u00a0pr\u00f3ximo 28 de octubre. c\/Consell de Cent, 323, de 10 a 20 horas.<\/div>\n<div id=\"_mcePaste\" style=\"position: absolute; left: -10000px; top: 0px; width: 1px; height: 1px; overflow-x: hidden; overflow-y: hidden;\">La exposici\u00f3n presenta sesenta cuadros y cincuenta dibujos de Manolo Garc\u00eda realizados en su gran mayor\u00eda desde que acab\u00f3 la gira de su anterior \u00e1lbum en 2009, y cuenta adem\u00e1s con la particularidad y el aliciente a\u00f1adido de que la propia sala donde se expone la obra est\u00e1 siendo pintada en su totalidad bajo dise\u00f1o y boceto del propio Manolo. A su vez el artista est\u00e1 preparando artesanalmente marcos sui generis para cada obra; lo que ofrece otro a\u00f1adido de singularidad a esta exposici\u00f3n. Tambi\u00e9n la antesala de la exposici\u00f3n recibir\u00e1 en estos pr\u00f3ximos d\u00edas a 13 alumnos del profesor Josep Madaula de la Escola Massana de Barcelona que junto a Manolo Garc\u00eda \u201cgrafitear\u00e1n\u201d \u00a0libremente y tambi\u00e9n reproducir\u00e1n parte de los textos incluidos en su libro El fruto de la rama m\u00e1s alta que se publica este 25 de octubre. Dicho sea de paso, todos los beneficios que este libro pueda generar al autor ser\u00e1n destinados a causas humanitarias.<\/div>\n<div id=\"_mcePaste\" style=\"position: absolute; left: -10000px; top: 0px; width: 1px; height: 1px; overflow-x: hidden; overflow-y: hidden;\">Igualmente, como es habitual en Manolo Garc\u00eda, la obra expuesta no est\u00e1 a la venta, s\u00f3lo es muestra.<\/div>\n<p>Bajo el t\u00edtulo Apuntes de campo de un esc\u00e9ptico participativo, esta exposici\u00f3n de dibujos y pinturas se ofrecer\u00e1 en la <span style=\"text-decoration: underline;\">Sala de Exposici\u00f3n de la Fundaci\u00f3n C\u00edrculo de Lectores de Barcelona<\/span> y podr\u00e1 ser visitada a partir del \u00a0pr\u00f3ximo <span style=\"color: #888888;\"><span style=\"text-decoration: underline;\"><span style=\"color: #000000;\"><strong>28 de octubre<\/strong><\/span><\/span><\/span>. c\/Consell de Cent, 323, de 10 a 20 horas.<\/p>\n<p>La exposici\u00f3n presenta sesenta cuadros y cincuenta dibujos de Manolo Garc\u00eda realizados en su gran mayor\u00eda desde que acab\u00f3 la gira de su anterior \u00e1lbum en 2009, y cuenta adem\u00e1s con la particularidad y el aliciente a\u00f1adido de que la propia sala donde se expone la obra est\u00e1 siendo pintada en su totalidad bajo dise\u00f1o y boceto del propio Manolo. A su vez el artista est\u00e1 preparando artesanalmente marcos sui generis para cada obra; lo que ofrece otro a\u00f1adido de singularidad a esta exposici\u00f3n. Tambi\u00e9n la antesala de la exposici\u00f3n recibir\u00e1 en estos pr\u00f3ximos d\u00edas a 13 alumnos del profesor Josep Madaula de la Escola Massana de Barcelona que junto a Manolo Garc\u00eda \u201cgrafitear\u00e1n\u201d \u00a0libremente y tambi\u00e9n reproducir\u00e1n parte de los textos incluidos en su libro El fruto de la rama m\u00e1s alta que se publica este 25 de octubre. Dicho sea de paso, todos los beneficios que este libro pueda generar al autor ser\u00e1n destinados a causas humanitarias.<\/p>\n<p>Igualmente, como es habitual en Manolo Garc\u00eda, la obra expuesta no est\u00e1 a la venta, s\u00f3lo es muestra.<\/p>\n<p>Fuente: Manolo-Garcia.net<\/p>\n","protected":false},"excerpt":{"rendered":"<p>Bajo el t\u00edtulo Apuntes de campo de un esc\u00e9ptico participativo, esta exposici\u00f3n de dibujos y pinturas se ofrecer\u00e1 en la Sala de Exposici\u00f3n de la Fundaci\u00f3n C\u00edrculo de Lectores de Barcelona y podr\u00e1 ser visitada a partir del \u00a0pr\u00f3ximo 28 de octubre. c\/Consell de Cent, 323, de 10 a 20 horas. La exposici\u00f3n presenta sesenta<a class=\"moretag\" href=\"https:\/\/www.manologarciaycia.com\/?p=1689\" title=\"MG: Mas datos sobre la exposicion de pinturas del dia 28 Octubre\" target=\"_self\" rel=\"follow\"> <font face=arial size=2>[Leer m\u00e1s]<\/font> <\/a><\/p>\n","protected":false},"author":2,"featured_media":0,"comment_status":"closed","ping_status":"closed","sticky":false,"template":"","format":"standard","meta":{"footnotes":""},"categories":[1],"tags":[241],"class_list":["post-1689","post","type-post","status-publish","format-standard","hentry","category-manolo-garcia","tag-manolo-garcia-exposicion-pinturas-cuadros-dibujos"],"_links":{"self":[{"href":"https:\/\/www.manologarciaycia.com\/index.php?rest_route=\/wp\/v2\/posts\/1689","targetHints":{"allow":["GET"]}}],"collection":[{"href":"https:\/\/www.manologarciaycia.com\/index.php?rest_route=\/wp\/v2\/posts"}],"about":[{"href":"https:\/\/www.manologarciaycia.com\/index.php?rest_route=\/wp\/v2\/types\/post"}],"author":[{"embeddable":true,"href":"https:\/\/www.manologarciaycia.com\/index.php?rest_route=\/wp\/v2\/users\/2"}],"replies":[{"embeddable":true,"href":"https:\/\/www.manologarciaycia.com\/index.php?rest_route=%2Fwp%2Fv2%2Fcomments&post=1689"}],"version-history":[{"count":2,"href":"https:\/\/www.manologarciaycia.com\/index.php?rest_route=\/wp\/v2\/posts\/1689\/revisions"}],"predecessor-version":[{"id":1691,"href":"https:\/\/www.manologarciaycia.com\/index.php?rest_route=\/wp\/v2\/posts\/1689\/revisions\/1691"}],"wp:attachment":[{"href":"https:\/\/www.manologarciaycia.com\/index.php?rest_route=%2Fwp%2Fv2%2Fmedia&parent=1689"}],"wp:term":[{"taxonomy":"category","embeddable":true,"href":"https:\/\/www.manologarciaycia.com\/index.php?rest_route=%2Fwp%2Fv2%2Fcategories&post=1689"},{"taxonomy":"post_tag","embeddable":true,"href":"https:\/\/www.manologarciaycia.com\/index.php?rest_route=%2Fwp%2Fv2%2Ftags&post=1689"}],"curies":[{"name":"wp","href":"https:\/\/api.w.org\/{rel}","templated":true}]}}