{"id":16863,"date":"2017-12-14T13:36:44","date_gmt":"2017-12-14T12:36:44","guid":{"rendered":"http:\/\/www.manologarciaycia.com\/?p=16863"},"modified":"2017-12-14T13:37:40","modified_gmt":"2017-12-14T12:37:40","slug":"manolo-garcia-anuncia-su-gira-de-otono-2018-en-grandes-recintos","status":"publish","type":"post","link":"https:\/\/www.manologarciaycia.com\/?p=16863","title":{"rendered":"MANOLO GARC\u00cdA ANUNCIA SU GIRA DE OTO\u00d1O 2018 EN GRANDES RECINTOS!"},"content":{"rendered":"<p><strong>ENTRADAS A LA VENTA EL MARTES 19 DE DICIEMBRE EN MANOLO-GARCIA.COM<\/strong><\/p>\n<p><strong>9 \u00daNICOS CONCIERTOS:\u00a0<\/strong><strong>ALBACETE<\/strong><strong>\u00a0| SEVILLA| VALENCIA\u00a0| M\u00c1LAGA| MURCIA\u00a0| ZARAGOZA\u00a0| BARCELONA\u00a0| MADRID\u00a0| BILBAO<\/strong><\/p>\n<p>Despu\u00e9s de agotar pr\u00e1cticamente todas las entradas en la mayor\u00eda de recintos de su primera parte en teatros y auditorios la pr\u00f3xima primavera, Manolo Garc\u00eda anuncia nueve \u00fanicas ciudades en su gira de grandes recintos del pr\u00f3ximo oto\u00f1o.<\/p>\n<p>Manolo Garc\u00eda vuelve a los escenarios con un nuevo disco de estudio, que ver\u00e1 la luz en marzo, un trabajo a\u00fan sin nombre, que ocupar\u00e1 el 7\u00ba lugar en la discograf\u00eda de Manolo Garc\u00eda en solitario, tras la disoluci\u00f3n de El \u00daltimo de la Fila.<\/p>\n<p>1 Septiembre \u00a0\u00a0\u00a0\u00a0\u00a0 ALBACETE \u00a0\u00a0\u00a0 Plaza de Toros<\/p>\n<p>8 Septiembre \u00a0\u00a0\u00a0\u00a0\u00a0 SEVILLA \u00a0\u00a0\u00a0\u00a0\u00a0\u00a0 Auditorio Roc\u00edo Jurado<\/p>\n<p>15 Septiembre\u00a0\u00a0\u00a0\u00a0 VALENCIA \u00a0\u00a0\u00a0 Plaza de Toros<\/p>\n<p>22 Septiembre \u00a0\u00a0\u00a0 M\u00c1LAGA \u00a0\u00a0\u00a0\u00a0\u00a0\u00a0 Auditori Municipal<\/p>\n<p>6 Octubre \u00a0\u00a0\u00a0\u00a0\u00a0\u00a0\u00a0\u00a0\u00a0\u00a0 MURCIA\u00a0\u00a0\u00a0\u00a0\u00a0\u00a0\u00a0 Plaza de Toros<\/p>\n<p>13 Octubre\u00a0\u00a0\u00a0\u00a0\u00a0\u00a0\u00a0\u00a0\u00a0 ZARAGOZA\u00a0\u00a0 Pabell\u00f3n Pr\u00edncipe Felipe<\/p>\n<p>20 Octubre\u00a0\u00a0 \u00a0\u00a0\u00a0\u00a0\u00a0\u00a0 BARCELONA\u00a0 Palau Sant Jordi<\/p>\n<p>27 Octubre\u00a0\u00a0 \u00a0\u00a0\u00a0\u00a0\u00a0\u00a0 MADRID\u00a0\u00a0\u00a0\u00a0\u00a0\u00a0\u00a0 WiZink Center<\/p>\n<p>10 Noviembre\u00a0\u00a0\u00a0\u00a0\u00a0 BILBAO\u00a0\u00a0\u00a0\u00a0\u00a0\u00a0\u00a0\u00a0 Arena Miribilla<\/p>\n<p>Fuente: Web Oficial Sony Manolo Garc\u00eda &#8211; <a href=\"https:\/\/www.manolo-garcia.com\/2017\/12\/14\/manolo-garcia-anuncia-su-gira-de-otono-en-grandes-recintos\/\" target=\"_blank\" rel=\"noopener\">https:\/\/www.manolo-garcia.com\/2017\/12\/14\/manolo-garcia-anuncia-su-gira-de-otono-en-grandes-recintos\/<\/a><\/p>\n","protected":false},"excerpt":{"rendered":"<p>ENTRADAS A LA VENTA EL MARTES 19 DE DICIEMBRE EN MANOLO-GARCIA.COM 9 \u00daNICOS CONCIERTOS:\u00a0ALBACETE\u00a0| SEVILLA| VALENCIA\u00a0| M\u00c1LAGA| MURCIA\u00a0| ZARAGOZA\u00a0| BARCELONA\u00a0| MADRID\u00a0| BILBAO Despu\u00e9s de agotar pr\u00e1cticamente todas las entradas en la mayor\u00eda de recintos de su primera parte en teatros y auditorios la pr\u00f3xima primavera, Manolo Garc\u00eda anuncia nueve \u00fanicas ciudades en su gira de<a class=\"moretag\" href=\"https:\/\/www.manologarciaycia.com\/?p=16863\" title=\"MANOLO GARC\u00cdA ANUNCIA SU GIRA DE OTO\u00d1O 2018 EN GRANDES RECINTOS!\" target=\"_self\" rel=\"follow\"> <font face=arial size=2>[Leer m\u00e1s]<\/font> <\/a><\/p>\n","protected":false},"author":2,"featured_media":16864,"comment_status":"closed","ping_status":"closed","sticky":false,"template":"","format":"standard","meta":{"footnotes":""},"categories":[1],"tags":[],"class_list":["post-16863","post","type-post","status-publish","format-standard","has-post-thumbnail","hentry","category-manolo-garcia"],"_links":{"self":[{"href":"https:\/\/www.manologarciaycia.com\/index.php?rest_route=\/wp\/v2\/posts\/16863","targetHints":{"allow":["GET"]}}],"collection":[{"href":"https:\/\/www.manologarciaycia.com\/index.php?rest_route=\/wp\/v2\/posts"}],"about":[{"href":"https:\/\/www.manologarciaycia.com\/index.php?rest_route=\/wp\/v2\/types\/post"}],"author":[{"embeddable":true,"href":"https:\/\/www.manologarciaycia.com\/index.php?rest_route=\/wp\/v2\/users\/2"}],"replies":[{"embeddable":true,"href":"https:\/\/www.manologarciaycia.com\/index.php?rest_route=%2Fwp%2Fv2%2Fcomments&post=16863"}],"version-history":[{"count":2,"href":"https:\/\/www.manologarciaycia.com\/index.php?rest_route=\/wp\/v2\/posts\/16863\/revisions"}],"predecessor-version":[{"id":16866,"href":"https:\/\/www.manologarciaycia.com\/index.php?rest_route=\/wp\/v2\/posts\/16863\/revisions\/16866"}],"wp:featuredmedia":[{"embeddable":true,"href":"https:\/\/www.manologarciaycia.com\/index.php?rest_route=\/wp\/v2\/media\/16864"}],"wp:attachment":[{"href":"https:\/\/www.manologarciaycia.com\/index.php?rest_route=%2Fwp%2Fv2%2Fmedia&parent=16863"}],"wp:term":[{"taxonomy":"category","embeddable":true,"href":"https:\/\/www.manologarciaycia.com\/index.php?rest_route=%2Fwp%2Fv2%2Fcategories&post=16863"},{"taxonomy":"post_tag","embeddable":true,"href":"https:\/\/www.manologarciaycia.com\/index.php?rest_route=%2Fwp%2Fv2%2Ftags&post=16863"}],"curies":[{"name":"wp","href":"https:\/\/api.w.org\/{rel}","templated":true}]}}