{"id":1682,"date":"2011-10-14T11:27:43","date_gmt":"2011-10-14T10:27:43","guid":{"rendered":"http:\/\/petaos.net\/?p=1682"},"modified":"2011-10-14T15:14:48","modified_gmt":"2011-10-14T14:14:48","slug":"mg-estreno-de-lo-quiero-todo","status":"publish","type":"post","link":"https:\/\/www.manologarciaycia.com\/?p=1682","title":{"rendered":"MG: Estreno de \u00abLo quiero todo\u00bb &#8211; Manolo Garc\u00eda se entrega a la psicodelia"},"content":{"rendered":"<p>El 25 de octubre se publica &#8216;Los d\u00edas intactos&#8217;, el quinto \u00e1lbum de estudio de Manolo Garc\u00eda. Grabado entre Girona y Los \u00c1ngeles, el disco cuenta con 14 temas in\u00e9ditos, entre ellos este \u00abLo quiero todo\u00bb, tercer single de adelanto de la nueva aventura musical del que fuera componente de El \u00faltimo de la Fila.<\/p>\n<p><center><img src='http:\/\/petaos.net\/wp-content\/uploads\/2011\/10\/loquierotodo_3.jpg'><\/img><\/Center><\/p>\n<p>Para ver el v\u00eddeo: <a href='http:\/\/www.rtve.es\/alacarta\/videos\/programa\/manolo-garcia-quiero-todo\/1222597\/'>http:\/\/www.rtve.es\/alacarta\/videos\/programa\/manolo-garcia-quiero-todo\/1222597\/<\/a><\/p>\n<p>El 25 de octubre se publica el quinto \u00e1lbum de estudio de Manolo Garc\u00eda, Los d\u00edas intactos. El que fuera miembro de El \u00faltimo de la Fila ha desvelado a conocer ya tres de las 14 canciones in\u00e9ditas que formar\u00e1n parte de este disco.<\/p>\n<p>RTVE.ES presenta en exclusiva el videoclip para \u00abLo quiero todo\u00bb, el tercer single extra\u00eddo de Los d\u00edas intactos. Esta canci\u00f3n sucede a los temas \u00abUn giro teatral\u00bb y \u00abSombra de la sombra de tu sombrero\u00bb, cuyo v\u00eddeo ya estrenamos en nuestra p\u00e1gina web hace una semana.<\/p>\n<p><center><img src='http:\/\/petaos.net\/wp-content\/uploads\/2011\/10\/loquierotodo_2.jpg'><\/img><\/Center><\/p>\n<p><u>Mucho m\u00e1s que un disco<\/u><\/p>\n<p>El \u00e1lbum se ha grabado entre Girona y Los Angeles y su publicaci\u00f3n ir\u00e1 acompa\u00f1ada de el libro El fruto de la rama m\u00e1s alta, que contiene escritos, los dibujos y pinturas de los \u00faltimos a\u00f1os realizados por el artista y las letras del nuevo \u00e1lbum.<\/p>\n<p>El d\u00eda 25 de octubre tambi\u00e9n se inaugura una exposici\u00f3n de pinturas y dibujos de Manolo Garc\u00eda en el Centro Cultural de la Fundaci\u00f3n C\u00edrculo de Lectores de Barcelona. A partir de enero, la muestra viajar\u00e1 a Madrid.<\/p>\n<p><center><img src='http:\/\/petaos.net\/wp-content\/uploads\/2011\/10\/loquierotodo_1.jpg'><\/img><\/Center><\/p>\n","protected":false},"excerpt":{"rendered":"<p>El 25 de octubre se publica &#8216;Los d\u00edas intactos&#8217;, el quinto \u00e1lbum de estudio de Manolo Garc\u00eda. Grabado entre Girona y Los \u00c1ngeles, el disco cuenta con 14 temas in\u00e9ditos, entre ellos este \u00abLo quiero todo\u00bb, tercer single de adelanto de la nueva aventura musical del que fuera componente de El \u00faltimo de la Fila.<a class=\"moretag\" href=\"https:\/\/www.manologarciaycia.com\/?p=1682\" title=\"MG: Estreno de \u00abLo quiero todo\u00bb &#8211; Manolo Garc\u00eda se entrega a la psicodelia\" target=\"_self\" rel=\"follow\"> <font face=arial size=2>[Leer m\u00e1s]<\/font> <\/a><\/p>\n","protected":false},"author":2,"featured_media":0,"comment_status":"closed","ping_status":"closed","sticky":false,"template":"","format":"standard","meta":{"footnotes":""},"categories":[1],"tags":[259],"class_list":["post-1682","post","type-post","status-publish","format-standard","hentry","category-manolo-garcia","tag-manolo-garcia-lo-quiero-todo-tercer-single-dias-intactos"],"_links":{"self":[{"href":"https:\/\/www.manologarciaycia.com\/index.php?rest_route=\/wp\/v2\/posts\/1682","targetHints":{"allow":["GET"]}}],"collection":[{"href":"https:\/\/www.manologarciaycia.com\/index.php?rest_route=\/wp\/v2\/posts"}],"about":[{"href":"https:\/\/www.manologarciaycia.com\/index.php?rest_route=\/wp\/v2\/types\/post"}],"author":[{"embeddable":true,"href":"https:\/\/www.manologarciaycia.com\/index.php?rest_route=\/wp\/v2\/users\/2"}],"replies":[{"embeddable":true,"href":"https:\/\/www.manologarciaycia.com\/index.php?rest_route=%2Fwp%2Fv2%2Fcomments&post=1682"}],"version-history":[{"count":10,"href":"https:\/\/www.manologarciaycia.com\/index.php?rest_route=\/wp\/v2\/posts\/1682\/revisions"}],"predecessor-version":[{"id":1684,"href":"https:\/\/www.manologarciaycia.com\/index.php?rest_route=\/wp\/v2\/posts\/1682\/revisions\/1684"}],"wp:attachment":[{"href":"https:\/\/www.manologarciaycia.com\/index.php?rest_route=%2Fwp%2Fv2%2Fmedia&parent=1682"}],"wp:term":[{"taxonomy":"category","embeddable":true,"href":"https:\/\/www.manologarciaycia.com\/index.php?rest_route=%2Fwp%2Fv2%2Fcategories&post=1682"},{"taxonomy":"post_tag","embeddable":true,"href":"https:\/\/www.manologarciaycia.com\/index.php?rest_route=%2Fwp%2Fv2%2Ftags&post=1682"}],"curies":[{"name":"wp","href":"https:\/\/api.w.org\/{rel}","templated":true}]}}