{"id":1675,"date":"2011-10-12T04:38:22","date_gmt":"2011-10-12T03:38:22","guid":{"rendered":"http:\/\/petaos.net\/?p=1675"},"modified":"2011-10-12T04:38:41","modified_gmt":"2011-10-12T03:38:41","slug":"antonio-orozco-manolo-garcia-es-un-espejo-donde-mirarme","status":"publish","type":"post","link":"https:\/\/www.manologarciaycia.com\/?p=1675","title":{"rendered":"Antonio Orozco: \u00abManolo Garcia es un espejo donde mirarme\u00bb"},"content":{"rendered":"<p><img loading=\"lazy\" decoding=\"async\" class=\"alignleft\" src=\"http:\/\/ocio.diariodemallorca.es\/img_contenido\/noticias\/33908\/2011_10_10_IMG_2011_10_10_211754_m50sc001__280x190.jpg\" alt=\"\" width=\"280\" height=\"190\" \/>Diez cuenta con la participaci\u00f3n de m\u00fasicos de la talla de Aaron Sterling a la bater\u00eda o Sean Hurley en el bajo. Estos dos \u00faltimos son habituales de John Mayer. Por otra parte, ha contado con Davide Rossi, arreglista de Coldplay. \u00bfPor qu\u00e9 tanto colosalismo para versionar sus letras?<br \/>\n\u2013A todos los admiro profundamente. Para m\u00ed son los mejores m\u00fasicos que hay ahora. Por otra parte, el productor, Andr\u00e9s Saavedra, es muy joven y talentoso. Diez es un disco con unos matices muy claros. En comparaci\u00f3n con otros discos, su sonido es m\u00e1s internacional. En \u00e9l hay una interacci\u00f3n interesante entre acordes mayores y menores \u2013de grana\u00ednas y malague\u00f1as\u2013 que ha dado lugar a cosas muy bonitas.<br \/>\n\u2013Al principio de todo, a usted se le compar\u00f3 con Manolo Garc\u00eda, que sacar\u00e1 disco el pr\u00f3ximo 25 de octubre. \u00bfEs justa esa comparaci\u00f3n?<br \/>\n\u2013No s\u00e9 si es justa. Pero para m\u00ed es un honor. Manolo es uno de los escritores de canciones con mejores perspectivas de la historia. Es un espejo donde mirarme.<\/p>\n<p>Fuente: Diario de Mallorca &#8211; <a href=\"http:\/\/ocio.diariodemallorca.es\/agenda\/noticias\/nws-33908-manolo-garcia-espejo-donde-mirarme.html\" target=\"_blank\">ENLACE<\/a>. <strong>m. elena vall\u00e9s palma.<\/strong><\/p>\n<p><strong><\/strong><br \/>\n\u2013\u00bfSe siente c\u00f3modo en una industria dominada por divas aparatosas y cantantes fabricados en concursos televisivos?<br \/>\n\u2014Yo no me acuesto con ellos, coraz\u00f3n. Me trae sin cuidado esa cuesti\u00f3n. Lo que est\u00e1 claro es que, con las nuevas tecnolog\u00edas, la m\u00fasica est\u00e1 creciendo muy r\u00e1pido. Hay para todos los gustos.<br \/>\n\u2013\u00bfVivimos en un eterno revival buscando el sonido de hoy?<br \/>\n\u2013Estamos en un momento donde se sabe m\u00e1s de m\u00fasica que antes. Hay muchas opciones entre las que escoger gracias a los avances. La gente sabe m\u00e1s, y por eso afortunadamente tenemos diferentes sonidos. No hay un \u00fanico sonido para hoy.<br \/>\n\u2013Le dec\u00eda lo de los revivals porque parece que las discogr\u00e1ficas los necesitan para salir a flote. Por ejemplo, acaba de reeditarse el Nevermind de Nirvana. \u00bfA usted le influy\u00f3 ese disco?<br \/>\n\u2013S\u00ed. Nirvana nos lleg\u00f3 a todos de una forma u otra: Kurt Cobain, su misterio, ese halo de fantas\u00eda.<br \/>\n\u2013\u00bfY musicalmente?<br \/>\n\u2013Musicalmente tambi\u00e9n. Hoy d\u00eda hay grupos parecidos que tienen menos impacto, como Alice in Chains. Otras bandas de rock alternativo, como Stereophonics, tienen un sonido m\u00e1s moderno, m\u00e1s electro. La verdad es que todo est\u00e1 muy abierto. El otro d\u00eda estuve en la sala Razzmatazz de Barcelona y la gente bailaba dance, electro y a continuaci\u00f3n una banda de rock.<br \/>\n\u2013Sin embargo, usted es m\u00e1s de Morente.<br \/>\n\u2013S\u00ed, soy mucho de Morente y de la \u00e9poca de la reinvenci\u00f3n del flamenco. Hay lugares donde el flamenco es pura ortodoxia, pero Morente se lo invent\u00f3 todo, sobre todo con Omega. Es probablemente lo mejor que se ha hecho nunca en este pa\u00eds.<br \/>\n\u2013\u00bfSe atrever\u00eda a ir tan lejos como \u00e9l?<br \/>\n\u2013Para hacerlo hay que ser Morente, y luego tener dos cojones.<br \/>\n\u2013\u00bfQu\u00e9 supuso la entrada de Javier Lim\u00f3n en su anterior disco, Renovatio?<br \/>\n\u2013Un cambio. Lim\u00f3n ten\u00eda una propuesta que estaba muy bien, muy espa\u00f1ola y con un alt\u00edsimo grado de calidad. Prob\u00e9. Fue una bonita experiencia.<br \/>\n\u2013\u00bfDeber\u00eda haber cambiado antes de sonido?<br \/>\n\u2013Lo que debo decirte es que hay una gran diferencia entre los discos de antes y el de ahora. El que hemos conseguido con Diez es un sonido m\u00e1s abierto, que puede llegar al extranjero. Con este disco hemos querido devolver a la gente lo que hemos sentido en los conciertos.<br \/>\n\u2013En estos diez a\u00f1os de carrera, \u00bfcree usted que ha conseguido apuntalar un estilo propio?<br \/>\n\u2013Si llamamos estilo a cuando escuchas una canci\u00f3n m\u00eda en la radio y sabes que es de Antonio Orozco, s\u00ed tengo estilo propio. Si te refieres a algo m\u00e1s culto o profundo, pues no. El caso es no sentir que has llegado a alg\u00fan lado, porque cuando crees que has llegado a alg\u00fan sitio es porque seguramente no llegaste a ninguna parte.<br \/>\n\u2013A usted lo del flamenco le viene de familia. Su t\u00edo, Jos\u00e9 Ferr\u00f3n Torres, fue presidente de la Pe\u00f1a Antonio Mairena, un gran cantaor. \u00bfPor qu\u00e9 no continu\u00f3 por ese camino y opt\u00f3 por el pop rock comercial?<br \/>\n\u2013No hay una respuesta clara a esa pregunta. Estudi\u00e9 flamenco de ni\u00f1o: guitarra y cante. Pero esa v\u00eda no es lo suficientemente interesante para m\u00ed. Creo que la honestidad debe mandar en este caso. Por eso debo admitir que soy muy rockero.<br \/>\n\u2013De Antonio Orozco llaman mucho la atenci\u00f3n sus colaboraciones: Iv\u00e1n Ferreiro, Youssou N&#8217;Dour o ToteKing. Con este \u00faltimo grab\u00f3 Hoy todo va al rev\u00e9s. \u00bfTiene algo que ver el hip hop con que esa canci\u00f3n sea una de sus mejores letras?<br \/>\n\u2013S\u00ed, el hip hop est\u00e1 abriendo un camino muy importante para avanzar. Me gusta mucho el flow de la gente del sur. Violadores del Verso me parecen muy buenos. Y soy fan de S\u00f3lo Los Solo. Tuve la suerte de poder participar con ellos en su disco Retorno al principio tocando la guitarra por sole\u00e1.<br \/>\n\u2013Dicen que Pablo Albor\u00e1n es el artista espa\u00f1ol del a\u00f1o, pero con \u00e9l da la sensaci\u00f3n que escuchamos m\u00e1s de lo mismo. \u00bfSe innova poco en este pa\u00eds?<br \/>\n\u2013En primer lugar, la de Pablo es una propuesta que tiene mucho que ver con la copla espa\u00f1ola. Por otra parte, creo que es muy joven y que acaba de empezar. Yo le respeto. Creo que va a hacer mucho y lo va a hacer bien.<br \/>\n\u2013Con la que est\u00e1 cayendo, \u00bfcu\u00e1l es el compromiso del cantautor?<br \/>\n\u2013Nosotros tenemos la obligaci\u00f3n de usar los medios que tenemos para impulsar y convencer de que el cambio es posible. Este pa\u00eds ya ha salido de crisis tremendas. Pero no es hora de dormirse. Hay que estar despiertos y ser m\u00e1s libres que nunca. Nuestra obligaci\u00f3n es decir lo que opinamos y contar las cosas como son.<br \/>\n\u2013Entonces, d\u00edgame: \u00bfestamos para cantautores rom\u00e1nticos?<br \/>\n\u2014Lo que pasa es que hablar de cantautor rom\u00e1ntico me parece extravagante. Es por amor que deber\u00edan moverse todas las cosas en el mundo. Si yo hablo de amor en una canci\u00f3n o en un relato es porque el amor es el principio de todas las cosas, es algo que no se puede discutir. Cuando hablas de compromiso social, de una forma u otra lo est\u00e1s haciendo desde el amor.<br \/>\n\u2013Usted que es poco amigo del marketing y las campa\u00f1as, \u00bfc\u00f3mo ve la carrera hacia el 20-N?<br \/>\n\u2013Este pa\u00eds necesita un cambio, y creo que las elecciones son el principio de un cambio. El pa\u00eds es inteligente y sabr\u00e1 votar.<\/p>\n","protected":false},"excerpt":{"rendered":"<p>Diez cuenta con la participaci\u00f3n de m\u00fasicos de la talla de Aaron Sterling a la bater\u00eda o Sean Hurley en el bajo. Estos dos \u00faltimos son habituales de John Mayer. Por otra parte, ha contado con Davide Rossi, arreglista de Coldplay. \u00bfPor qu\u00e9 tanto colosalismo para versionar sus letras? \u2013A todos los admiro profundamente. Para<a class=\"moretag\" href=\"https:\/\/www.manologarciaycia.com\/?p=1675\" title=\"Antonio Orozco: \u00abManolo Garcia es un espejo donde mirarme\u00bb\" target=\"_self\" rel=\"follow\"> <font face=arial size=2>[Leer m\u00e1s]<\/font> <\/a><\/p>\n","protected":false},"author":2,"featured_media":0,"comment_status":"closed","ping_status":"closed","sticky":false,"template":"","format":"standard","meta":{"footnotes":""},"categories":[1],"tags":[258],"class_list":["post-1675","post","type-post","status-publish","format-standard","hentry","category-manolo-garcia","tag-antonio-orozco-manolo-garcia-espejo"],"_links":{"self":[{"href":"https:\/\/www.manologarciaycia.com\/index.php?rest_route=\/wp\/v2\/posts\/1675","targetHints":{"allow":["GET"]}}],"collection":[{"href":"https:\/\/www.manologarciaycia.com\/index.php?rest_route=\/wp\/v2\/posts"}],"about":[{"href":"https:\/\/www.manologarciaycia.com\/index.php?rest_route=\/wp\/v2\/types\/post"}],"author":[{"embeddable":true,"href":"https:\/\/www.manologarciaycia.com\/index.php?rest_route=\/wp\/v2\/users\/2"}],"replies":[{"embeddable":true,"href":"https:\/\/www.manologarciaycia.com\/index.php?rest_route=%2Fwp%2Fv2%2Fcomments&post=1675"}],"version-history":[{"count":3,"href":"https:\/\/www.manologarciaycia.com\/index.php?rest_route=\/wp\/v2\/posts\/1675\/revisions"}],"predecessor-version":[{"id":1678,"href":"https:\/\/www.manologarciaycia.com\/index.php?rest_route=\/wp\/v2\/posts\/1675\/revisions\/1678"}],"wp:attachment":[{"href":"https:\/\/www.manologarciaycia.com\/index.php?rest_route=%2Fwp%2Fv2%2Fmedia&parent=1675"}],"wp:term":[{"taxonomy":"category","embeddable":true,"href":"https:\/\/www.manologarciaycia.com\/index.php?rest_route=%2Fwp%2Fv2%2Fcategories&post=1675"},{"taxonomy":"post_tag","embeddable":true,"href":"https:\/\/www.manologarciaycia.com\/index.php?rest_route=%2Fwp%2Fv2%2Ftags&post=1675"}],"curies":[{"name":"wp","href":"https:\/\/api.w.org\/{rel}","templated":true}]}}