{"id":16521,"date":"2017-10-18T08:50:09","date_gmt":"2017-10-18T06:50:09","guid":{"rendered":"http:\/\/www.manologarciaycia.com\/?p=16521"},"modified":"2017-10-18T08:50:49","modified_gmt":"2017-10-18T06:50:49","slug":"el-ultimo-de-la-fila-en-binaced-entrevista-26-julio-1986","status":"publish","type":"post","link":"https:\/\/www.manologarciaycia.com\/?p=16521","title":{"rendered":"El \u00daltimo de la Fila en Binaced. Entrevista 26 Julio 1986"},"content":{"rendered":"<p>El 5 de juny de 1986, El \u00daltimo de la Fila presentaven a la discoteca Studio 54 de Barcelona el seu nou disc\u00a0<em>Enemigos de lo Ajeno<\/em>. El 26 de juliol de 1986, tot just un mes i mig despr\u00e9s, els ten\u00edem en directe a les festes de Binaced. Despr\u00e9s diran que si el m\u00f3n rural i el m\u00f3n urb\u00e0 estan tan allunyats i bla-bla-bla. Quanta ignor\u00e0ncia!<\/p>\n<p><span class=\"easy_img_caption\"><img decoding=\"async\" class=\"aligncenter\" title=\"La presentaci\u00f3 del disc 'Enemigos de lo Ajeno'a Barcelona es va gravar i distribuiren format casset amb la revista 'Ruta-66'\" src=\"https:\/\/laliterainformacion.com\/images\/2017\/10\/capsules-del-temps-5\/la-presentaci%C3%B3-del-disc-enemigos-de-lo-ajeno-a-barcelona-es-va-gravar-i-distribuir-en-format-casset-amb-la-revista-ruta-66.png\" alt=\"La presentaci\u00f3 del disc 'Enemigos de lo Ajeno' a Barcelona es va gravar i distribuir en format casset amb la revista 'Ruta-66'\" \/><\/span><\/p>\n<p style=\"text-align: center;\"><em><span class=\"easy_img_caption\"><span class=\"easy_img_caption_inner\">La presentaci\u00f3 del disc &#8216;Enemigos de lo Ajeno&#8217; a Barcelona es va gravar i distribuir en format casset amb la revista &#8216;Ruta-66&#8217;<\/span><\/span><\/em><\/p>\n<p>Anem als fets:\u00a0<strong>El \u00daltimo de la Fila<\/strong>\u00a0eren el plat fort de les festes de Binaced d\u2019aquell any. Per aquelles dates el grup ja havia passat unes quantes vegades per la comarca i voltants, tant en la seua versi\u00f3 de Los Burros, quan van tocar a Alcampell i a Altorric\u00f3, el juny i agost de 1984 respectivament, com en la seua reencarnaci\u00f3 com El \u00daltimo de la Fila, quan van tocar a Tamarit el setembre de 1985. Si hi va haver un grup que va marcar de manera profunda una part de la joventut de l\u2019\u00e8poca a la nostra comarca va ser sens dubte El \u00daltimo de la Fila (EUDLF). Tot un fenomen sociol\u00f2gic. Una aut\u00e8ntica febre de la qual potser encara no mos hem guarit del tot.<\/p>\n<p>Naltres no n\u2019\u00e9rem aliens, ni de bon tros. De fet est\u00e0vem infectats pel virus EUDLF fins al moll de l\u2019os. Aquell dissabte 26 de juliol vam arribar a Binaced amb temps suficient per a sopar un entrep\u00e0 a un restaurant local, prendre unes birres deambulant per les penyes del lloc i despla\u00e7ar-nos al ball a esperar pacientment que l\u2019orquestra (IV Dimensi\u00f3n) deix\u00e9s pas al grup de rock. All\u00e0 vam coincidir amb la penya d\u2019Altorric\u00f3, que no faltava mai als concerts d\u2019EUDLF i que mai passava desapercebuda. El concert es feia a una pla\u00e7a a l\u2019aire lliure, la nit era calorosa i estrellada, i totes les iaies s\u2019havien posat arrenglerades als costats deixant pas a la multitud encuriosida. Arribat el moment, es van apagar els llums, els m\u00fasics van ocupar els seus llocs a l\u2019escenari i el ritual va comen\u00e7ar.<\/p>\n<p><span class=\"easy_img_caption\"><img decoding=\"async\" class=\"aligncenter\" title=\"Entrada al concert de El \u00daltimo de la Fila a Binaced (1986)\" src=\"https:\/\/laliterainformacion.com\/images\/2017\/10\/capsules-del-temps-5\/entrada-al-concert-de-el-%C3%BAltimo-de-la-fila-a-binaced-1986.png\" alt=\"Entrada al concert de El \u00daltimo de la Fila a Binaced (1986)\" \/><\/span><\/p>\n<p style=\"text-align: center;\"><em><span class=\"easy_img_caption\"><span class=\"easy_img_caption_inner\">Entrada al concert de El \u00daltimo de la Fila a Binaced (1986)<\/span><\/span><\/em><\/p>\n<p>El \u00daltimo de la Fila van iniciar el concert amb \u00abA cualquiera puede sucederle\u00bb, un tema del disc anterior que van empalmar amb un del nou, \u00abPara qu\u00e9 sirve una hormiga\u00bb. \u00c9s curi\u00f3s constatar que en aquells moments els utilitzaven per a obrir els concerts i posteriorment han quedat com dos temes menors en la seua discografia. La tercera can\u00e7\u00f3 va ser \u00abQuerida Milagros\u00bb, que aleshores ja era un cl\u00e0ssic, i que aquell dia van presentar tot dient \u201c<em>Vamos a hacer ahora un tema dedicado a los yanquis. Para que les folle un pez a todos. Un pez espada a ser posible<\/em>\u201d. (Nota de context: nom\u00e9s quatre mesos abans, el 12 de mar\u00e7, s\u2019havia celebrat el fam\u00f3s refer\u00e8ndum de l\u2019OTAN en un ambient de debat p\u00fablic plenament antimilitarista; un dels punts cr\u00edtics eren les bases nord-americanes en territori espanyol.) \u201c<em>Los yanquis que se vayan a Minessota, o a Alabama o a Oklahoma<\/em>\u201d, va rematar Manolo Garc\u00eda al final de la can\u00e7\u00f3, mentre encetaven els primers acords de \u00abSoy un accidente\u00bb, amb el gran Marc Grau (DEP) dibuixant filigranes electroac\u00fastiques. Aleshores encara tocaven esta can\u00e7\u00f3 en un to introspectiu i reposat, molt diferent de la velocitat que li imprimirien en els directes dels anys posteriors.<\/p>\n<p>\u201c<em>Vamos a recordar un viejo tema, a ver si lo reconoc\u00e9is<\/em>\u201d, va anunciar Manolo a continuaci\u00f3, mentre tocaven la introducci\u00f3 de \u00abGrit\u00e9\u00bb (una can\u00e7\u00f3 de quan es feien dir Los R\u00e1pidos), moment que va aprofitar per a presentar la banda: \u201c<em>Quim Ben\u00edtez, de Vic, como siempre a la bater\u00eda; Juan Carlos Garc\u00eda a los teclados, percusi\u00f3n y bongos, de C\u00e1diz; Marc Grau a la guitarra el\u00e9ctrica y ac\u00fastica; Antonio Fidel, de los R\u00e1pidos, al bajo, \u00a1y de Cartagena!; y el bueno de mi socio, Quimi Portet; y un servidor de todos ustedes, Manolo Garc\u00eda<\/em>\u201d.<\/p>\n<p>\u00abGrit\u00e9\u00bb la van empalmar sense soluci\u00f3 de continu\u00eftat amb \u00abMi patria en los zapatos\u00bb, un himne anarcoide de l\u2019al\u00e7ada d\u2019un campanar. Despr\u00e9s van atacar \u00abLos \u00e1ngeles no tienen h\u00e8lices\u00bb, un tema precedit d\u2019un llarg solo d\u2019harm\u00f2nica tocat a les fosques per Quimi Portet, mentre engegaven la m\u00e0quina de fum sec. Per\u00f2, abans de continuar, Manolo es va adre\u00e7ar al p\u00fablic tot dient \u201c<em>Os voy a ense\u00f1ar una camiseta que llevo aqu\u00ed de unos amigos nuestros, que son Siniestro Total, y que dice as\u00ed: \u2018ANTE TODO MUCHA CALMA\u2019. \u00bfLa veis bien? Bien, pues a m\u00ed me gustar\u00eda que estos hombres que est\u00e1n aqu\u00ed os dejaran pasar hasta primera l\u00ednea, pero con mucha calma, con tranquilidad, dejadles que vengan, que no va a pasar nada&#8230;<\/em>\u201d. Aleshores les persones que feien de servei de seguretat van retirar les tanques que separaven el p\u00fablic de l\u2019escenari i el grup va comen\u00e7ar a tocar \u00abNo me acostumbro\u00bb, un tema del seu rader \u00e0lbum&#8230; I ac\u00ed se mos va acabar la cinta de casset!<\/p>\n<p>Ja no vam gravar res m\u00e9s&#8230; Aix\u00ed que no sabem com van continuar. Per\u00f2 mos agradaria recordar que va seguir una bona llista de can\u00e7ons, comen\u00e7ant per totes les del rader disc (encara faltaven \u00abAviones plateados\u00bb, \u00abLas palabras son cansancio\u00bb, o per descomptat \u00abInsurrecci\u00f3n\u00bb, que en aquells dies comen\u00e7ava a radiar-se a tort i a dret), per\u00f2 tamb\u00e9 del disc anterior (\u00abSon cuatro d\u00edas\u00bb, \u00abEl loco de la calle\u00bb, o \u00abDulces sue\u00f1os\u00bb amb la que van tancar el concert), aix\u00ed com de les seues encarnacions anteriors de Los R\u00e1pidos (van iniciar el bis amb \u00abNavaja de papel\u00bb, i tamb\u00e9 van tocar \u00abRuta del sur\u00bb) i de Los Burros (van caure \u00abPortugal\u00bb, \u00abDisneylandia\u00bb, \u00abMi novia se llamaba Ram\u00f3n\u00bb i \u00abHuesos\u00bb, com a m\u00ednim).<\/p>\n<p><span class=\"easy_img_caption\"><img decoding=\"async\" class=\"aligncenter\" title=\"Cartell publicitari de Radio Bin\u00e9far (1986)\" src=\"https:\/\/laliterainformacion.com\/images\/2017\/10\/capsules-del-temps-5\/cartell-publicitari-de-radio-bin%C3%A9far-1986.png\" alt=\"Cartell publicitari de Radio Bin\u00e9far (1986)\" \/><\/span><\/p>\n<p style=\"text-align: center;\"><em><span class=\"easy_img_caption\"><span class=\"easy_img_caption_inner\">Cartell publicitari de Radio Bin\u00e9far (1986)<\/span><\/span><\/em><\/p>\n<p>Ep, un moment, qu\u00e8 \u00e9s aix\u00f2? Qu\u00e8 collons feia una colla de jovenots esmaperduts per Binaced amb una gravadora a la butxaca? El motiu no era altre que enregistrar alguns sons amb la intenci\u00f3 d\u2019emetre\u2019ls a\u00a0<strong>El Bulevar de los 25 Vagabundos Andrajosos<\/strong>, un programa que durant aquella temporada perpetr\u00e0vem a\u00a0<strong>Radio Bin\u00e9far<\/strong>\u00a0entre Jos\u00e9 Antonio Capdevila (Querido), Antonio S\u00e1nchez (DEP), Ferm\u00edn Bar\u00e9s, C\u00e9sar Castro (de Bin\u00e8far) i qui aix\u00f2 escriu. Tota esta colla, ampliada amb les respectives parelles fixes o circumstancials, vam anar a Binaced a gaudir del concert, a cantar en veu alta i ballar fins a l\u2019extenuaci\u00f3 tot seguint l\u2019exigent ritual del rock. En acabar vam perseguir els m\u00fasics per a fer-los una entrevista per al programa de r\u00e0dio. L\u2019entrevista la v\u00e0rem emetre dos dies despr\u00e9s, el dilluns 28 de juliol de 1986, i ara la reprodu\u00efm ac\u00ed tal com va quedar, sense additius ni conservants.<\/p>\n<p>Pregunta \u2014\u00a1Vaya concierto el de esta noche!<\/p>\n<p>Manolo Garc\u00eda \u2014Pues s\u00ed, se hace lo que se puede. Aqu\u00ed los muchachos de Alcampell y los muchachos del \u00daltimo de la Fila. Venga esas preguntas.<\/p>\n<p>P \u2014A menudo hab\u00e9is utilizado elementos extra-musicales en vuestros conciertos \u00bfno? En los Burros utilizabais bidones y tal, pero ahora&#8230;<\/p>\n<p>MG \u2014No, ahora no tanto. Ahora centramos m\u00e1s el concierto en la m\u00fasica. Hemos estado como cuatro a\u00f1os haciendo montajes un poco&#8230; mitad aparatosos, mitad pendencieros, mitad cutres&#8230; Y este a\u00f1o lo que ten\u00edamos ganas era de tocar&#8230; De montar un sonido guapo, con unas luces guapas y tocar las canciones nuevas.<\/p>\n<p>P \u2014\u00bfDir\u00edais que el secreto del \u00e9xito est\u00e1 en tener una identidad propia, en hacer lo que a uno le gusta dejando a un lado las modas y tal?<\/p>\n<p>MG \u2014Hombre, ese es un factor muy importante, que lo que t\u00fa hagas tenga un toque personal. Luego, adem\u00e1s, tiene que tener calidad. O sea&#8230; Si t\u00fa haces basura con un sello personal, pues sigue siendo basura. Si t\u00fa haces buenas canciones, buenos temas con un sello personal, eso s\u00ed que mola. Eso s\u00ed que, un poco, puede ser el secreto del \u00e9xito. Eso y otros cincuenta secretos. Si consigues que esos cincuenta secretos se confabulen a la vez&#8230; pues a lo mejor puedes llegar a vivir de la m\u00fasica.<\/p>\n<p>P \u2014\u00bfVosotros cre\u00e9is conseguirlo?<\/p>\n<p>MG \u2014\u00bfEl qu\u00e9? \u00bfEl tener un sello propio? Yo creo que s\u00ed \u00bfno?<\/p>\n<p>P \u2014\u00bfY el \u00e9xito?<\/p>\n<p>MG \u2014Bueno, el \u00e9xito&#8230; es relativo. El \u00e9xito es trabajar. Es poder estar haciendo lo que te gusta a ti. Y por ese lado este a\u00f1o, al fin, lo estamos consiguiendo. Por ese lado, este a\u00f1o s\u00ed que estamos teniendo \u00e9xito.<\/p>\n<p>P \u2014Pero \u00bfpens\u00e1is manteneros en este nivel de ser o\u00eddos pero sin llegar demasiado alto, o quer\u00e9is intentar llegar muy lejos?<\/p>\n<p>Quimi Portet \u2014Pensamos llegar todo lo lejos que se pueda llegar. Como todo el mundo. Como vosotros, suponemos.<\/p>\n<p>P \u2014\u00bfA qu\u00e9 crees que se debe el fen\u00f3meno \u00daltimo de la Fila que hay de un tiempo a esta parte?<\/p>\n<p>QP \u2014Pues se debe&#8230; pues no s\u00e9, a que debemos hacer canciones que a la gente le gustan. A nosotros nos salen as\u00ed.<\/p>\n<p>P \u2014Pero antes tambi\u00e9n hac\u00edais canciones que eran buenas.<\/p>\n<p>QP \u2014S\u00ed, pero llega un momento en que vas cogiendo un estilo propio y ya no te cortas nada. Nosotros no nos cortamos ni un pelo. Y hacemos la m\u00fasica que nos sale, con perd\u00f3n, de los huevos.<\/p>\n<p>MG \u2014Y si adem\u00e1s coincide con que a la gente le gusta&#8230;<\/p>\n<p>QP \u2014Eso, y si adem\u00e1s coincide que a la gente le gusta&#8230; pues eso es lo que est\u00e1 pasando. Si da la casualidad de que a la gente eso tambi\u00e9n le enrolla, pues&#8230; algo as\u00ed est\u00e1 pasando.<\/p>\n<p>P \u2014Le\u00edmos un d\u00eda en una revista que para componer las letras te ten\u00edas que poner a ochocientos metros por encima del nivel del mar, o algo as\u00ed&#8230;.<\/p>\n<p>QP \u2014S\u00ed, es muy sencillo, yo soy de un pueblo que se llama Vic, que est\u00e1 en la monta\u00f1a. Entonces, cuando no estoy a ochocientos metros sobre el nivel del mar soy incapaz de hacer una canci\u00f3n. Lo que pasa es que entonces soy capaz de hacer otras muchas cosas&#8230; Y cuando no puedo hacerlas yo las hace Manolo que para eso est\u00e1.<\/p>\n<p>P \u2014Y t\u00fa, Manolo, \u00bfd\u00f3nde est\u00e1s m\u00e1s c\u00f3modo componiendo?<\/p>\n<p>MG \u2014Yo, pues&#8230; \u201clo estoy haciendo muy bien\u201d\u00a0<em>(taral\u00b7leja el tema de Semen Up)<\/em>. Yo no tengo norma, puedo hacerlo en la cama o en pijama. No s\u00e9&#8230;<\/p>\n<p>P \u2014\u00bfTodav\u00eda vais con embudos en la cabeza a ver a los productores para impresionarles?<\/p>\n<p>QP \u2014No, ahora ya no vamos a los productores&#8230;<\/p>\n<p>MG \u2014Ahora vienen los productores a nosotros&#8230;<\/p>\n<p>QP \u2014&#8230; vienen con embudos a ver si nos impresionan&#8230;<\/p>\n<p>MG \u2014Pero no&#8230; Ahora ya lo tienen muy mal, ya han llegado tarde.<\/p>\n<p>P \u2014\u00bfQu\u00e9 hay de eso que se dice por ah\u00ed de vuestro viaje a Egipto y tal&#8230;?<\/p>\n<p>MG \u2014Ja, ja, ja&#8230; fabulaciones. De hecho, lo \u00faltimo que o\u00ed es que est\u00e1bamos en el desierto del Gobi recolectando coliflores para hacer la portada de un LP o no s\u00e9 qu\u00e9&#8230; Cada d\u00eda se oyen cosas&#8230;<\/p>\n<p>P \u2014\u00bfQu\u00e9 diferencia hay entre vosotros y los Burros?<\/p>\n<p><span class=\"easy_img_caption\"><img decoding=\"async\" class=\"aligncenter\" title=\"Contraportada de 'Enemigos de lo ajeno' (1986)\" src=\"https:\/\/laliterainformacion.com\/images\/2017\/10\/capsules-del-temps-5\/contraportada-de-enemigos-de-lo-ajeno-1986.png\" alt=\"Contraportada de 'Enemigos de lo ajeno' (1986)\" \/><\/span><\/p>\n<p style=\"text-align: center;\"><em><span class=\"easy_img_caption\"><span class=\"easy_img_caption_inner\">Contraportada de &#8216;Enemigos de lo ajeno&#8217; (1986)<\/span><\/span><\/em><\/p>\n<p>MG \u2014\u00bfDiferencias? Pues tres o cuatro a\u00f1os de tiempo, el cambio en el estilo, en las letras&#8230; Pero no hemos cambiado totalmente, yo creo que en esencia&#8230; la gente que oye los dos \u00faltimos elep\u00e9s y oye los primeros discos nos identifica. Es decir, la gente que no nos hab\u00eda o\u00eddo antes, si oye ahora nuestros discos primeros nos puede identificar.<\/p>\n<p>P \u2014Pero el tono ir\u00f3nico y as\u00ed despendolado&#8230;<\/p>\n<p>MG \u2014Eso ahora no lo tenemos&#8230;<\/p>\n<p>QP \u2014&#8230; en esta temporada de oto\u00f1o-invierno, no.<\/p>\n<p>MG \u2014&#8230; en estos dos \u00faltimos a\u00f1os, las letras son m\u00e1s serias&#8230;<\/p>\n<p>P \u2014Os hab\u00e9is vuelto muy serios.<\/p>\n<p>MG \u2014Bueno, s\u00ed, pero es un poco lo que dec\u00eda Quimi hace un momento, ahora hacemos lo que nos va apeteciendo. No intentamos hacer \u201ca ver, \u00bfqu\u00e9 se lleva ahora? \u00bfLas letras de cachondeo? Pues nosotros tambi\u00e9n\u201d. No. Hacemos lo que nos sale en ese momento.<\/p>\n<p>P \u2014Pero os salen muy bien. \u00bfA qu\u00e9 se debe que hag\u00e1is letras tan bonitas?<\/p>\n<p>MG \u2014Pues eso no lo s\u00e9. Lo que s\u00ed s\u00e9 es que somos gente que hace letras con cari\u00f1o y no por el mero hecho de que una canci\u00f3n tenga que llevar una letra y decir \u201cbueno va, para que el cantante rebuzne un poco&#8230;\u201d. No. Para nosotros la importancia de la letra es igual o superior a la de la m\u00fasica. La m\u00fasica tiene un valor para nosotros grande, y las letras tambi\u00e9n, e intentamos hacer una unidad&#8230; O sea&#8230; Hace poco lo dec\u00eda por ah\u00ed no s\u00e9 d\u00f3nde, que somos, salvando las distancias, un poco cantautores. Quiero decir&#8230; Yo, por ejemplo, respeto mucho a un t\u00edo como Serrat, que aunque sus m\u00fasicas me parecen espantosas, en cambio para m\u00ed es un poeta, porque es un t\u00edo que sabe decir las cosas con gracia, muy bien dichas, bien construidas&#8230; Entonces nosotros buscamos un poco eso, porque creo que se debe notar que somos amantes de la literatura. Tanto Quimi como yo leemos, escribimos&#8230; Pero escribimos por necesidad vital, no s\u00f3lo porque&#8230; \u201cvamos, que hay que hacer una canci\u00f3n, vamos a decir alguna tonter\u00eda\u201d. No, no. Yo tengo mi caj\u00f3n lleno de letras porque me gusta escribir, porque me gusta la poes\u00eda, me gusta expresarme&#8230; Eso no quiere decir que yo sea un poeta, pero un poco&#8230; intento estar a gusto escribiendo. Y Quimi tambi\u00e9n. Y adem\u00e1s se nota, creo.<\/p>\n<p>P \u2014\u00bfCu\u00e1nto tiempo os cuesta escribir una canci\u00f3n?<\/p>\n<p>MG \u2014Ostias, hay d\u00edas en que puede salirte una en tres segundos. De carrerilla te sale&#8230; Rasss&#8230; Y dices \u201cjoder qu\u00e9 bien\u201d, que te quedas ah\u00ed como de parto, \u00bfno? Uau&#8230;<\/p>\n<p>P \u2014\u00bfCu\u00e1l te ha salido as\u00ed?<\/p>\n<p>MG \u2014Pues \u00abDisneylandia\u00bb me sali\u00f3 as\u00ed. \u00abNavaja de papel\u00bb tambi\u00e9n me sali\u00f3 as\u00ed.<\/p>\n<p>P \u2014\u00bfY \u00abVolvamos a los \u00e1rboles\u00bb? \u00bfYa no la toc\u00e1is?<\/p>\n<p>MG \u2014Esa si os fij\u00e1is ya no est\u00e1 en el repertorio, ni la hemos grabado.<\/p>\n<p>P \u2014Qu\u00e9 nos pod\u00e9is decir del caso de este chaval, Querido, que iba a Lleida a una tienda de discos y ped\u00eda el disco de los Burros, el\u00a0<em>Rebuznos de amor<\/em>, y se le echaban las manos a la cabeza&#8230; que no hab\u00eda manera de encontrarlo&#8230;<\/p>\n<p>QP \u2014Es que Belter simplemente hizo una distribuci\u00f3n nefasta&#8230;<\/p>\n<p>P \u2014\u00bfPor qu\u00e9? \u00bfEs que solo se dedicaban a Manolo Escobar y tal?<\/p>\n<p>QP \u2014No, aunque tambi\u00e9n. Pero es que Belter derriti\u00f3 a grupos&#8230; Trat\u00f3 muy mal a grupos como a PVP, como a Burning, como a tres o cuatro grupos muy decentes les dio morcilla. Y a nosotros tambi\u00e9n nos la dio, pero tiramos\u00a0<em>palante<\/em>\u00a0por nuestra cuenta. Nos buscamos la vida. Lo que hac\u00edan los de Belter era coger discos, editarlos, chupar toda la pasta que pod\u00edan, no pagar a los autores, no pagar a nadie, piratear&#8230; Y les metieron un puro los de Hacienda y tal&#8230; Pero todav\u00eda est\u00e1n por ah\u00ed en activo&#8230; Es raro que no los hayan molido a palos&#8230;<\/p>\n<p>P \u2014Pero ahora ese disco [<em>Rebuznos de amor<\/em>] est\u00e1 muy buscado.<\/p>\n<p>MG \u2014Pues nosotros, como interesados que somos en la historia, vamos a intentar que se reedite. Porque las canciones son nuestras y nos las hemos currado. Entonces&#8230; ahora mismo no hay, porque se hizo una tirada muy corta y muy mal distribuida. Pero vamos a intentar hacer una nueva distribuci\u00f3n por medio de una compa\u00f1\u00eda nueva. Esperamos conseguirlo alg\u00fan d\u00eda.<\/p>\n<p>P \u2014El de Los R\u00e1pidos s\u00ed que lo han reeditado, \u00bfno?<\/p>\n<p>MG \u2014S\u00ed. Los avispados ejecutivos de EMI, despu\u00e9s de pasar de nosotros hace cuatro o cinco a\u00f1os, ahora se han dado cuenta de que era interesante lo que hac\u00edamos.<\/p>\n<p>P \u2014\u00bfQu\u00e9 grupos han influido m\u00e1s en vuestra m\u00fasica?<\/p>\n<p>MG \u2014Pues m\u00e1s o menos&#8230; desde Bob Dylan o Neil Young que le pueda gustar al Quimi, hasta&#8230; mmm&#8230;<\/p>\n<p>P \u2014\u00bfJuanito Valderrama?\u00a0<em>(riure)<\/em><\/p>\n<p>MG \u2014No. Juanito Valderrama no me gusta. A m\u00ed me gustaba Antonio Molina cuando era peque\u00f1o. Ahora ya no tanto.<\/p>\n<p>P \u2014\u00bfY grupos espa\u00f1oles?<\/p>\n<p>MG \u2014Triana me ha gustado siempre. Alarma, su \u00faltimo LP me gusta. Alg\u00fan tema de los Le\u00f1o me gustaba mucho. De Radio Futura hay temas que me gustan cantidad, como \u00abHan ca\u00eddo los dos\u00bb, o \u00abInterferencias\u00bb, que es una canci\u00f3n muy bonita&#8230; No s\u00e9, yo siempre he seguido el rock que se hace en Espa\u00f1a porque a m\u00ed me gusta, creo que hay cosas de mucho inter\u00e9s.<\/p>\n<p>P \u2014Nos ha sorprendido el concierto de esta noche por lo austero, porque antes en directo hac\u00edais m\u00e1s espect\u00e1culo, tirabais plumas, que si embudos, que si aparatos&#8230; Ahora solo hab\u00e9is echado humo&#8230; Os hab\u00e9is moderado mucho con este \u00faltimo disco, \u00bfno?<\/p>\n<p><span class=\"easy_img_caption\"><img decoding=\"async\" class=\"aligncenter\" title=\"Fotos de directe de la carpeta del disc'Enemigos de lo ajeno' (1986)\" src=\"https:\/\/laliterainformacion.com\/images\/2017\/10\/capsules-del-temps-5\/fotos-de-directe-de-la-carpeta-del-disc-enemigos-de-lo-ajeno-1986.png\" alt=\"Fotos de directe de la carpeta del disc 'Enemigos de lo ajeno' (1986)\" \/><\/span><\/p>\n<p style=\"text-align: center;\"><em><span class=\"easy_img_caption\"><span class=\"easy_img_caption_inner\">Fotos de directe de la carpeta del disc &#8216;Enemigos de lo ajeno&#8217; (1986)<\/span><\/span><\/em><\/p>\n<p>MG \u2014No. Lo que pasa es que, si te fijas, con las letras que estamos cantando ahora, no tendr\u00eda mucha raz\u00f3n de ser&#8230; O sea, si yo canto \u201cP\u00e9game pu\u00f1etazos en la nariz\u201d y me pongo un embudo pues tiene su sentido y es divertido, pero si estoy diciendo \u201cPierdo mis defensas en los recodos de la angustia\u201d pues no voy a estar d\u00e1ndome garrotazos, porque ser\u00eda bastante rid\u00edculo. Incluso hab\u00edamos llegado a un punto de ver que la gente no entend\u00eda nada. Mucha gente iba a escucharnos esperando ver una imagen nuestra y de repente ve\u00edan a unos t\u00edos locos&#8230; y al final era como contraproducente. Y por eso este a\u00f1o hemos intentado unir en un mismo concepto los textos, la m\u00fasica y lo que ofrecemos en directo.<\/p>\n<p>P \u2014\u00bfQu\u00e9 hay de la historia esta de un Maxi que hab\u00e9is grabado en el extranjero? \u00bfO es mentira?<\/p>\n<p>MG \u2014Supongo que te refieres a lo del Marc Almond. No s\u00e9, es una canci\u00f3n m\u00eda que ha grabado Marc Almond en un Maxi suyo. Est\u00e1 bien.<\/p>\n<p>P \u2014Os o\u00edmos en la radio hace poco en un concierto que disteis en la playa de Castelldefels, donde al final hicisteis unas canciones en ingl\u00e9s&#8230; que la gente os escup\u00eda y t\u00fa te cagaste en todo&#8230;<\/p>\n<p>MG \u2014Eso fue muy fuerte, porque hab\u00edamos presentado el disco en Barcelona hac\u00eda dos semanas. Entonces nos invitaron a tocar en una fiesta all\u00ed con La Frontera, Loquillo, Gabinete&#8230; y no s\u00e9 qui\u00e9n m\u00e1s. Hab\u00eda cuatro o cinco grupos. Y como hab\u00edamos tocado hac\u00eda poco por all\u00ed pensamos que podr\u00eda ser divertido hacer alguna versi\u00f3n. Entonces tocamos el \u00abYou really got me\u00bb de los Kinks, el \u00abAll right now\u00bb de los Free, el \u00abPaint it black\u00bb de los Rollings, el \u00abMuch\u00edsimo amor\u00bb&#8230; Pero todo por la patilla, cantando yo as\u00ed en vikingo&#8230; Y vaya, era todo muy raro, porque nosotros&#8230; bueno&#8230; nosotros intentamos siempre ofrecer una calidad en directo, cuidar el sonido, las luces, llevar una serie de cosas que&#8230; Y resulta que all\u00ed no pudimos, porque era un concierto de estos&#8230; un poco por la boina, de todo el mundo all\u00ed, \u201c\u00a1Venga&#8230;!\u201d. Y como hab\u00eda un mosqueo bastante fuerte yo ya sal\u00ed un poco enfadado y tal&#8230; Y no s\u00e9, de repente hab\u00eda un t\u00edo borracho que me escup\u00eda. Simplemente me cagu\u00e9 en sus muertos porque estaba hasta los cojones de que me escupiera, \u00bfno? Porque normalmente nadie me escupe, porque yo no doy motivo a nadie para que me escupa, y no me paso con nadie ni un gramo. Y si alg\u00fan d\u00eda me paso con alguien es que le doy un botellazo. Yo nunca he ido a pelearme con nadie. Y aquella noche hab\u00eda un t\u00edo pelma que no s\u00e9 qu\u00e9 impertinencias me dec\u00eda y me apeteci\u00f3 un poco decirle: \u201cMira, macho, escupes a tu madre\u201d. Pero tampoco quise&#8230; o sea, la gente que hab\u00eda all\u00ed lo entendi\u00f3 perfectamente. Lo que pasa es que&#8230; luego me deprimo bastante porque&#8230; yo creo que nuestra l\u00ednea de directo es una l\u00ednea agradable, de tocar los temas, de que la gente se enrolle&#8230; y si ves a un t\u00edo berzas ah\u00ed d\u00e1ndote la bulla&#8230; al final es que te mosqueas. Esta noche con un chaval por poco nos quedamos pegados, porque me estaba tocando y nos ha dado un calambre a los dos, por eso al final he cogido un poco de miedo, porque estaba muy mojado&#8230; Pero son cosas del directo. Est\u00e1n bien.<\/p>\n<p>P \u2014\u00bfEn qu\u00e9 medida El \u00daltimo de la Fila puede ser una reencarnaci\u00f3n de los grupos de los 70 como Triana, Alameda, Medina Azahara&#8230;?<\/p>\n<p>MG \u2014Uy, no, no. Rotundamente no. Creo que esos grupos, gozando de mis respetos, sobre todo Triana que eran los que m\u00e1s me gustaban, hac\u00edan una mezcla que era de algo andaluz con algo m\u00e1s pesadote, m\u00e1s&#8230;. \u00bfc\u00f3mo se le llamaba? De rock tipo progresivo&#8230; En cambio, lo que hacemos nosotros es algo m\u00e1s directo, son canciones m\u00e1s cortas&#8230; m\u00e1s frescas&#8230;<\/p>\n<p><span class=\"easy_img_caption\"><img decoding=\"async\" class=\"aligncenter\" title=\"Postal de propaganda de l'edici\u00f3 deldisc 'Enemigos de lo ajeno' (1986)\" src=\"https:\/\/laliterainformacion.com\/images\/2017\/10\/capsules-del-temps-5\/postal-de-propaganda-de-l-edici%C3%B3-del-disc-enemigos-de-lo-ajeno-1986.png\" alt=\"Postal de propaganda de l'edici\u00f3 del disc 'Enemigos de lo ajeno' (1986)\" \/><\/span><\/p>\n<p style=\"text-align: center;\"><em><span class=\"easy_img_caption\"><span class=\"easy_img_caption_inner\">Postal de propaganda de l&#8217;edici\u00f3 del disc &#8216;Enemigos de lo ajeno&#8217; (1986)<\/span><\/span><\/em><\/p>\n<p>P \u2014\u00bfCu\u00e1les son vuestros planes de futuro?<\/p>\n<p>MG \u2014Pues seguir presentando este disco, que parece que est\u00e1 arrancando bien. Oye, que me dicen que nos tenemos que ir, gracias por vuestro inter\u00e9s y a seguir bien.<\/p>\n<p>P \u2014Pero&#8230;<\/p>\n<p>MG \u2014\u00a1Se acaban las pilas, se acaban las pilas&#8230;!<\/p>\n<p>Aix\u00ed va acabar l\u2019entrevista. Abans de marxar encara hi va haver temps per a l\u2019intercanvi de samarretes. El nostre company Josep A. Capdevila (\u00e0lies Querido) portava una original samarreta dels quintos d\u2019Alcampell amb un dibuix al\u00b7lusiu a Kortatu, el grup que havien portat aquell mateix juliol al poble (just la setmana anterior), que a Manolo Garc\u00eda li va agradar molt i va intercanviar-li. Com a resultat de la permuta, Querido es va quedar amb la de \u2018ANTE TODO MUCHA CALMA\u2019, i amb unes baquetes de percussi\u00f3 que Manolo havia utilitzat durant el concert. Un parell de mesos despr\u00e9s, amb la samarreta dels quintos d\u2019Alcampell, Manolo pujaria a l\u2019escenari de les Festes de la Merc\u00e8 de Barcelona davant de m\u00e9s de cent mil persones a Montju\u00efc. Quimi Portet aquella nit no mos va poder intercanviar cap samarreta perqu\u00e8 no en portava!<\/p>\n<p>Volem esmentar tamb\u00e9 la pres\u00e8ncia del nostre estimat i enyorat company Antonio S\u00e1nchez (que lamentablement mos va deixar el 2007), el fan n\u00famero u que EUDLF tenia a la nostra comarca. Va ser la seua iniciativa i enginy i la seua facilitat de paraula la que mos va obrir les portes de moltes entrevistes, i molt especialment d\u2019esta, que ell (amb son germ\u00e0 Manuel) esperava amb candeletes setmanes abans de celebrar-se el concert. Quan vam arribar al lloc de l\u2019entrevista, el primer que va fer Antonio va ser donar dos petons ben donats a Manolo i a Quimi, i encara va aprofitar per cantar-los alguna tonada andalusa de les que coneixia de quan anava amb son iaio pels mercats del m\u00f3n avant. Els germans S\u00e1nchez, Antonio i Manuel, van insistir a convidar-los a sopar a casa seua, de fet sa mare ja tenia curiositat per saber qui eren aquells m\u00fasics ambulants que havien abdu\u00eft els seus fills d\u2019aquella manera, per\u00f2 cal dir que Manolo i Quimi van refusar amb tacte i es van empla\u00e7ar per a un futur indeterminat.<\/p>\n<p>Pel que fa a l\u2019entrevista ac\u00ed transcrita, en destacarem nom\u00e9s quatre coses.<\/p>\n<p>En primer lloc, es nota que aquell \u00e9s el primer any que els hi va b\u00e9. Tot i que tant amb Los R\u00e1pidos (1981) com amb Los Burros (1983) havien rebut bones cr\u00edtiques, mai van arribar a tenir gaire repercussi\u00f3 p\u00fablica. En\u00a0<a class=\"not-has-image\" href=\"https:\/\/viajesestelares.wordpress.com\/category\/los-burros\/\" target=\"_blank\" rel=\"noopener noreferrer\">un altre lloc<\/a>\u00a0ja vam valorar el pes i influ\u00e8ncia del disc\u00a0<em>Rebuznos de amor<\/em>\u00a0i l\u2019entrevista que els vam fer quan encara estaven orfes de discogr\u00e0fica. El 1985, amb el primer disc com a El \u00daltimo de la Fila (<strong><em>La pobreza entra por la puerta, el amor salta por la ventana<\/em><\/strong>), van obtenir una major visibilitat i impacte, per\u00f2 encara insuficient per a permetre\u2019ls viure de la m\u00fasica. En canvi, amb\u00a0<strong><em>Enemigos de lo ajeno<\/em><\/strong>, aquell 1986 van fer el salt que els va permetre professionalitzar-se. A partir d\u2019aqu\u00ed van ser imparables, i l\u2019entrevista ac\u00ed presentada els mostra just en el moment en qu\u00e8 comen\u00e7aven a agafar velocitat.<\/p>\n<p>En segon lloc, ells mateixos atribueixen el seu incipient \u00e8xit a la const\u00e0ncia i feina feta, i s\u00f3n conscients que estan aconseguint un estil propi. Un estil que han cuinat a foc lent, amb cura i detall, no nom\u00e9s la m\u00fasica i les lletres, sin\u00f3 tamb\u00e9 la seua posada en escena, m\u00e9s austera i dram\u00e0tica que en encarnacions anteriors. S\u2019han posat seriosos (i cada vegada se\u2019n posaran m\u00e9s!).<\/p>\n<p>En tercer lloc, es mostren dolguts amb les experi\u00e8ncies passades (porten ja molta mili) i no estalvien cr\u00edtiques a les discogr\u00e0fiques anteriors incapaces d\u2019entendre el que tenien entre mans, sobretot a Belter (que els va deixar penjats), per\u00f2 tamb\u00e9 a EMI (que curiosament despr\u00e9s tornaria a ser la seua distribu\u00efdora, tot i que no editora perqu\u00e8 formarien la seua pr\u00f2pia empresa, Perro R\u00e9cords). De fet, tal com prometien a la nostra entrevista, el 1987 van aconseguir reeditar i de manera ampliada el seu disc\u00a0<em>Rebuznos de amor<\/em>\u00a0amb GASA, una independent de Madrid en al\u00e7a en aquells moments.<\/p>\n<p>En quart lloc, l\u2019afer de Marc Almond era veritat. Aquest havia tingut un \u00e8xit mundial amb el grup Soft Cell i el tema\u00a0<a class=\"not-has-image\" href=\"https:\/\/www.youtube.com\/watch?v=UARn9GLnhow\" target=\"_blank\" rel=\"noopener noreferrer\"><em>Tainted love<\/em><\/a>, i aquell any va treure al mercat un Maxi amb can\u00e7ons de Manolo Garc\u00eda, alguna cantada en castell\u00e0 (com \u00ab<a class=\"not-has-image\" href=\"https:\/\/www.youtube.com\/watch?v=T7BV8uYnqXM\" target=\"_blank\" rel=\"noopener noreferrer\">Cara a cara<\/a>\u00bb). Llavors no mos ho vam creure, per\u00f2 era cert. En canvi, all\u00f2 del desert del Gobi es veu que era fals.<\/p>\n<p><span class=\"easy_img_caption\"><img decoding=\"async\" class=\"aligncenter\" title=\"Un parell d'anys m\u00e9s tard, ni amb elrobatori d'una credencial vamaconseguir accedir als m\u00fasics\" src=\"https:\/\/laliterainformacion.com\/images\/2017\/10\/capsules-del-temps-5\/un-parell-d-anys-m%C3%A9s-tard-ni-amb-el-robatori-d-una-credencial-vam-aconseguir-accedir-als-m%C3%BAsics.png\" alt=\"Un parell d'anys m\u00e9s tard, ni amb el robatori d'una credencial vam aconseguir accedir als m\u00fasics\" \/><\/span><\/p>\n<p style=\"text-align: center;\"><em><span class=\"easy_img_caption\"><span class=\"easy_img_caption_inner\">Un parell d&#8217;anys m\u00e9s tard, ni amb el robatori d&#8217;una credencial vam aconseguir accedir als m\u00fasics<\/span><\/span><\/em><\/p>\n<p>Poques setmanes despr\u00e9s de l\u2019entrevista tornar\u00edem a veure EUDLF a Vallfogona de Balaguer, en un altre concert \u00e8pic i memorable. All\u00e0 tamb\u00e9 vam anar a parlar amb ells en acabar l\u2019actuaci\u00f3, i vam aprofitar per entrevistar el baixista,\u00a0<strong>Antonio Fidel<\/strong>, que en aquells moments tenia un grup paral\u00b7lel anomenat\u00a0<strong>The Natives<\/strong>, que nom\u00e9s cantaven en angl\u00e8s i seria precursor de l\u2019estil de grups com Desperados i altres. Durant els anys seg\u00fcents vam tornar a veure moltes vegades EUDLF. Recordo perfectament els concerts de Bin\u00e8far, de Fraga, de Lleida, de Mollerussa, de Tarragona, de Saragossa, de Barcelona&#8230; i en alguns llocs unes quantes vegades! Per\u00f2 en les successives ocasions ja no mos vam poder apropar als m\u00fasics. Les mesures de seguretat que els envoltaven es van tornar cada cop m\u00e9s sofisticades i estrictes, esdevenint una barrera dif\u00edcil de superar. Era normal, no \u00e9s el mateix enfrontar-se a quatre friquis que a quatre mil.<\/p>\n<p>Aquell any 1986 va ser el de l\u2019enlairament definitiu d\u2019El \u00daltimo de la Fila, que es va convertir en un dels grups m\u00e9s venedors i amb m\u00e9s poder d\u2019atracci\u00f3 durant tota la d\u00e8cada posterior. Quan van tocar a Binaced estaven agafant impuls per\u00f2 encara volaven arran de terra. Despr\u00e9s pujarien a altures astron\u00f2miques, tot firmant un can\u00e7oner envejable. L\u2019any seg\u00fcent, el 1987, van editar un disc recopilatori (<strong><em>Nuevas mezclas<\/em><\/strong>) en el que van enregistrar de nou algunes de les can\u00e7ons m\u00e9s emblem\u00e0tiques dels seus dos primers discos editats amb la discogr\u00e0fica barcelonesa PDI. El 1988 van editar un nou disc,\u00a0<strong><em>Como la cabeza al sombrero<\/em><\/strong>, que va tenir un \u00e8xit espatarrant. El 1990 van gravar el seu quart disc,\u00a0<strong><em>Nuevo peque\u00f1o cat\u00e1logo de seres y estares<\/em><\/strong>, ja distribu\u00eft per la multinacional EMI, que va suposar un cert estancament en la l\u00ednia ascendent que havien portat fins aleshores, tot i incloure un bon sarpat de can\u00e7ons notables. El 1993 editen\u00a0<strong><em>Astronomia razonable<\/em><\/strong>, un treball en qu\u00e8 recuperen el nervi i que suposa un pas endavant en el seu so, estil, textos i producci\u00f3, un dels seus millors treballs. Finalment, el 1995 publiquen\u00a0<strong><em>La rebeli\u00f3n de los hombres rana<\/em><\/strong>, un \u00e0lbum amb una producci\u00f3 molt acurada (potser massa), amb bons temes per\u00f2 amb una estranya homogene\u00eftat estil\u00edstica que el feia m\u00e9s dif\u00edcil de digerir que els anteriors (curiosament, molts discos de Manolo Garc\u00eda en solitari s\u2019hi assemblaran bastant). Aquest ser\u00e0 l\u2019\u00faltim de l\u2019\u00daltimo.<\/p>\n<p>Entre el 1986 i el 1996, l\u2019edici\u00f3 de cada disc es tradu\u00efa en multitudin\u00e0ries gires que recorrien durant mesos tota la geografia ib\u00e8rica, motiu pel qual deu haver-hi ben poca gent d\u2019aquella \u00e8poca que no assist\u00eds a algun concert de EUDLF. A principis de 1998 van anunciar la seua dissoluci\u00f3, aparentment perqu\u00e8 Quimi Portet no va voler embarcar-se en l\u2019aventura europea i internacional (segons afirmen ells mateixos en el llibre que van incloure a la capsa amb l\u2019edici\u00f3 de les obres completes).<\/p>\n<p><span class=\"easy_img_caption\"><img decoding=\"async\" class=\"aligncenter\" title=\"El \u00daltimo de la Fila en directe (1986)\" src=\"https:\/\/laliterainformacion.com\/images\/2017\/10\/capsules-del-temps-5\/el-%C3%BAltimo-de-la-fila-en-directe-1986.png\" alt=\"El \u00daltimo de la Fila en directe (1986)\" \/><\/span><\/p>\n<p style=\"text-align: center;\"><span class=\"easy_img_caption\"><span class=\"easy_img_caption_inner\">El \u00daltimo de la Fila en directe (1986)<\/span><\/span><\/p>\n<p>Despr\u00e9s de la dissoluci\u00f3, tant Manolo Garc\u00eda com Quimi Portet van iniciar sengles carreres en solitari amb for\u00e7a \u00e8xit relatiu, i avui dia encara estan en actiu, tot i que en dues escenes molt diferents. Per\u00f2, sense entendre\u2019n massa, jo diria que el que li sobra a un li falta a l\u2019altre i viceversa, i la seua traject\u00f2ria posterior permet constatar que durant aquells temps van ser una parella totalment sin\u00e8rgica, amb un equilibri ideal entre surrealisme i sentit com\u00fa, for\u00e7a po\u00e8tica urbana i pragmatisme rural. Curiosament, en els seus vint anys de carrera en solitari ni l\u2019un ni l\u2019altre han actuat mai a la nostra comarca. A veure si ser\u00e0 que durant aquest temps el m\u00f3n rural i el m\u00f3n urb\u00e0 s\u2019hauran distanciat m\u00e9s del compte&#8230; Tant han canviat els temps?<\/p>\n<p>EN CASTELLANO:<\/p>\n<p>El 5 de junio de 1986, El \u00daltimo de la Fila presentaban en la discoteca Studio 54 de Barcelona su nuevo disco\u00a0<em>Enemigos de lo ajeno<\/em>\u00a0.\u00a0El 26 de julio de 1986, apenas un mes y medio despu\u00e9s, los ten\u00edamos en directo en las fiestas de Binaced.\u00a0Despu\u00e9s dir\u00e1n que si el mundo rural y el mundo urbano est\u00e1n tan alejados y bla-bla-bla.\u00a0Cu\u00e1nta ignorancia!<\/p>\n<p>Vamos a los hechos:\u00a0<strong>El \u00daltimo de la Fila<\/strong>\u00a0eran el plato fuerte de las fiestas de Binaced de aquel a\u00f1o.\u00a0Por aquellas fechas el grupo ya hab\u00eda pasado varias veces por la comarca y alrededores, tanto en su versi\u00f3n de Los Burros, cuando tocaron en Alcampell y Altorric\u00f3n, en junio y agosto de 1984 respectivamente, como en su reencarnaci\u00f3n como El \u00daltimo de la Fila, cuando tocaron en Tamarit en septiembre de 1985. Si hubo un grupo que marc\u00f3 de manera profunda una parte de la juventud de la \u00e9poca en nuestra comarca fue sin duda el \u00daltimo de la Fila (EUDLF ).\u00a0Todo un fen\u00f3meno sociol\u00f3gico.\u00a0Una aut\u00e9ntica fiebre de la que quiz\u00e1s todav\u00eda no nos hemos curado del todo.<\/p>\n<p>Nosotros no \u00e9ramos ajenos, ni mucho menos.\u00a0De hecho est\u00e1bamos infectados por el virus EUDLF hasta el tu\u00e9tano.\u00a0Aquel s\u00e1bado 26 de julio llegamos a Binaced con tiempo suficiente para cenar un bocadillo en un restaurante local, tomar unas birras deambulando por las pe\u00f1as del lugar y desplazarnos al baile a esperar pacientemente que la orquesta (IV Dimensi\u00f3n) dejara paso al grupo de rock.\u00a0All\u00ed coincidi\u00f3 con la pe\u00f1a de Altorric\u00f3n, que no faltaba nunca a los conciertos de EUDLF y que nunca pasaba desapercibida.\u00a0El concierto se hac\u00eda en una plaza al aire libre, la noche era calurosa y estrellada, y todas las abuelas hab\u00edan puesto alineadas a los lados dejando paso a la multitud curiosa.\u00a0Llegado el momento, se apagaron las luces, los m\u00fasicos ocuparon sus lugares en el escenario y el ritual comenz\u00f3.<\/p>\n<p>El \u00daltimo de la Fila iniciaron el concierto con \u00abA cualquiera Reducir texto sucederle\u00bb, un tema del disco anterior que empalmaron con un del nuevo, \u00abPara qu\u00e9 sirve una hormiga\u00bb. Es curioso constatar que en aquellos momentos los utilizaban para abrir los conciertos y posteriormente han quedado como dos temas menores en su discograf\u00eda. La tercera canci\u00f3n fue \u00abQuerida Milagros\u00bb, que entonces ya era un cl\u00e1sico, y que ese d\u00eda presentaron diciendo \u201c<em>Vamos a hacer ahora un tema dedicado a los yanquis. Para que les folle un pez a todos. Un pez espada a ser posible<\/em>\u00ab.\u00a0(Nota de contexto: s\u00f3lo cuatro meses antes, el 12 de marzo, se hab\u00eda celebrado el famoso refer\u00e9ndum de la OTAN en un ambiente de debate p\u00fablico plenamente antimilitarista; uno de los puntos cr\u00edticos eran las bases estadounidenses en territorio espa\u00f1ol.) \u00bb\u00a0<em>los yanquis que se vayan a Minessota, o Alabama oa Oklahoma<\/em>\u00a0\u00ab, remat\u00f3 Manolo Garc\u00eda al final de la canci\u00f3n, mientras comenzaban los primeros acordes de \u00abSoy un Accidente\u00bb, con el gran Marc Grau (DEP) dibujando filigranas electroac\u00fasticas.\u00a0Entonces todav\u00eda tocaban esta canci\u00f3n en un tono introspectivo y reposado, muy diferente de la velocidad que le imprime en los directos de los a\u00f1os posteriores.<\/p>\n<p>\u00bb\u00a0<em>Vamos a recordar un viejo tema, a ver si el reconoc\u00e9is<\/em>\u00a0\u00ab, anunci\u00f3 Manolo a continuaci\u00f3n, mientras tocaban la introducci\u00f3n de \u00abGrit\u00e9\u00bb (una canci\u00f3n de cuando se hac\u00edan llamar Los R\u00e1pidos), momento que aprovech\u00f3 para presentar la banda : \u00bb\u00a0<em>Quim Ben\u00edtez, de Vic, como siempre en la bater\u00eda;\u00a0Juan Carlos Garc\u00eda a los teclados, percusi\u00f3n y bongos, de C\u00e1diz;\u00a0Marc Grau a la guitarra el\u00e9ctrica y ac\u00fastica;\u00a0Antonio Fidel, de los R\u00e1pidos, al bajo, \u00a1y de Cartagena !;\u00a0y el bueno de m\u00ed socio, Quimi Portet;\u00a0y un servidor de todos ustedes, Manolo Garc\u00eda<\/em>\u00a0\u00ab.<\/p>\n<p>\u00abGrit\u00e9\u00bb la empalmaron sin soluci\u00f3n de continuidad con \u00abMi patria en los zapatos\u00bb, un himno anarcoide de la altura de un campanario.\u00a0Despu\u00e9s atacaron \u00abLos \u00e1ngeles no Tienen h\u00e9lices\u00bb, un tema precedido de un largo solo de arm\u00f3nica tocado a oscuras por Quimi Portet, mientras pon\u00edan en marcha la m\u00e1quina de humo seco.\u00a0Pero, antes de continuar, Manolo se dirigi\u00f3 al p\u00fablico diciendo \u00bb\u00a0<em>Os voy a ense\u00f1ar una camiseta que levanto aqu\u00ed de Unos amigos Nuestros, que son Siniestro Total, y que dice as\u00ed: &#8216;ANTE TODO MUCHA CALMA&#8217;.\u00a0\u00bfLa veis bien?\u00a0Bien, pues a m\u00ed me gustar\u00eda que estos hombres que est\u00e1n aqu\u00ed hueso D\u00e9j\u00e0 pasar Hasta primera l\u00ednea, pero con Mucha calma, con tranquilidad, dejadles que vengan, que no va a pasar nada &#8230;<\/em>\u00ab.\u00a0Entonces las personas que hac\u00edan de servicio de seguridad retiraron las vallas que separaban al p\u00fablico del escenario y el grupo empez\u00f3 a tocar \u00abNo me acostumbrado\u00bb, un tema de su Rader \u00e1lbum &#8230; Y aqu\u00ed se nos acab\u00f3 la cinta de casete!<\/p>\n<p>Ya no grabamos nada m\u00e1s &#8230; As\u00ed que no sabemos c\u00f3mo continuaron.\u00a0Pero nos gustar\u00eda recordar que sigui\u00f3 una buena lista de canciones, empezando por todas las del Rader disco (aunque faltaban \u00abAviones plateados\u00bb, \u00abLas palabras son cansancio\u00bb, o por supuesto \u00abInsurrecci\u00f3n\u00bb, que por entonces empezaba a radiar- a diestro y siniestro), pero tambi\u00e9n del disco anterior ( \u00abSon cuatro d\u00edas\u00bb, \u00abel loco de la calle\u00bb, o \u00abDulces sue\u00f1os\u00bb con la que cerraron el concierto), as\u00ed como de sus encarnaciones anteriores de los r\u00e1pidos (iniciaron el bis con \u00abNavaja de papel\u00bb, y tambi\u00e9n tocaron \u00abRuta del sur\u00bb) y de Los Burros (cayeron \u00abPortugal\u00bb, \u00abDisneylandia\u00bb, \u00abMi novia se llamaba Ram\u00f3n\u00bb y \u00abHuesos\u00bb, como m\u00ednimo).<\/p>\n<p>Ep, un momento, \u00bfqu\u00e9 es esto?\u00a0Qu\u00e9 cojones hac\u00eda un grupo de jovenots desconcertados por Binaced con una grabadora en el bolsillo?\u00a0El motivo no era otro que registrar algunos sonidos con la intenci\u00f3n de emitirlos a<strong>El Bulevar de los 25 Vagabundos andrajosos<\/strong>, un programa que durante aquella temporada perpetr\u00e0vem a<strong>Radio Bin\u00e9far<\/strong>entre Jos\u00e9 Antonio Capdevila (Querido), Antonio S\u00e1nchez (DEP), Ferm\u00edn Bar\u00e9s, C\u00e9sar Castro (de Bin\u00e9far) y quien esto escribe.\u00a0Toda esta pandilla, ampliada con las respectivas parejas fijas o circunstanciales, fuimos en Binaced a disfrutar del concierto, a cantar en voz alta y bailar hasta la extenuaci\u00f3n siguiendo la exigente ritual del rock.\u00a0Al terminar perseguimos los m\u00fasicos para hacerles una entrevista para el programa de radio.\u00a0La entrevista la emitimos dos d\u00edas despu\u00e9s, el lunes 28 de julio de 1986, y ahora la reproducimos aqu\u00ed tal como qued\u00f3, sin aditivos ni conservantes.<\/p>\n<p>&nbsp;<\/p>\n<p>As\u00ed termin\u00f3 la entrevista.\u00a0Antes de marchar a\u00fan hubo tiempo para el intercambio de camisetas.\u00a0Nuestro compa\u00f1ero Jos\u00e9 A. Capdevila (alias Querido) llevaba una original camiseta de los quintos de Alcampell con un dibujo alusivo a Kortatu, el grupo que hab\u00edan llevado ese mismo julio al pueblo (justo la semana anterior), que a Manolo Garc\u00eda le gust\u00f3 mucho e intercambi\u00f3-le.\u00a0Como resultado de la permuta, Querido se qued\u00f3 con la de &#8216;ANTE TODO MUCHA CALMA&#8217;, y con unas baquetas de percusi\u00f3n que Manolo hab\u00eda utilizado durante el concierto.\u00a0Un par de meses despu\u00e9s, con la camiseta de los quintos de Alcampell, Manolo subir\u00eda al escenario de las Fiestas de la Merc\u00e8 de Barcelona ante m\u00e1s de cien mil personas en Montju\u00efc.\u00a0Quimi Portet esa noche no nos pudo intercambiar ninguna camiseta porque no llevaba!<\/p>\n<p>Queremos mencionar tambi\u00e9n la presencia de nuestro querido y a\u00f1orado compa\u00f1ero Antonio S\u00e1nchez (que lamentablemente nos dej\u00f3 en 2007), el fan n\u00famero uno que EUDLF ten\u00eda en nuestra comarca.\u00a0Fue su iniciativa e ingenio y su facilidad de palabra la que nos abri\u00f3 las puertas de muchas entrevistas, y muy especialmente de la misma, que \u00e9l (con su hermano Manuel) esperaba con ansia semanas antes de celebrarse el concierto .\u00a0Cuando llegamos al lugar de la entrevista, lo primero que hizo Antonio fue dar dos besos bien dados a Manolo ya Quimi, y aunque aprovech\u00f3 para cantarles alguna tonada andaluza de las que conoc\u00eda de cuando iba con su abuelo por los mercados del mundo adelante.\u00a0Los hermanos S\u00e1nchez, Antonio y Manuel, insistieron en invitarles a cenar en su casa,<\/p>\n<p>En cuanto a la entrevista aqu\u00ed transcrita, destacaremos s\u00f3lo cuatro cosas.<\/p>\n<p>En primer lugar, se nota que ese es el primer a\u00f1o que les va bien.\u00a0Aunque tanto con Los R\u00e1pidos (1981) como con Los Burros (1983) hab\u00edan recibido buenas cr\u00edticas, nunca llegaron a tener mucha repercusi\u00f3n p\u00fablica.\u00a0En\u00a0<a class=\"not-has-image\" href=\"https:\/\/viajesestelares.wordpress.com\/category\/los-burros\/\" target=\"_blank\" rel=\"noopener noreferrer\">otro lugar<\/a>\u00a0ya valoramos el peso e influencia del disco\u00a0<em>Rebuznos de amor<\/em>\u00a0y la entrevista que les hicimos cuando a\u00fan estaban hu\u00e9rfanos de discogr\u00e1fica.\u00a0En 1985, con el primer disco como El \u00daltimo de la Fila (\u00a0<strong><em>La pobreza entra por la puerta, el amor salta por la ventana<\/em><\/strong>\u00a0), obtuvieron una mayor visibilidad e impacto, pero a\u00fan insuficiente para permitirles vivir de la m\u00fasica .\u00a0En cambio, con\u00a0<strong><em>Enemigos de lo ajeno<\/em><\/strong>, Aquel 1986 el salto que les permiti\u00f3 profesionalizarse.\u00a0A partir de ah\u00ed fueron imparables, y la entrevista aqu\u00ed presentada les muestra justo en el momento en que comenzaban a coger velocidad.<\/p>\n<p>En segundo lugar, ellos mismos atribuyen su incipiente \u00e9xito en la constancia y trabajo hecho, y son conscientes de que est\u00e1n consiguiendo un estilo propio.\u00a0Un estilo que han cocinado a fuego lento, con cuidado y detalle, no s\u00f3lo la m\u00fasica y las letras, sino tambi\u00e9n su puesta en escena, m\u00e1s austera y dram\u00e1tica que en encarnaciones anteriores.\u00a0Se han puesto serios (y cada vez se pondr\u00e1n m\u00e1s!).<\/p>\n<p>En tercer lugar, se muestran dolidos con las experiencias pasadas (llevan ya mucha mili) y no ahorran cr\u00edticas a las discogr\u00e1ficas anteriores incapaces de entender lo que ten\u00edan entre manos, sobre todo a Belter (que los dej\u00f3 colgados), pero tambi\u00e9n a EMI (que curiosamente despu\u00e9s volver\u00eda a ser su distribuidora, aunque no editora porque formar\u00edan su propia empresa, Perro R\u00e9cords).\u00a0De hecho, tal como promet\u00edan en nuestra entrevista, en 1987 lograron reeditar y de manera ampliada su disco\u00a0<em>Rebuznos de amor<\/em>\u00a0con GASA, una independiente de Madrid en alza en aquellos momentos.<\/p>\n<p>En cuarto lugar, el asunto de Marc Almond era verdad.\u00a0Este hab\u00eda tenido un \u00e9xito mundial con el grupo Soft Cell y el tema\u00a0<a class=\"not-has-image\" href=\"https:\/\/www.youtube.com\/watch?v=UARn9GLnhow\" target=\"_blank\" rel=\"noopener noreferrer\"><em>Tainted love<\/em><\/a>\u00a0, y ese a\u00f1o sac\u00f3 al mercado un Maxi con canciones de Manolo Garc\u00eda, alguna cantada en castellano (como \u00ab\u00a0<a class=\"not-has-image\" href=\"https:\/\/www.youtube.com\/watch?v=T7BV8uYnqXM\" target=\"_blank\" rel=\"noopener noreferrer\">Cara a cara<\/a>\u00a0\u00bb).\u00a0Entonces no nos lo cre\u00edmos, pero era cierto.\u00a0En cambio, lo del desierto del Gobi se ve que era falso.<\/p>\n<p>Pocas semanas despu\u00e9s de la entrevista volver\u00edamos a ver EUDLF en Vallfogona de Balaguer, en otro concierto \u00e9pico y memorable.\u00a0All\u00ed tambi\u00e9n fuimos a hablar con ellos al terminar la actuaci\u00f3n, y aprovechamos para entrevistar al bajista,<strong>Antonio Fidel<\/strong>, que en aquellos momentos ten\u00eda un grupo paralelo llamado<strong>The Nativas<\/strong>, Que s\u00f3lo cantaban en ingl\u00e9s y ser\u00eda precursor del estilo de grupos como Desperados y otros.\u00a0Durante los a\u00f1os siguientes volvimos a ver muchas veces EUDLF.\u00a0Recuerdo perfectamente los conciertos de Bin\u00e9far, de Fraga, de Lleida, de Mollerussa, de Tarragona, de Zaragoza, de Barcelona &#8230; y en algunos lugares varias veces!\u00a0Pero en las sucesivas ocasiones ya no nos pudimos acercar a los m\u00fasicos.\u00a0Las medidas de seguridad que los rodeaban se volvieron cada vez m\u00e1s sofisticadas y estrictas, convirti\u00e9ndose en una barrera dif\u00edcil de superar.\u00a0Era normal, no es lo mismo enfrentarse a cuatro frikis que a cuatro mil.<\/p>\n<p>Aquel a\u00f1o 1986 fue el del despegue definitivo de El \u00daltimo de la Fila, que se convirti\u00f3 en uno de los grupos m\u00e1s vendedores y con m\u00e1s poder de atracci\u00f3n durante toda la d\u00e9cada posterior.\u00a0Cuando tocaron en Binaced estaban tomando impulso pero todav\u00eda volaban a ras de suelo.\u00a0Despu\u00e9s subir\u00edan a alturas astron\u00f3micas, todo firmando un cancionero envidiable.\u00a0El a\u00f1o siguiente, en 1987, editaron un disco recopilatorio (\u00a0<strong><em>Nuevas mezclas<\/em><\/strong>\u00a0) en el que grabaron de nuevo algunas de las canciones m\u00e1s emblem\u00e1ticas de sus dos primeros discos editados con la discogr\u00e1fica barcelonesa PDI.\u00a0En 1988 editaron un nuevo disco,\u00a0<strong><em>Como la cabeza al sombrero<\/em><\/strong>\u00a0, que tuvo un \u00e9xito alucinante.\u00a0En 1990 grabaron su cuarto disco,\u00a0<strong><em>Nuevo peque\u00f1o cat\u00e1logo de Seres y estares<\/em><\/strong>, Ya distribuido por la multinacional EMI, que supuso un cierto estancamiento en la l\u00ednea ascendente que hab\u00edan llevado hasta entonces, a pesar de incluir un buen SARP de canciones notables.\u00a0En 1993 editan\u00a0<strong><em>Astronom\u00eda RAZONABLE<\/em><\/strong>\u00a0, un trabajo en el que recuperan el nervio y que supone un paso adelante en su sonido, estilo, textos y producci\u00f3n, uno de sus mejores trabajos.\u00a0Finalmente, en 1995 publican\u00a0<strong><em>La rebeli\u00f3n de los hombres rana<\/em><\/strong>\u00a0, un \u00e1lbum con una producci\u00f3n muy cuidada (quiz\u00e1s demasiado), con buenos temas pero con una extra\u00f1a homogeneidad estil\u00edstica que lo hac\u00eda m\u00e1s dif\u00edcil de digerir que los anteriores (curiosamente, muchos discos de Manolo Garc\u00eda en solitario se parecer\u00e1n bastante).\u00a0Este ser\u00e1 el \u00faltimo del \u00daltimo.<\/p>\n<p>Entre 1986 y 1996, la edici\u00f3n de cada disco se traduc\u00eda en multitudinarias giras que recorr\u00edan durante meses toda la geograf\u00eda ib\u00e9rica, por lo que debe haber muy poca gente de aquella \u00e9poca que no asistiera a alg\u00fan concierto de EUDLF.\u00a0A principios de 1998 anunciaron su disoluci\u00f3n, aparentemente porque Quimi Portet no quiso embarcarse en la aventura europea e internacional (seg\u00fan afirman ellos mismos en el libro que incluyeron a la caja con la edici\u00f3n de las obras completas) .<\/p>\n<p>Despu\u00e9s de la disoluci\u00f3n, tanto Manolo Garc\u00eda como Quimi Portet iniciaron sendas carreras en solitario con bastante \u00e9xito relativo, y hoy en d\u00eda todav\u00eda est\u00e1n en activo, aunque en dos escenas muy diferentes.\u00a0Pero, sin entender demasiado, yo dir\u00eda que lo que le sobra a uno le falta al otro y viceversa, y su trayectoria posterior permite constatar que durante aquellos tiempos fueron una pareja totalmente sin\u00e9rgica, con un equilibrio ideal entre surrealismo y sentido com\u00fan, fuerza po\u00e9tica urbana y pragmatismo rural.\u00a0Curiosamente, en sus veinte a\u00f1os de carrera en solitario ni el uno ni el otro han actuado nunca en nuestra comarca.\u00a0A ver si ser\u00e1 que durante este tiempo el mundo rural y el mundo urbano habr\u00e1n distanciado m\u00e1s de la cuenta &#8230; Tanto han cambiado los tiempos?<\/p>\n<p>Fuente: Pep Espluga &#8211; La Litera Informaci\u00f3n &#8211;\u00a0<a href=\"https:\/\/laliterainformacion.com\/referencia\/3501-el-ultimo-de-la-fila-a-binaced\" target=\"_blank\" rel=\"noopener\">https:\/\/laliterainformacion.com\/referencia\/3501-el-ultimo-de-la-fila-a-binaced<\/a><\/p>\n","protected":false},"excerpt":{"rendered":"<p>El 5 de juny de 1986, El \u00daltimo de la Fila presentaven a la discoteca Studio 54 de Barcelona el seu nou disc\u00a0Enemigos de lo Ajeno. El 26 de juliol de 1986, tot just un mes i mig despr\u00e9s, els ten\u00edem en directe a les festes de Binaced. Despr\u00e9s diran que si el m\u00f3n rural<a class=\"moretag\" href=\"https:\/\/www.manologarciaycia.com\/?p=16521\" title=\"El \u00daltimo de la Fila en Binaced. Entrevista 26 Julio 1986\" target=\"_self\" rel=\"follow\"> <font face=arial size=2>[Leer m\u00e1s]<\/font> <\/a><\/p>\n","protected":false},"author":2,"featured_media":16523,"comment_status":"closed","ping_status":"closed","sticky":false,"template":"","format":"standard","meta":{"footnotes":""},"categories":[3,1,9],"tags":[],"class_list":["post-16521","post","type-post","status-publish","format-standard","has-post-thumbnail","hentry","category-el-ultimo-de-la-fila","category-manolo-garcia","category-qumi-portet"],"_links":{"self":[{"href":"https:\/\/www.manologarciaycia.com\/index.php?rest_route=\/wp\/v2\/posts\/16521","targetHints":{"allow":["GET"]}}],"collection":[{"href":"https:\/\/www.manologarciaycia.com\/index.php?rest_route=\/wp\/v2\/posts"}],"about":[{"href":"https:\/\/www.manologarciaycia.com\/index.php?rest_route=\/wp\/v2\/types\/post"}],"author":[{"embeddable":true,"href":"https:\/\/www.manologarciaycia.com\/index.php?rest_route=\/wp\/v2\/users\/2"}],"replies":[{"embeddable":true,"href":"https:\/\/www.manologarciaycia.com\/index.php?rest_route=%2Fwp%2Fv2%2Fcomments&post=16521"}],"version-history":[{"count":1,"href":"https:\/\/www.manologarciaycia.com\/index.php?rest_route=\/wp\/v2\/posts\/16521\/revisions"}],"predecessor-version":[{"id":16522,"href":"https:\/\/www.manologarciaycia.com\/index.php?rest_route=\/wp\/v2\/posts\/16521\/revisions\/16522"}],"wp:featuredmedia":[{"embeddable":true,"href":"https:\/\/www.manologarciaycia.com\/index.php?rest_route=\/wp\/v2\/media\/16523"}],"wp:attachment":[{"href":"https:\/\/www.manologarciaycia.com\/index.php?rest_route=%2Fwp%2Fv2%2Fmedia&parent=16521"}],"wp:term":[{"taxonomy":"category","embeddable":true,"href":"https:\/\/www.manologarciaycia.com\/index.php?rest_route=%2Fwp%2Fv2%2Fcategories&post=16521"},{"taxonomy":"post_tag","embeddable":true,"href":"https:\/\/www.manologarciaycia.com\/index.php?rest_route=%2Fwp%2Fv2%2Ftags&post=16521"}],"curies":[{"name":"wp","href":"https:\/\/api.w.org\/{rel}","templated":true}]}}