{"id":16423,"date":"2017-09-20T15:09:54","date_gmt":"2017-09-20T13:09:54","guid":{"rendered":"http:\/\/www.manologarciaycia.com\/?p=16423"},"modified":"2017-09-20T15:12:31","modified_gmt":"2017-09-20T13:12:31","slug":"estreno-del-primer-single-un-giro-teatral-del-nuevo-disco-en-directo-de-manolo-garcia","status":"publish","type":"post","link":"https:\/\/www.manologarciaycia.com\/?p=16423","title":{"rendered":"Estreno del primer single, Un giro Teatral, del nuevo disco en Directo de Manolo Garc\u00eda!"},"content":{"rendered":"<div class=\"\" data-block=\"true\" data-editor=\"6no5n\" data-offset-key=\"54jis-0-0\">\n<div class=\"_1mf _1mj\" data-offset-key=\"54jis-0-0\">Audio del programa de esta ma\u00f1ana Atr\u00e9vete de Cadena Dial, con Manel Fuentes. De su podcast oficial.<\/div>\n<\/div>\n<p>&nbsp;<\/p>\n<p><iframe loading=\"lazy\" src=\"https:\/\/www.ivoox.com\/player_ej_20990270_2_1.html?data=k5Wmm5WWe5Ghhpywj5WXaZS1lp6ah5yncZOhhpywj5WRaZi3jpWah5yncbbijKzW1NSPmMbV1dfOzpCRb67Vz9TZ0ZCrpdPXysaYx9OPiMrmxsjh0ZCRb6TVxcrbw5CorcKhhpywj7LFstDg0JC0w9fHaaSnhqaxw5Ddb6TjztXOh6iXaaOlhqigh6aopYamkpKSmaiReA..&amp;\" width=\"100%\" height=\"200\" frameborder=\"0\"><\/iframe><\/p>\n<div class=\"_1mf _1mj\" data-offset-key=\"6ucot-0-0\"><span data-offset-key=\"6ucot-0-0\">Salut! <\/span><span class=\"_5zk7\" spellcheck=\"false\" data-offset-key=\"6ucot-1-0\"><span data-offset-key=\"6ucot-1-0\">#ManoloGarc\u00eda<\/span><\/span> <span class=\"_5zk7\" spellcheck=\"false\" data-offset-key=\"6ucot-3-0\"><span data-offset-key=\"6ucot-3-0\">#Directo<\/span><\/span> <span class=\"_5zk7\" spellcheck=\"false\" data-offset-key=\"6ucot-5-0\"><span data-offset-key=\"6ucot-5-0\">#UnGiroTeatral<\/span><\/span> <span class=\"_5zk7\" spellcheck=\"false\" data-offset-key=\"6ucot-7-0\"><span data-offset-key=\"6ucot-7-0\">#CadenaDial<\/span><\/span> <span class=\"_5zk7\" spellcheck=\"false\" data-offset-key=\"6ucot-9-0\"><span data-offset-key=\"6ucot-9-0\">#Atr\u00e9vete<\/span><\/span> <span class=\"_5zk7\" spellcheck=\"false\" data-offset-key=\"6ucot-11-0\"><span data-offset-key=\"6ucot-11-0\">#ManelFuentes<\/span><\/span><\/div>\n","protected":false},"excerpt":{"rendered":"<p>Audio del programa de esta ma\u00f1ana Atr\u00e9vete de Cadena Dial, con Manel Fuentes. De su podcast oficial. &nbsp; Salut! #ManoloGarc\u00eda #Directo #UnGiroTeatral #CadenaDial #Atr\u00e9vete #ManelFuentes<a class=\"moretag\" href=\"https:\/\/www.manologarciaycia.com\/?p=16423\" title=\"Estreno del primer single, Un giro Teatral, del nuevo disco en Directo de Manolo Garc\u00eda!\" target=\"_self\" rel=\"follow\"> <font face=arial size=2>[Leer m\u00e1s]<\/font> <\/a><\/p>\n","protected":false},"author":2,"featured_media":16425,"comment_status":"closed","ping_status":"closed","sticky":false,"template":"","format":"standard","meta":{"footnotes":""},"categories":[1],"tags":[],"class_list":["post-16423","post","type-post","status-publish","format-standard","has-post-thumbnail","hentry","category-manolo-garcia"],"_links":{"self":[{"href":"https:\/\/www.manologarciaycia.com\/index.php?rest_route=\/wp\/v2\/posts\/16423","targetHints":{"allow":["GET"]}}],"collection":[{"href":"https:\/\/www.manologarciaycia.com\/index.php?rest_route=\/wp\/v2\/posts"}],"about":[{"href":"https:\/\/www.manologarciaycia.com\/index.php?rest_route=\/wp\/v2\/types\/post"}],"author":[{"embeddable":true,"href":"https:\/\/www.manologarciaycia.com\/index.php?rest_route=\/wp\/v2\/users\/2"}],"replies":[{"embeddable":true,"href":"https:\/\/www.manologarciaycia.com\/index.php?rest_route=%2Fwp%2Fv2%2Fcomments&post=16423"}],"version-history":[{"count":4,"href":"https:\/\/www.manologarciaycia.com\/index.php?rest_route=\/wp\/v2\/posts\/16423\/revisions"}],"predecessor-version":[{"id":16428,"href":"https:\/\/www.manologarciaycia.com\/index.php?rest_route=\/wp\/v2\/posts\/16423\/revisions\/16428"}],"wp:featuredmedia":[{"embeddable":true,"href":"https:\/\/www.manologarciaycia.com\/index.php?rest_route=\/wp\/v2\/media\/16425"}],"wp:attachment":[{"href":"https:\/\/www.manologarciaycia.com\/index.php?rest_route=%2Fwp%2Fv2%2Fmedia&parent=16423"}],"wp:term":[{"taxonomy":"category","embeddable":true,"href":"https:\/\/www.manologarciaycia.com\/index.php?rest_route=%2Fwp%2Fv2%2Fcategories&post=16423"},{"taxonomy":"post_tag","embeddable":true,"href":"https:\/\/www.manologarciaycia.com\/index.php?rest_route=%2Fwp%2Fv2%2Ftags&post=16423"}],"curies":[{"name":"wp","href":"https:\/\/api.w.org\/{rel}","templated":true}]}}