{"id":16396,"date":"2017-09-01T11:01:35","date_gmt":"2017-09-01T09:01:35","guid":{"rendered":"http:\/\/www.manologarciaycia.com\/?p=16396"},"modified":"2017-09-12T12:36:36","modified_gmt":"2017-09-12T10:36:36","slug":"de-la-entrevista-fotografos-del-rock-xavier-mercade-efeeme","status":"publish","type":"post","link":"https:\/\/www.manologarciaycia.com\/?p=16396","title":{"rendered":"De la entrevista Fot\u00f3grafos del rock: Xavier Mercad\u00e9 &#8211; EFEEME"},"content":{"rendered":"<p><strong>\u00bfRecuerdas cu\u00e1l fue el primer encargo del que fot\u00f3grafo y m\u00fasico quedasteis realmente satisfecho?<\/strong><\/p>\n<p>El recuerdo musical es El \u00daltimo de la Fila tocando \u2018Aviones plateados\u2019 el mediod\u00eda de un caluroso d\u00eda del mes de noviembre de 1986 mientras un avi\u00f3n cruza el campus universitario de Bellaterra. Manolo Garc\u00eda con pose chulesca y\u00a0Quimi Portet\u00a0pegando\u00a0<span class=\"text_exposed_show\">un buen salto (una de mis obsesiones fotogr\u00e1ficas) captados por mi c\u00e1mara. La gente del management me pidi\u00f3 fotos y encima me las pagaron, una forma de actuar que siempre ha honrado a la gente de\u00a0Perro Records. No recuerdo el importe, esto fue lo de menos, sobre todo cuando descubr\u00ed al cabo de unas semanas que la foto se publicaba en la carpeta interior de \u201cNuevas Mezclas\u201d (PDI, 1987) y en la contraportada del single \u201cSon cuatro d\u00edas\u201d. Despu\u00e9s de a\u00f1os autopublic\u00e1ndome las fotos y haci\u00e9ndolo por pura afici\u00f3n insana, por fin ve\u00eda una foto m\u00eda publicada en un disco y encima de una de mis bandas preferidas.\u00bb<\/span><\/p>\n<p>Fuente: EFEEME &#8211; <a href=\"http:\/\/www.efeeme.com\/fotografos-del-rock-xavier-mercade\/\" target=\"_blank\" rel=\"noopener\">ENLACE<\/a><\/p>\n","protected":false},"excerpt":{"rendered":"<p>\u00bfRecuerdas cu\u00e1l fue el primer encargo del que fot\u00f3grafo y m\u00fasico quedasteis realmente satisfecho? El recuerdo musical es El \u00daltimo de la Fila tocando \u2018Aviones plateados\u2019 el mediod\u00eda de un caluroso d\u00eda del mes de noviembre de 1986 mientras un avi\u00f3n cruza el campus universitario de Bellaterra. Manolo Garc\u00eda con pose chulesca y\u00a0Quimi Portet\u00a0pegando\u00a0un buen<a class=\"moretag\" href=\"https:\/\/www.manologarciaycia.com\/?p=16396\" title=\"De la entrevista Fot\u00f3grafos del rock: Xavier Mercad\u00e9 &#8211; EFEEME\" target=\"_self\" rel=\"follow\"> <font face=arial size=2>[Leer m\u00e1s]<\/font> <\/a><\/p>\n","protected":false},"author":2,"featured_media":16397,"comment_status":"closed","ping_status":"closed","sticky":false,"template":"","format":"standard","meta":{"footnotes":""},"categories":[1],"tags":[],"class_list":["post-16396","post","type-post","status-publish","format-standard","has-post-thumbnail","hentry","category-manolo-garcia"],"_links":{"self":[{"href":"https:\/\/www.manologarciaycia.com\/index.php?rest_route=\/wp\/v2\/posts\/16396","targetHints":{"allow":["GET"]}}],"collection":[{"href":"https:\/\/www.manologarciaycia.com\/index.php?rest_route=\/wp\/v2\/posts"}],"about":[{"href":"https:\/\/www.manologarciaycia.com\/index.php?rest_route=\/wp\/v2\/types\/post"}],"author":[{"embeddable":true,"href":"https:\/\/www.manologarciaycia.com\/index.php?rest_route=\/wp\/v2\/users\/2"}],"replies":[{"embeddable":true,"href":"https:\/\/www.manologarciaycia.com\/index.php?rest_route=%2Fwp%2Fv2%2Fcomments&post=16396"}],"version-history":[{"count":1,"href":"https:\/\/www.manologarciaycia.com\/index.php?rest_route=\/wp\/v2\/posts\/16396\/revisions"}],"predecessor-version":[{"id":16398,"href":"https:\/\/www.manologarciaycia.com\/index.php?rest_route=\/wp\/v2\/posts\/16396\/revisions\/16398"}],"wp:featuredmedia":[{"embeddable":true,"href":"https:\/\/www.manologarciaycia.com\/index.php?rest_route=\/wp\/v2\/media\/16397"}],"wp:attachment":[{"href":"https:\/\/www.manologarciaycia.com\/index.php?rest_route=%2Fwp%2Fv2%2Fmedia&parent=16396"}],"wp:term":[{"taxonomy":"category","embeddable":true,"href":"https:\/\/www.manologarciaycia.com\/index.php?rest_route=%2Fwp%2Fv2%2Fcategories&post=16396"},{"taxonomy":"post_tag","embeddable":true,"href":"https:\/\/www.manologarciaycia.com\/index.php?rest_route=%2Fwp%2Fv2%2Ftags&post=16396"}],"curies":[{"name":"wp","href":"https:\/\/api.w.org\/{rel}","templated":true}]}}