{"id":1631,"date":"2011-10-09T06:36:59","date_gmt":"2011-10-09T05:36:59","guid":{"rendered":"http:\/\/petaos.net\/?p=1631"},"modified":"2011-10-09T10:28:13","modified_gmt":"2011-10-09T09:28:13","slug":"mg-los-dias-intactos-preventa-tracklist-y-miniatura-de-portada","status":"publish","type":"post","link":"https:\/\/www.manologarciaycia.com\/?p=1631","title":{"rendered":"MG: Los Dias Intactos, portada, tracklist y preventa en FNAC"},"content":{"rendered":"<p><img loading=\"lazy\" decoding=\"async\" class=\"aligncenter size-full wp-image-1640\" title=\"dias\" src=\"http:\/\/petaos.net\/wp-content\/uploads\/2011\/10\/dias.jpg\" alt=\"dias\" width=\"400\" height=\"400\" srcset=\"https:\/\/www.manologarciaycia.com\/wp-content\/uploads\/2011\/10\/dias.jpg 400w, https:\/\/www.manologarciaycia.com\/wp-content\/uploads\/2011\/10\/dias-150x150.jpg 150w, https:\/\/www.manologarciaycia.com\/wp-content\/uploads\/2011\/10\/dias-300x300.jpg 300w\" sizes=\"auto, (max-width: 400px) 100vw, 400px\" \/><\/p>\n<p><strong>Tracklist de Los D\u00edas Intactos<\/strong><br \/>\n1\tTodos amamos desesperadamente<br \/>\n2\tUn a\u00f1o y otro a\u00f1o<br \/>\n3\tUn alma de papel<br \/>\n4\tLo quiero todo<br \/>\n5\tUn giro teatral<br \/>\n6\tSombra de la sombra de tu sombrero<br \/>\n7\tEstoy alegre<br \/>\n8\tCompasi\u00f3n y silencio<br \/>\n9\tJunto a ti<br \/>\n10\tCreyente bajo torres de alta tensi\u00f3n<br \/>\n11\tLos errantes<br \/>\n12\tLo que me diste cuando nada ped\u00ed<br \/>\n13\tEstamos ah\u00ed<br \/>\n14\tCabalgar la eternidad<br \/>\n15\tUn giro teatral<br \/>\n16\tUn alma de papel<\/p>\n<p><img loading=\"lazy\" decoding=\"async\" class=\"aligncenter size-full wp-image-1636\" title=\"manolo-garcia-sombra-sombra-tu-sombrero\" src=\"http:\/\/petaos.net\/wp-content\/uploads\/2011\/10\/manolo-garcia-sombra-sombra-tu-sombrero.jpg\" alt=\"manolo-garcia-sombra-sombra-tu-sombrero\" width=\"400\" height=\"225\" srcset=\"https:\/\/www.manologarciaycia.com\/wp-content\/uploads\/2011\/10\/manolo-garcia-sombra-sombra-tu-sombrero.jpg 400w, https:\/\/www.manologarciaycia.com\/wp-content\/uploads\/2011\/10\/manolo-garcia-sombra-sombra-tu-sombrero-300x168.jpg 300w\" sizes=\"auto, (max-width: 400px) 100vw, 400px\" \/><\/p>\n<p>Fuente: FNAC.es (<a href=\"http:\/\/musica.fnac.es\/a664993\/Manolo-Garcia-Los-dias-intactos-CD-album?PID=6&amp;Mn=-1&amp;Mu=-13&amp;Ra=-28&amp;To=0&amp;Nu=1&amp;Fr=0\" target=\"_blank\">ENLACE<\/a>)<\/p>\n","protected":false},"excerpt":{"rendered":"<p>Tracklist de Los D\u00edas Intactos 1 Todos amamos desesperadamente 2 Un a\u00f1o y otro a\u00f1o 3 Un alma de papel 4 Lo quiero todo 5 Un giro teatral 6 Sombra de la sombra de tu sombrero 7 Estoy alegre 8 Compasi\u00f3n y silencio 9 Junto a ti 10 Creyente bajo torres de alta tensi\u00f3n 11<a class=\"moretag\" href=\"https:\/\/www.manologarciaycia.com\/?p=1631\" title=\"MG: Los Dias Intactos, portada, tracklist y preventa en FNAC\" target=\"_self\" rel=\"follow\"> <font face=arial size=2>[Leer m\u00e1s]<\/font> <\/a><\/p>\n","protected":false},"author":2,"featured_media":0,"comment_status":"closed","ping_status":"closed","sticky":false,"template":"","format":"standard","meta":{"footnotes":""},"categories":[1],"tags":[255],"class_list":["post-1631","post","type-post","status-publish","format-standard","hentry","category-manolo-garcia","tag-manolo-garcia-dias-intactos-portada-tracklist"],"_links":{"self":[{"href":"https:\/\/www.manologarciaycia.com\/index.php?rest_route=\/wp\/v2\/posts\/1631","targetHints":{"allow":["GET"]}}],"collection":[{"href":"https:\/\/www.manologarciaycia.com\/index.php?rest_route=\/wp\/v2\/posts"}],"about":[{"href":"https:\/\/www.manologarciaycia.com\/index.php?rest_route=\/wp\/v2\/types\/post"}],"author":[{"embeddable":true,"href":"https:\/\/www.manologarciaycia.com\/index.php?rest_route=\/wp\/v2\/users\/2"}],"replies":[{"embeddable":true,"href":"https:\/\/www.manologarciaycia.com\/index.php?rest_route=%2Fwp%2Fv2%2Fcomments&post=1631"}],"version-history":[{"count":7,"href":"https:\/\/www.manologarciaycia.com\/index.php?rest_route=\/wp\/v2\/posts\/1631\/revisions"}],"predecessor-version":[{"id":1642,"href":"https:\/\/www.manologarciaycia.com\/index.php?rest_route=\/wp\/v2\/posts\/1631\/revisions\/1642"}],"wp:attachment":[{"href":"https:\/\/www.manologarciaycia.com\/index.php?rest_route=%2Fwp%2Fv2%2Fmedia&parent=1631"}],"wp:term":[{"taxonomy":"category","embeddable":true,"href":"https:\/\/www.manologarciaycia.com\/index.php?rest_route=%2Fwp%2Fv2%2Fcategories&post=1631"},{"taxonomy":"post_tag","embeddable":true,"href":"https:\/\/www.manologarciaycia.com\/index.php?rest_route=%2Fwp%2Fv2%2Ftags&post=1631"}],"curies":[{"name":"wp","href":"https:\/\/api.w.org\/{rel}","templated":true}]}}