{"id":16264,"date":"2017-05-17T15:10:16","date_gmt":"2017-05-17T13:10:16","guid":{"rendered":"http:\/\/www.manologarciaycia.com\/?p=16264"},"modified":"2017-05-17T15:10:16","modified_gmt":"2017-05-17T13:10:16","slug":"la-vuelta-de-willy-fog-de-apadis-con-la-colaboracion-de-manolo-garcia","status":"publish","type":"post","link":"https:\/\/www.manologarciaycia.com\/?p=16264","title":{"rendered":"\u00abLa vuelta de Willy Fog\u00bb de APADIS, con la colaboraci\u00f3n de Manolo Garc\u00eda."},"content":{"rendered":"<p>Este mi\u00e9rcoles 17 de mayo a las 18:00 horas, en la Plaza Alta de Algeciras, tendr\u00e1 lugar uno de los momentos m\u00e1s importantes del 50 aniversario de APADIS Bah\u00eda de Algeciras, como es la presentaci\u00f3n e inicio de la exposici\u00f3n itinerante \u201cLa Vuelta de Willy Fog con APADIS Bah\u00eda de Algeciras\u201d.<\/p>\n<p>Con la celebraci\u00f3n que tendr\u00e1 lugar el mi\u00e9rcoles en la Plaza Alta, APADIS y la Coordinadora Barrio Vivo llevar\u00e1n a cabo, con la colaboraci\u00f3n del Ayuntamiento de Algeciras, una serie de actividades para todo tipo de p\u00fablicos, como dinamizaciones, bailes, teatro, juegos, m\u00fasica y todo un despliegue de actuaciones con el que la asociaci\u00f3n quiere calentar motores y dar a conocer la citada exposici\u00f3n. Adem\u00e1s, se podr\u00e1 disfrutar de la puesta en escena de la compa\u00f1\u00eda Bambalinas, grupo de teatro de APADIS conformado por actores y actrices con discapacidad intelectual. Se contar\u00e1 tambi\u00e9n con otras actuaciones como la del artista de hip-hop Blaster Variety, el grupo de teatro infantil de Barrio Vivo y Kuny, perteneciente a la escuela Stylo Urbano Center de Algeciras.<\/p>\n<p>Con todo ello, en este gran evento se dar\u00e1n a conocer m\u00e1s detalles sobre el inicio de \u201cLa Vuelta de Willy Fog con APADIS Bah\u00eda de Algeciras\u201d y se ubicar\u00e1 un puesto de venta de productos artesanales sobre el conocido personaje infantil, elaborados todos ellos en los talleres ocupacionales de la asociaci\u00f3n.<\/p>\n<p>\u201cLa Vuelta de Willy Fog con APADIS Bah\u00eda de Algeciras\u201d ser\u00e1 una exposici\u00f3n itinerante que arrancar\u00e1 este mes en Algeciras, conformada por esculturas del famoso personaje de dibujos animados que han sido revestidas por 30 artistas de todos los \u00e1mbitos, contando con nombres como los de Manolo Garc\u00eda, \u00c1gatha Ruiz de la Prada, Paloma San Basilio, Victorio y Lucchino, \u00c1ngel Gar\u00f3, Vicky Mart\u00edn Berrocal, Paco Ar\u00e9valo junto a Francis Montesinos, Torito, \u00c1lex O\u2019Dogherty o Salva Reina. Los beneficios de la exposici\u00f3n, entre los que figurar\u00e1n tambi\u00e9n la venta de las esculturas una vez finalice la iniciativa, ir\u00e1n destinados \u00edntegramente a la mejora de los servicios para las personas con discapacidad intelectual con grandes necesidades de apoyo.<\/p>\n<p>Esta exposici\u00f3n ha sido posible gracias a la compa\u00f1\u00eda propietaria de los derechos del personaje de creaci\u00f3n espa\u00f1ola, BRB Internacional, y a su creador, Claudio Biern Boyd, que desde primera hora se mostr\u00f3 entusiasmado con el proyecto.<\/p>\n<p>Fuente: FEPROAMI &#8211; <a href=\"http:\/\/feproami.org\/apadis-bahia-de-algeciras-se-prepara-para-dar-la-bienvenida-a-willy-fog\/\" target=\"_blank\" rel=\"noopener noreferrer\">ENLACE<\/a><\/p>\n","protected":false},"excerpt":{"rendered":"<p>Este mi\u00e9rcoles 17 de mayo a las 18:00 horas, en la Plaza Alta de Algeciras, tendr\u00e1 lugar uno de los momentos m\u00e1s importantes del 50 aniversario de APADIS Bah\u00eda de Algeciras, como es la presentaci\u00f3n e inicio de la exposici\u00f3n itinerante \u201cLa Vuelta de Willy Fog con APADIS Bah\u00eda de Algeciras\u201d. Con la celebraci\u00f3n que<a class=\"moretag\" href=\"https:\/\/www.manologarciaycia.com\/?p=16264\" title=\"\u00abLa vuelta de Willy Fog\u00bb de APADIS, con la colaboraci\u00f3n de Manolo Garc\u00eda.\" target=\"_self\" rel=\"follow\"> <font face=arial size=2>[Leer m\u00e1s]<\/font> <\/a><\/p>\n","protected":false},"author":2,"featured_media":16265,"comment_status":"closed","ping_status":"closed","sticky":false,"template":"","format":"standard","meta":{"footnotes":""},"categories":[1],"tags":[],"class_list":["post-16264","post","type-post","status-publish","format-standard","has-post-thumbnail","hentry","category-manolo-garcia"],"_links":{"self":[{"href":"https:\/\/www.manologarciaycia.com\/index.php?rest_route=\/wp\/v2\/posts\/16264","targetHints":{"allow":["GET"]}}],"collection":[{"href":"https:\/\/www.manologarciaycia.com\/index.php?rest_route=\/wp\/v2\/posts"}],"about":[{"href":"https:\/\/www.manologarciaycia.com\/index.php?rest_route=\/wp\/v2\/types\/post"}],"author":[{"embeddable":true,"href":"https:\/\/www.manologarciaycia.com\/index.php?rest_route=\/wp\/v2\/users\/2"}],"replies":[{"embeddable":true,"href":"https:\/\/www.manologarciaycia.com\/index.php?rest_route=%2Fwp%2Fv2%2Fcomments&post=16264"}],"version-history":[{"count":1,"href":"https:\/\/www.manologarciaycia.com\/index.php?rest_route=\/wp\/v2\/posts\/16264\/revisions"}],"predecessor-version":[{"id":16266,"href":"https:\/\/www.manologarciaycia.com\/index.php?rest_route=\/wp\/v2\/posts\/16264\/revisions\/16266"}],"wp:featuredmedia":[{"embeddable":true,"href":"https:\/\/www.manologarciaycia.com\/index.php?rest_route=\/wp\/v2\/media\/16265"}],"wp:attachment":[{"href":"https:\/\/www.manologarciaycia.com\/index.php?rest_route=%2Fwp%2Fv2%2Fmedia&parent=16264"}],"wp:term":[{"taxonomy":"category","embeddable":true,"href":"https:\/\/www.manologarciaycia.com\/index.php?rest_route=%2Fwp%2Fv2%2Fcategories&post=16264"},{"taxonomy":"post_tag","embeddable":true,"href":"https:\/\/www.manologarciaycia.com\/index.php?rest_route=%2Fwp%2Fv2%2Ftags&post=16264"}],"curies":[{"name":"wp","href":"https:\/\/api.w.org\/{rel}","templated":true}]}}