{"id":16192,"date":"2017-03-19T08:03:34","date_gmt":"2017-03-19T07:03:34","guid":{"rendered":"http:\/\/www.manologarciaycia.com\/?p=16192"},"modified":"2017-03-19T08:04:11","modified_gmt":"2017-03-19T07:04:11","slug":"16192","status":"publish","type":"post","link":"https:\/\/www.manologarciaycia.com\/?p=16192","title":{"rendered":"Manolo Garc\u00eda colabora con APADIS: La Vuelta de Willy Fog"},"content":{"rendered":"<p>Manolo Garc\u00eda participar\u00e1 en el proyecto La Vuelta de Willy Fog, proyecto de APADIS Bah\u00eda de Algeciras con el que la asociaci\u00f3n celebra su 50 aniversario. Con la colaboraci\u00f3n de un total de 30 artistas de reconocido prestigio y de todos los \u00e1mbitos, adem\u00e1s de dar visibilidad a la discapacidad intelectual, promover\u00e1 los valores de superaci\u00f3n, trabajo en equipo, cohesi\u00f3n y solidaridad.<\/p>\n<p>El artista Toledano Alberto Romero, participar\u00e1 junto a grandes artistas de \u00e1mbito nacional, como Agatha Ruiz de la Prada, Victorio y Luchino, Manolo Garc\u00eda, Paloma San Basilio, \u00c1ngel Garo, Pepe Barroso o Vicky Martin Berrocal, entre otros, en el proyecto `La Vuelta de Willy Fog\u00b4, una acci\u00f3n expositiva escult\u00f3rica con la que se quiere poner en marcha un trabajo colaborativo que promueva los valores de superaci\u00f3n, trabajo en equipo, cohesi\u00f3n y solidaridad, con el fin de recaudar fondos para personas con discapacidad gravemente afectadas.<\/p>\n<p>#ManoloGarcia #APADIS #LaVueltadeWillyFog #Algeciras https:\/\/www.facebook.com\/ElRealApadis http:\/\/www.apadisbahiadealgeciras.org\/<\/p>\n<p>En cuanto tengamos m\u00e1s datos os informaremos.<\/p>\n<blockquote class=\"wp-embedded-content\" data-secret=\"HGAIpUSXgT\"><p><a href=\"https:\/\/apadisbahiadealgeciras.org\/\">Inicio<\/a><\/p><\/blockquote>\n<p><iframe loading=\"lazy\" class=\"wp-embedded-content\" sandbox=\"allow-scripts\" security=\"restricted\" style=\"position: absolute; clip: rect(1px, 1px, 1px, 1px);\" title=\"\u00abInicio\u00bb \u2014 Apadis Bah\u00eda de Algeciras\" src=\"https:\/\/apadisbahiadealgeciras.org\/embed\/#?secret=m4OmwnCt1z#?secret=HGAIpUSXgT\" data-secret=\"HGAIpUSXgT\" width=\"600\" height=\"338\" frameborder=\"0\" marginwidth=\"0\" marginheight=\"0\" scrolling=\"no\"><\/iframe><\/p>\n","protected":false},"excerpt":{"rendered":"<p>Manolo Garc\u00eda participar\u00e1 en el proyecto La Vuelta de Willy Fog, proyecto de APADIS Bah\u00eda de Algeciras con el que la asociaci\u00f3n celebra su 50 aniversario. Con la colaboraci\u00f3n de un total de 30 artistas de reconocido prestigio y de todos los \u00e1mbitos, adem\u00e1s de dar visibilidad a la discapacidad intelectual, promover\u00e1 los valores de<a class=\"moretag\" href=\"https:\/\/www.manologarciaycia.com\/?p=16192\" title=\"Manolo Garc\u00eda colabora con APADIS: La Vuelta de Willy Fog\" target=\"_self\" rel=\"follow\"> <font face=arial size=2>[Leer m\u00e1s]<\/font> <\/a><\/p>\n","protected":false},"author":2,"featured_media":0,"comment_status":"closed","ping_status":"closed","sticky":false,"template":"","format":"video","meta":{"footnotes":""},"categories":[1],"tags":[],"class_list":["post-16192","post","type-post","status-publish","format-video","hentry","category-manolo-garcia","post_format-post-format-video"],"_links":{"self":[{"href":"https:\/\/www.manologarciaycia.com\/index.php?rest_route=\/wp\/v2\/posts\/16192","targetHints":{"allow":["GET"]}}],"collection":[{"href":"https:\/\/www.manologarciaycia.com\/index.php?rest_route=\/wp\/v2\/posts"}],"about":[{"href":"https:\/\/www.manologarciaycia.com\/index.php?rest_route=\/wp\/v2\/types\/post"}],"author":[{"embeddable":true,"href":"https:\/\/www.manologarciaycia.com\/index.php?rest_route=\/wp\/v2\/users\/2"}],"replies":[{"embeddable":true,"href":"https:\/\/www.manologarciaycia.com\/index.php?rest_route=%2Fwp%2Fv2%2Fcomments&post=16192"}],"version-history":[{"count":2,"href":"https:\/\/www.manologarciaycia.com\/index.php?rest_route=\/wp\/v2\/posts\/16192\/revisions"}],"predecessor-version":[{"id":16194,"href":"https:\/\/www.manologarciaycia.com\/index.php?rest_route=\/wp\/v2\/posts\/16192\/revisions\/16194"}],"wp:attachment":[{"href":"https:\/\/www.manologarciaycia.com\/index.php?rest_route=%2Fwp%2Fv2%2Fmedia&parent=16192"}],"wp:term":[{"taxonomy":"category","embeddable":true,"href":"https:\/\/www.manologarciaycia.com\/index.php?rest_route=%2Fwp%2Fv2%2Fcategories&post=16192"},{"taxonomy":"post_tag","embeddable":true,"href":"https:\/\/www.manologarciaycia.com\/index.php?rest_route=%2Fwp%2Fv2%2Ftags&post=16192"}],"curies":[{"name":"wp","href":"https:\/\/api.w.org\/{rel}","templated":true}]}}