{"id":16169,"date":"2017-02-24T13:36:34","date_gmt":"2017-02-24T12:36:34","guid":{"rendered":"http:\/\/www.manologarciaycia.com\/?p=16169"},"modified":"2017-02-24T13:45:13","modified_gmt":"2017-02-24T12:45:13","slug":"cancelado-concierto-de-carmen-garcia-en-guitar-fest-bcn","status":"publish","type":"post","link":"https:\/\/www.manologarciaycia.com\/?p=16169","title":{"rendered":"Cancelado concierto de Carmen Garc\u00eda en Guitar Fest BCN"},"content":{"rendered":"<p>De Carmen Garc\u00eda:<\/p>\n<p>\u00abQueridos y apreciados compa\u00f1er@s,<\/p>\n<p>Muy a pesar m\u00edo os comunico que por motivos personales he tenido que anular el concierto que me program\u00f3 el Guitar Festival BC<span class=\"text_exposed_show\">N<\/span><span class=\"text_exposed_show\"> en la sala BARTS para el d\u00eda 21 de Abril.<br \/>\nQuiero dar las gracias y a la vez mis disculpas al festival y a la sala por haber pensado en mi y haberme incluido en su programaci\u00f3n; tambien pido disculpas a todos aquell@s que me segu\u00eds y ya hab\u00edais comprado la entrada.<br \/>\nGracias!<br \/>\nUn abrazo a tod@s, Salud!\u00bb<\/span><\/p>\n<p>Fuente: Facebook Oficial Carmen Garc\u00eda &#8211;\u00a0<a href=\"https:\/\/www.facebook.com\/CarmenGarciaOficial\" target=\"_blank\">https:\/\/www.facebook.com\/CarmenGarciaOficial<\/a><\/p>\n","protected":false},"excerpt":{"rendered":"<p>De Carmen Garc\u00eda: \u00abQueridos y apreciados compa\u00f1er@s, Muy a pesar m\u00edo os comunico que por motivos personales he tenido que anular el concierto que me program\u00f3 el Guitar Festival BCN en la sala BARTS para el d\u00eda 21 de Abril. Quiero dar las gracias y a la vez mis disculpas al festival y a la<a class=\"moretag\" href=\"https:\/\/www.manologarciaycia.com\/?p=16169\" title=\"Cancelado concierto de Carmen Garc\u00eda en Guitar Fest BCN\" target=\"_self\" rel=\"follow\"> <font face=arial size=2>[Leer m\u00e1s]<\/font> <\/a><\/p>\n","protected":false},"author":2,"featured_media":0,"comment_status":"closed","ping_status":"closed","sticky":false,"template":"","format":"standard","meta":{"footnotes":""},"categories":[1],"tags":[],"class_list":["post-16169","post","type-post","status-publish","format-standard","hentry","category-manolo-garcia"],"_links":{"self":[{"href":"https:\/\/www.manologarciaycia.com\/index.php?rest_route=\/wp\/v2\/posts\/16169","targetHints":{"allow":["GET"]}}],"collection":[{"href":"https:\/\/www.manologarciaycia.com\/index.php?rest_route=\/wp\/v2\/posts"}],"about":[{"href":"https:\/\/www.manologarciaycia.com\/index.php?rest_route=\/wp\/v2\/types\/post"}],"author":[{"embeddable":true,"href":"https:\/\/www.manologarciaycia.com\/index.php?rest_route=\/wp\/v2\/users\/2"}],"replies":[{"embeddable":true,"href":"https:\/\/www.manologarciaycia.com\/index.php?rest_route=%2Fwp%2Fv2%2Fcomments&post=16169"}],"version-history":[{"count":3,"href":"https:\/\/www.manologarciaycia.com\/index.php?rest_route=\/wp\/v2\/posts\/16169\/revisions"}],"predecessor-version":[{"id":16177,"href":"https:\/\/www.manologarciaycia.com\/index.php?rest_route=\/wp\/v2\/posts\/16169\/revisions\/16177"}],"wp:attachment":[{"href":"https:\/\/www.manologarciaycia.com\/index.php?rest_route=%2Fwp%2Fv2%2Fmedia&parent=16169"}],"wp:term":[{"taxonomy":"category","embeddable":true,"href":"https:\/\/www.manologarciaycia.com\/index.php?rest_route=%2Fwp%2Fv2%2Fcategories&post=16169"},{"taxonomy":"post_tag","embeddable":true,"href":"https:\/\/www.manologarciaycia.com\/index.php?rest_route=%2Fwp%2Fv2%2Ftags&post=16169"}],"curies":[{"name":"wp","href":"https:\/\/api.w.org\/{rel}","templated":true}]}}