{"id":16121,"date":"2017-02-12T12:51:04","date_gmt":"2017-02-12T11:51:04","guid":{"rendered":"http:\/\/www.manologarciaycia.com\/?p=16121"},"modified":"2017-02-12T12:51:04","modified_gmt":"2017-02-12T11:51:04","slug":"explosio-de-solidaritat-explosion-de-solidaridad","status":"publish","type":"post","link":"https:\/\/www.manologarciaycia.com\/?p=16121","title":{"rendered":"Explosi\u00f3 de solidaritat \/ Explosi\u00f3n de solidaridad"},"content":{"rendered":"<h1 id=\"articulo-titulo\" class=\"articulo-titulo \">15.000 persones es mobilitzen al concert &#8216;Volem acollir&#8217;, al Sant Jordi, en favor de l&#8217;acollida de migrants i refugiats<\/h1>\n<p><span lang=\"ca\" xml:lang=\"ca\"><span title=\"Una pac\u00edfica explosi\u00f3n de solidaridad sacudi\u00f3 el Sant Jordi barcelon\u00e9s en la noche de ayer.\">Una pac\u00edfica explosi\u00f3 de solidaritat va sacsejar el Sant Jordi barcelon\u00ed la nit d&#8217;aquest dissabte.<\/span> <span title=\"Al grito de \u201cCasa nostra, casa vostra\u201d (Nuestra casa, vuestra casa) y de \u201cVolem acullir\u201d (Querermos acoger) el acto de anoche por las personas refugiadas rompi\u00f3 las fronteras del t\u00edpico concierto solidario para convertirse en una efectiva mezcla de m\u00fasica\">Al crit de \u00abCasa nostra, casa Vostra\u00bb i de \u00abVolem acullir\u00bb, l&#8217;acte per les persones refugiades va trencar les fronteres del t\u00edpic concert solidari per esdevenir una efectiva barreja de m\u00fasica<\/span> <span title=\"alegre, sentidos y duros discursos (a menudo en primera persona) y proclamas contra una situaci\u00f3n inaguantable que ninguno de los que podr\u00eda hacerlo parece dispuesto a cambiar.\">alegre, sentiments i durs discursos (sovint en primera persona) i proclames contra una situaci\u00f3 inaguantable que cap dels que podria fer-ho sembla disposat a canviar.<\/span> <span title=\"Gemma Nierga lo resumi\u00f3 en uno de sus parlamentos dirigi\u00e9ndose al p\u00fablico: \u201cestamos hablando de cosas muy tristes pero todos ten\u00e9is una sonrisa de esperanza\u201d.\">Gemma Nierga ho va resumir en un dels seus parlaments dirigint-se al p\u00fablic: \u00abEstem parlant de coses molt tristes per\u00f2 tots teniu un somriure d&#8217;esperan\u00e7a\u00bb.<\/span> <span title=\"Sin duda la palabra esperanza le gan\u00f3 el pulso ayer noche a toda la dureza de las situaciones expuestas y denunciadas. \">Sens dubte la paraula esperan\u00e7a li va guanyar el pols a tota la duresa de les situacions exposades i denunciades.<\/span><\/span><\/p>\n<p><span title=\"El Sant Jordi se llen\u00f3 ofreciendo sus mejores galas para la ocasi\u00f3n, las quince mil entradas (entre los 15 y los 60 euros) se hab\u00edan agotado con semanas de anticipaci\u00f3n y en el ambiente se mezclaba la euforia con una cierta rabia nada contenida ante la impasibilidad\">El Sant Jordi es va omplir oferint les seves millors gales per a l&#8217;ocasi\u00f3, les quinze mil entrades (entre els 15 i els 60 euros) s&#8217;havien esgotat amb setmanes d&#8217;anticipaci\u00f3 i a l&#8217;ambient es barrejava l&#8217;euf\u00f2ria amb una certa r\u00e0bia gens continguda davant la impassibilitat<\/span> <span title=\"internacional.\">internacional.<\/span> <span title=\"Jordi \u00c9vole carg\u00f3 contra el palco de autoridades que \u201cno hacen nada escondidos tras la excusa de las competencias cuando simplemente se trata de incompetencia\u201d.\"><a href=\"http:\/\/ccaa.elpais.com\/tag\/jordi_evole\/a\/\" target=\"_blank\">Jordi \u00c9vole<\/a> va carregar contra la llotja d&#8217;autoritats que \u00abno fan res amagats rere l&#8217;excusa de les compet\u00e8ncies quan simplement es tracta d&#8217;incompet\u00e8ncia\u00bb.<\/span> <span title=\"El mismo \u00c9vole se alegr\u00f3 de ver a los quince mil asistentes luchando por las personas refugiadas y migrantes: \u201cEsto ha de ser inconstitucional\u201d, afirm\u00f3. \">El mateix \u00c9vole es va alegrar de veure els quinze mil assistents lluitant per les persones refugiades i migrants: \u00abAix\u00f2 ha de ser, com a m\u00ednim, inconstitucional\u00bb, va afirmar.<\/span><\/p>\n<p><span title=\"El concierto estaba previsto para las 22 horas pero, como conocidos son los embotellamientos previos a cualquier evento en la monta\u00f1a de Montju\u00efc, el p\u00fablico decidi\u00f3 adelantarse y media hora antes el Sant Jordi ya estaba pr\u00e1cticamente lleno.\">El concert estava previst per a les 22 hores per\u00f2, com coneguts s\u00f3n els embussos previs a qualsevol esdeveniment a la muntanya de Montju\u00efc, el p\u00fablic va decidir avan\u00e7ar-se i mitja hora abans al Sant Jordi ja estava pr\u00e0cticament ple.<\/span><span title=\"Sorpresa, prevey\u00e9ndolo (o simplemente por casualidad) la Barcelona Gypsy Balcan Orchestra ocup\u00f3 a esa hora el escenario animando la espera con un abanico de ritmos tremendamente contagiosos que fueron de los bailes gitanos a las canciones de la guerra espa\u00f1ola. \">Sorpresa, preveient-lo (o simplement per casualitat), la Barcelona Gypsy Balcan Orchestra va ocupar a aquesta hora l&#8217;escenari animant l&#8217;espera amb un ventall de ritmes tremendament contagiosos que van anar dels balls gitanos a les can\u00e7ons de la guerra espanyola.<\/span><\/p>\n<p><span title=\"Un aperitivo agradable que desemboc\u00f3 a la hora anunciada en punto (exactitud de retransmisi\u00f3n televisiva) en una performance de la Fura dels Baus (con toques a lo Pink Floyd) evocando campos de refugiados, bombardeos indiscriminados sobre hospitales y migraciones masivas.\">Un aperitiu agradable que va desembocar a l&#8217;hora anunciada en punt en una performance de la Fura dels Baus (amb tocs de Pink Floyd) evocant camps de refugiats, bombardejos indiscriminats sobre hospitals i migracions massives.<\/span> <span title=\"El camino de la velada estaba ya trazado pero el p\u00fablico todav\u00eda se mostraba fr\u00edo y distante.\">El cam\u00ed de la vetllada estava ja tra\u00e7at per\u00f2 el p\u00fablic encara es mostrava fred i distant.<\/span> <span title=\"Fue el anuncio de Manolo Garc\u00eda con Llu\u00eds Llach el que despert\u00f3 al personal de su sopor.\">Va ser l&#8217;anunci de Manolo Garc\u00eda amb Llu\u00eds Llach el que va despertar el personal del seu sopor.<\/span> <span title=\"Con el ambiente ya caldeado el P\u00e1jaros de barro de Garc\u00eda, palmeado por todos los presentes, inici\u00f3 un ascenso que ya no se iba a detener en toda la velada. \">Amb l&#8217;ambient ja caldejat pels\u00a0P\u00e1jaros de barro de Garcia, acompanyat amb palmes per tots els presents, va iniciar un ascens que ja no s&#8217;aturaria en tota la vetllada.<\/span><\/p>\n<p><span title=\"Paco Ib\u00e1\u00f1ez, acompa\u00f1ado por Marina Rossell, evoc\u00f3 a Alberti y enterr\u00f3 en el mar \u201ca todos los criminales que han provocado esta situaci\u00f3n\u201d.\">Paco Ib\u00e1\u00f1ez, acompanyat per Marina Rossell, va evocar Alberti i va enterrar al mar \u00abtots els criminals que han provocat aquesta situaci\u00f3\u00bb.<\/span> <span title=\"Macaco puso el Sant Jordi en pie y lo hizo botar con la mano levant\u00e1 \u201cpara que nuestros pol\u00edticos se enteren y hagan los cambios que se necesitan para cambiar esta situaci\u00f3n\u201d. \">Macaco va posar el Sant Jordi de peu i ho va fer botar <em>Con la mano levant\u00e0<\/em> \u00abperqu\u00e8 els nostres pol\u00edtics s&#8217;assabentin i facin els canvis que es necessiten per solucionar aquesta situaci\u00f3\u00bb.<\/span><\/p>\n<p><span title=\"Las primeras lucecitas agit\u00e1ndose acompasadamente (ahora son pantallas de m\u00f3vil en vez de las t\u00edpicas candelas y mecheros) aparecieron cuando un coro catal\u00e1n y otro africano entonaron Que tinguem sort tambi\u00e9n de Llach. \">Les primeres llumetes agitant acompassadament (ara s\u00f3n pantalles de m\u00f2bil en lloc de les cl\u00e0ssiques espelmes i encenedors) van apar\u00e8ixer quan un cor catal\u00e0 i un altre afric\u00e0 van entonar <em>Que tinguem sort<\/em> tamb\u00e9 de Llach.<\/span><\/p>\n<p><span title=\"Se habl\u00f3 de racismo, de sexismo, de refugiados, de muerte en el Mediterr\u00e1neo, de Siria, de tragedias humanitarias... entre rock, flamenco, canci\u00f3n y gospel.\">Es va parlar de racisme, de sexisme, de refugiats, de mort a la Mediterr\u00e0nia, de S\u00edria, de trag\u00e8dies humanit\u00e0ries&#8230; entre rock, flamenc, can\u00e7\u00f3 i gospel.<\/span> <span title=\"Con media hora de retraso sobre el horario previsto, justo a la media noche, se alcanz\u00f3 el punto \u00e1lgido, musicalmente hablando, de la velada cuando el escenario se inund\u00f3 de voces conocidas para secundar a Joan Manuel Serrat cantando Mediterr\u00e1neo.\">Amb mitja hora de retard sobre l&#8217;horari previst, just a la mitjanit, es va arribar al punt \u00e0lgid, musicalment parlant, de la vetllada quan l&#8217;escenari es va inundar de veus conegudes per secundar <a href=\"http:\/\/ccaa.elpais.com\/tag\/joan_manuel_serrat\/a\/\" target=\"_blank\">Joan Manuel Serrat<\/a> cantant <em>Mediterr\u00e1neo<\/em>.<\/span> <span title=\"Ismael Serrano, Antonio Orozco, Manolo Garc\u00eda, Marina Rossell y S\u00edlvia Comes, entre otros, secundaron al maestro que se felicit\u00f3 por ver a \u201ctantos implicados en una causa tan humana como es la justicia\u201d, porque acoger a los refugiados no es otra cosa\">Ismael Serrano, Antonio Orozco, Manolo Garc\u00eda, Marina Rossell i S\u00edlvia Comes, entre d&#8217;altres, van secundar el mestre que es va felicitar per veure \u00abtants implicats en una causa tan humana com \u00e9s la just\u00edcia\u00bb, perqu\u00e8 acollir els refugiats no \u00e9s altra cosa<\/span> <span title=\"que un acto de pura justicia.\">que un acte de pura just\u00edcia.<\/span> <span title=\"Serrat pidi\u00f3 que \u201cesa implicaci\u00f3n no acabara con el concierto y siguiera viva despu\u00e9s\u201d mientras los castellers levantaban cuatro torres y el p\u00fablico en pie coreaba Volem acollir. \">Serrat va demanar que \u00abaquesta implicaci\u00f3 no acab\u00e9s amb el concert i segu\u00eds viva despr\u00e9s\u00bb mentre els castellers aixecaven quatre pilars i el p\u00fablic en peu corejava <em>Volem acollir<\/em>.<\/span><\/p>\n<p>Fuente: El Pa\u00eds &#8211; Miquel Jurado &#8211; <a href=\"http:\/\/cat.elpais.com\/cat\/2017\/02\/11\/cultura\/1486828320_540337.html\" target=\"_blank\">ENLACE<\/a>\u00a0&#8211; Foto Anna Ach\u00f3n<\/p>\n<h1 id=\"articulo-titulo\" class=\"articulo-titulo \">Explosi\u00f3n de solidaridad<\/h1>\n<div class=\"articulo-subtitulos\">\n<h2 class=\"articulo-subtitulo\">15.000 personas se movilizan al concierto &#8216;Queremos acoger&#8217;, en el Sant Jordi, en favor de la acogida de migrantes y refugiados<\/h2>\n<\/div>\n<p><span lang=\"ca\" xml:lang=\"ca\"><span title=\"Una pac\u00edfica explosiones solidaridad sacudio el Sant Jordi barcelon\u00e9s en la noche de ayer.\">Una pac\u00edfica explosi\u00f3n de solidaridad sacudi\u00f3 el Sant Jordi barcelon\u00e9s la noche de este s\u00e1bado. <\/span><span title=\"Al grito de &quot;Nuestra casa, casa&quot; (Nuestra casa, Vuestra casa) y de &quot;Queremos acoger&quot; (Querermos ACOG) el actora de anoche miedo las personas refugiadas rompio las fronteras del t\u00edpico concierto solidario para convertirse en una efectiva mezcla de m\u00fasica\">Al grito de \u00abNuestra casa, casa Vuestra\u00bb y de \u00abQueremos acoger\u00bb, el acto por las personas refugiadas rompi\u00f3 las fronteras del t\u00edpico concierto solidario para convertirse en una efectiva mezcla de m\u00fasica <\/span><span title=\"alegre, sentidos y duros discursos (a Menudo en primera persona) y proclamas contra una situaci\u00f3n inaguantable que ninguno de los que podr\u00eda hacerlo parece dispuesta a cambiar.\">alegre, sentimientos y duros discursos (a menudo en primera persona ) y proclamas contra una situaci\u00f3n inaguantable que ninguno de los que podr\u00eda hacerlo parece dispuesto a cambiar. <\/span><span title=\"Gemma Nierga el resumir\u00e9 en uno de sobre parlamentos dirigi\u00e9ndose al p\u00fablico: &quot;estamos HABLANDO de cosas muy tristes pero todos tenes una sonrisa de esperanza&quot;.\">Gemma Nierga lo resumi\u00f3 en uno de sus parlamentos dirigi\u00e9ndose al p\u00fablico: \u00abEstamos hablando de cosas muy tristes pero todos tienen una sonrisa de esperanza\u00bb. <\/span><span title=\"Sin duda la palabra esperanza le gano el pulso ayer noche en toda la dureza de las situaciones en expuestas y denunciadas. \">Sin duda la palabra esperanza le gan\u00f3 el pulso a toda la dureza de las situaciones expuestas y denunciadas.<\/span><\/span><\/p>\n<p><span title=\"El Sant Jordi se Llena ofreciendo sobre mejores galas para la OCASI\u00d3N, las quince mil entradas (entre los 15 y los 60 euros) se habian agotado cono semanas de anticipaci\u00f3n y en el ambiente se mezclaba la euforia cono Una cierta rabia nada contenido ante la impasibilidad\">El Sant Jordi se llen\u00f3 ofreciendo sus mejores galas para la ocasi\u00f3n, las quince mil entradas (entre los 15 y los 60 euros) se hab\u00edan agotado con semanas de anticipaci\u00f3n y al ambiente se mezclaba la euforia con una cierta rabia nada contenida ante la impasibilidad <\/span><span title=\"internacional.\">internacional. <\/span><span title=\"Jordi \u00c9vole cargar contra el palco de Autoridades que &quot;no Hacen nada Escondidos tras la excusa de las competencias Cuando simplemente se trata de incompetencia&quot;.\"><a href=\"http:\/\/ccaa.elpais.com\/tag\/jordi_evole\/a\/\" target=\"_blank\">Jordi \u00c9vole<\/a> carg\u00f3 contra el palco de autoridades que \u00abno hacen nada escondidos tras la excusa de las competencias cuando simplemente se trata de incompetencia\u00bb. <\/span><span title=\"El Mismo \u00c9vole se alegra de ver a los quince mil Asistentes luchando por las personas refugiadas y migrantes: &quot;Esto debe ser inconstitucional&quot;, afirma. \">El mismo \u00c9vole se alegr\u00f3 de ver los quince mil asistentes luchando por las personas refugiadas y migrantes: \u00abEsto debe ser, como m\u00ednimo, inconstitucional\u00bb, afirm\u00f3.<\/span><\/p>\n<p><span title=\"El concierto estaba previsto para las 22 horas pero, como conocidos son los embotellamientos previos a cualquier evento en la monta\u00f1a de Montju\u00efc, el p\u00fablico decidir\u00e9 adelantarse y media hora antes el Sant Jordi ya estaba practicamente Llena.\">El concierto estaba previsto para las 22 horas pero, como conocidos son los atascos previos a cualquier evento en la monta\u00f1a de Montju\u00efc, el p\u00fablico decidi\u00f3 adelantarse y media hora antes en el Sant Jordi ya estaba pr\u00e1cticamente lleno. <\/span><\/p>\n<p>Sorpresa, previ\u00e9ndose el (o simplemente por casualidad), la Barcelona Gypsy Balcan Orchestra ocup\u00f3 a esta hora el escenario animando la espera con un abanico de ritmos tremendamente contagiosos que fueron los bailes gitanos en las canciones de la guerra espa\u00f1ola.<\/p>\n<p><span title=\"Un aperitivo agradable que desemboca en la hora anunciada en punto (exactitud de retransmisiones televisiva) en una performance de la Fura (con tocas a Pink Floyd) evocando campos de refugiados, bombardeos indiscriminados sobre hospitales y migraciones masivas.\">Un aperitivo agradable que desemboc\u00f3 a la hora anunciada en punto en una performance de la Fura (con toques de Pink Floyd) evocando campos de refugiados, bombardeos indiscriminados sobre hospitales y migraciones masivas. <\/span><span title=\"El camino de la velada estaba ya Trazado pero el p\u00fablico Todav\u00eda se mostraba fr\u00edo y distante.\">El camino de la velada estaba ya trazado pero el p\u00fablico todav\u00eda se mostraba fr\u00edo y distante. <\/span><span title=\"Fu\u00e9 el anuncio de Manolo Garc\u00eda con Llu\u00eds Llach lo que despierta el personal de super sopor.\">Fue el anuncio de Manolo Garc\u00eda con Llu\u00eds Llach lo que despert\u00f3 el personal de su sopor. <\/span><span title=\"Con el ambiente ya caldeado el P\u00e1jaros de barro de Garc\u00eda, palmeado por todos los presentes, iniciando un ascenso que ya no se IBA a detener en toda la velada. \">Con el ambiente ya caldeado por los P\u00e1jaros de barro de Garc\u00eda, acompa\u00f1ado con palmas por todos los presentes, inici\u00f3 un ascenso que ya no se detendr\u00eda en toda la velada.<\/span><\/p>\n<p><span title=\"Paco Ib\u00e1\u00f1ez, acompa\u00f1ada por Marina Rossell, evoca en Alberti y enterrado en el mar &quot;a todos los criminales que han provocaci\u00f3n esta situaci\u00f3n&quot;.\">Paco Ib\u00e1\u00f1ez, acompa\u00f1ado por Marina Rossell, evoc\u00f3 Alberti y enterr\u00f3 en el mar \u00abtodos los criminales que han provocado esta situaci\u00f3n\u00bb. <\/span><span title=\"Macaco pus\u00f3 el Sant Jordi en pie y lo hiz\u00f3 saltar con la mano levant\u00e1 &quot;para que Nuestros pol\u00edticos se enteros y Hagan los Cambios que se NECESITAN para cambiar esta situaci\u00f3n&quot;. \">Macaco puso el Sant Jordi de pie y lo hizo saltar <em>Con la mano levant\u00e1<\/em> \u00abpara que nuestros pol\u00edticos se enteren y hagan los cambios que se necesitan para solucionar esta situaci\u00f3n\u00bb.<\/span><\/p>\n<p><span title=\"Las primeras lucecitas agit\u00e1ndose acompasadamente (ahora son pantallas de m\u00f3vil en vez de las t\u00edpicas candelas y mecheros) aparecieron Cuando un coro catal\u00e1n y Otros africano entonaron Que tengamos suerte tamb\u00e9 de Llach. \">Las primeras luces agitando acompasadamente (ahora son pantallas de m\u00f3vil en lugar de las cl\u00e1sicas velas y encendedores) aparecieron cuando un coraz\u00f3n catal\u00e1n y otro africano entonaron <em>Que tengamos suerte<\/em> tambi\u00e9n de Llach.<\/span><\/p>\n<p><span title=\"Se habla de racismo, de sexismo, de refugiados, de muerte en el Mediterr\u00e1neo, de Siria, tragedias humanitarias ... entre rock, flamenco, canci\u00f3n y gospel.\">Se habl\u00f3 de racismo, de sexismo, de refugiados, de muerte en el Mediterr\u00e1neo, de Siria, de tragedias humanitarias &#8230; entre rock, flamenco, canci\u00f3n y gospel. <\/span><span title=\"Con media hora de Retraso sobre el horario previsto, justo a la media noche, se alcanza el punto \u00e1lgido, musicalmente HABLANDO, de la velada Cuando el motoristas se inund\u00f3 de voces conocidas para secundar a Serrat cantando Mediterr\u00e1neo.\">Con media hora de retraso sobre el horario previsto, justo a la medianoche, se lleg\u00f3 al punto \u00e1lgido, musicalmente hablando, de la velada cuando el escenario se inund\u00f3 de voces conocidas para secundar <a href=\"http:\/\/ccaa.elpais.com\/tag\/joan_manuel_serrat\/a\/\" target=\"_blank\">Serrat<\/a> cantando <em>Mediterr\u00e1neo<\/em> . <\/span><span title=\"Ismael Serrano, Antonio Orozco, Manolo Garc\u00eda, Marina Rossell y Silvia Comes, entre Otros, secundaron al maestro que se felicita por ver a &quot;tantos Implicados en una causa tan humana como es la justicia&quot;, Porque ACOG los refugiados no se otra cosa\">Ismael Serrano, Antonio Orozco, Manolo Garc\u00eda, Marina Rossell y S\u00edlvia Comes, entre otros, secundaron el maestro que se felicit\u00f3 por ver \u00abtantos implicados en una causa tan humana como es la justicia\u00bb, porque acoger los refugiados no es otra cosa <\/span><span title=\"que un actora de pura justicia.\">que un acto de pura justicia. <\/span><span title=\"Serrat pidio que &quot;esa implicaciones no acabara con el concierto y siguiera viva despu\u00e9s&quot; Mientras los castellers levantaban cuatro torres y el p\u00fablico en pie coreaba Queremos acoger. \">Serrat pidi\u00f3 que \u00abesta implicaci\u00f3n no acabara con el concierto y siguiera viva despu\u00e9s\u00bb mientras los castellers levantaban cuatro pilares y el p\u00fablico en pie coreaba <em>Queremos acoger<\/em> .<\/span><\/p>\n","protected":false},"excerpt":{"rendered":"<p>15.000 persones es mobilitzen al concert &#8216;Volem acollir&#8217;, al Sant Jordi, en favor de l&#8217;acollida de migrants i refugiats Una pac\u00edfica explosi\u00f3 de solidaritat va sacsejar el Sant Jordi barcelon\u00ed la nit d&#8217;aquest dissabte. Al crit de \u00abCasa nostra, casa Vostra\u00bb i de \u00abVolem acullir\u00bb, l&#8217;acte per les persones refugiades va trencar les fronteres del<a class=\"moretag\" href=\"https:\/\/www.manologarciaycia.com\/?p=16121\" title=\"Explosi\u00f3 de solidaritat \/ Explosi\u00f3n de solidaridad\" target=\"_self\" rel=\"follow\"> <font face=arial size=2>[Leer m\u00e1s]<\/font> <\/a><\/p>\n","protected":false},"author":2,"featured_media":16122,"comment_status":"closed","ping_status":"closed","sticky":false,"template":"","format":"standard","meta":{"footnotes":""},"categories":[1],"tags":[],"class_list":["post-16121","post","type-post","status-publish","format-standard","has-post-thumbnail","hentry","category-manolo-garcia"],"_links":{"self":[{"href":"https:\/\/www.manologarciaycia.com\/index.php?rest_route=\/wp\/v2\/posts\/16121","targetHints":{"allow":["GET"]}}],"collection":[{"href":"https:\/\/www.manologarciaycia.com\/index.php?rest_route=\/wp\/v2\/posts"}],"about":[{"href":"https:\/\/www.manologarciaycia.com\/index.php?rest_route=\/wp\/v2\/types\/post"}],"author":[{"embeddable":true,"href":"https:\/\/www.manologarciaycia.com\/index.php?rest_route=\/wp\/v2\/users\/2"}],"replies":[{"embeddable":true,"href":"https:\/\/www.manologarciaycia.com\/index.php?rest_route=%2Fwp%2Fv2%2Fcomments&post=16121"}],"version-history":[{"count":1,"href":"https:\/\/www.manologarciaycia.com\/index.php?rest_route=\/wp\/v2\/posts\/16121\/revisions"}],"predecessor-version":[{"id":16123,"href":"https:\/\/www.manologarciaycia.com\/index.php?rest_route=\/wp\/v2\/posts\/16121\/revisions\/16123"}],"wp:featuredmedia":[{"embeddable":true,"href":"https:\/\/www.manologarciaycia.com\/index.php?rest_route=\/wp\/v2\/media\/16122"}],"wp:attachment":[{"href":"https:\/\/www.manologarciaycia.com\/index.php?rest_route=%2Fwp%2Fv2%2Fmedia&parent=16121"}],"wp:term":[{"taxonomy":"category","embeddable":true,"href":"https:\/\/www.manologarciaycia.com\/index.php?rest_route=%2Fwp%2Fv2%2Fcategories&post=16121"},{"taxonomy":"post_tag","embeddable":true,"href":"https:\/\/www.manologarciaycia.com\/index.php?rest_route=%2Fwp%2Fv2%2Ftags&post=16121"}],"curies":[{"name":"wp","href":"https:\/\/api.w.org\/{rel}","templated":true}]}}