{"id":16077,"date":"1992-01-01T11:27:12","date_gmt":"1992-01-01T10:27:12","guid":{"rendered":"http:\/\/www.manologarciaycia.com\/?p=16077"},"modified":"2017-02-02T10:24:53","modified_gmt":"2017-02-02T09:24:53","slug":"el-ultimo-de-la-fila-un-ano-de-rock-1991","status":"publish","type":"post","link":"https:\/\/www.manologarciaycia.com\/?p=16077","title":{"rendered":"El \u00daltimo de la Fila: Un a\u00f1o de Rock 1991"},"content":{"rendered":"<h3>Algo extra\u00f1o sucede, hay una especie de consenso por parte de la critica: caen bien, son gente sencilla, han trabajado duro, dedican sus discos a causas nobles como la ecolog\u00eda&#8230; adem\u00e1s, su m\u00fasica es excelente, tanto en disco como en directo.<\/h3>\n<p><img loading=\"lazy\" decoding=\"async\" class=\"aligncenter size-full wp-image-16079\" src=\"http:\/\/www.manologarciaycia.com\/wp-content\/uploads\/2017\/01\/16108021_10158151017255038_179572529_o.jpg\" alt=\"\" width=\"1152\" height=\"1671\" srcset=\"https:\/\/www.manologarciaycia.com\/wp-content\/uploads\/2017\/01\/16108021_10158151017255038_179572529_o.jpg 1152w, https:\/\/www.manologarciaycia.com\/wp-content\/uploads\/2017\/01\/16108021_10158151017255038_179572529_o-345x500.jpg 345w, https:\/\/www.manologarciaycia.com\/wp-content\/uploads\/2017\/01\/16108021_10158151017255038_179572529_o-768x1114.jpg 768w, https:\/\/www.manologarciaycia.com\/wp-content\/uploads\/2017\/01\/16108021_10158151017255038_179572529_o-706x1024.jpg 706w, https:\/\/www.manologarciaycia.com\/wp-content\/uploads\/2017\/01\/16108021_10158151017255038_179572529_o-695x1008.jpg 695w, https:\/\/www.manologarciaycia.com\/wp-content\/uploads\/2017\/01\/16108021_10158151017255038_179572529_o-930x1349.jpg 930w\" sizes=\"auto, (max-width: 1152px) 100vw, 1152px\" \/><\/p>\n<p>La suya es la historia del triunfo a base del trabajo serio, constante y honesto de dos chicos que siempre han cre\u00eddo en lo que hac\u00edan. \u00bfQu\u00e9 con eso han perdido su ingenuidad, su inocencia? Seguro, pero quiz\u00e1 sea ese el precio. A cambio, est\u00e1n sobrados de experiencia, astucia, profesionalidad, sin perder sensibilidad, capacidad de emocionarse y de emocionar al p\u00fablico. Han sido a\u00f1os dif\u00edciles, pero ha merecido la pena, y el fruto es una serie de canciones irrepetibles&#8230;<\/p>\n<p>Ahora son \u00abviejos zorros\u00bb, no aceptan ning\u00fan tipo de manipulaci\u00f3n, lo controlan absolutamente todo: producci\u00f3n, marketing, promoci\u00f3n, incluso ha creado su propia compa\u00f1\u00eda de discos -PERRO Records-, que s\u00f3lo editara discos de El \u00daltimo de la Fila, al menos por el momento. Pero, \u00bfes l\u00f3gico ese miedo a que alguien pueda manejar el grupo a su antojo? Sea lo que sea, ellos tienen la \u00faltima palabra, y no s\u00f3lo la \u00faltima.<\/p>\n<p>Creo que hay dos momentos clave en la carrera de El \u00daltimo de la Fila, si bien cuando ambos ocurrieron el grupo estaba ya m\u00e1s que consolidado en Espa\u00f1a. Las ventas de su disco \u00abComo la cabeza al sombrero\u00bb lo demostraban. El primero fue su participaci\u00f3n en el concierto de Amnist\u00eda Internacional el 10 de septiembre de 1988 en Barcelona: nunca hab\u00edan actuado ante tanta gente, pero fueron uno mas entre los monstruos de la talla de Bruce Springsteen o Sting. El segundo, los conciertos de Madrid, del 3 al 8 de febrero de 1989. Por un lado, la calidad: ofrecieron una serie de conciertos magn\u00edficos, en los que probaron que son uno de los mejores grupos espa\u00f1oles. Por otro, el \u00e9xito de p\u00fablico: llenaron el Pabell\u00f3n de Deportes del Real Madrid durante seis noches consecutivas. En tercer lugar, consiguieron tener a toda la critica de Madrid a sus pies; durante unos d\u00edas la cr\u00e9me de los medios de comunicaci\u00f3n no hablo de otra cosa. Por \u00faltimo, esos ya legendarios d\u00edas de concierto se convirtieron en un desfile de casas discogr\u00e1ficas. Todos los ejecutivos se turnaban para elogiar al grupo e intentar obtener el ansiado contrato. Sin embargo, Manolo y Quimi lo ten\u00edan claro.<\/p>\n<p>\u00daltimamente se muestran muy concienciados con los problemas de la naturaleza. A la entrada de sus conciertos se pueden ver stands en los que se recogen fondos para ayudar a distintos grupos ecologistas; adem\u00e1s, Manolo, desde el escenario, anima al publico a colaborar con ellos. No contentos con esto, han querido utilizar como soporte sus discos para dejar espacio a veinte organizaciones: Amnist\u00eda Internacional, Greenpeace, y una serie de asociaciones ecologistas de toda Espa\u00f1a. Junto a ellas, se puede leer una frase: \u00abfeliz el que, alejado de negocios, como en remoto tiempo de los mortales, paternos campos con sus bueyes ara y no rinde a la usura vasallaje\u00bb.<\/p>\n<p>\u00bfAspiraciones ut\u00f3picas? El grupo ha manifestado inter\u00e9s por darse a conocer m\u00e1s all\u00e1 de nuestras fronteras. De hecho, han emprendido ya su \u00abaventura europea\u00bb, y no olvidemos su participaci\u00f3n, junto a Camar\u00f3n y Ketama, en la noche espa\u00f1ola del New Music Seminar en Nueva York. En principio la m\u00fasica de El \u00daltimo de la Fila deber\u00eda de cuajar en el extranjero: ra\u00edces latinas, influencias de pop y rock, todo con un toque muy personal. Sin embargo, el problema son las letras. Por eso han grabado el nuevo disco en ingl\u00e9s, \u00abNuevo Peque\u00f1o Catalogo de Seres y Estares\u00bb. Para m\u00ed no hay duda: y es que una cosa es ser El \u00daltimo de la Fila y otra muy distinta estar el \u00faltimo de la fila. En algunos pa\u00edses todav\u00eda no lo han comprendido. Alguien tendr\u00e1 que explic\u00e1rselo.<\/p>\n<p><img loading=\"lazy\" decoding=\"async\" class=\"aligncenter size-full wp-image-16080\" src=\"http:\/\/www.manologarciaycia.com\/wp-content\/uploads\/2017\/01\/16251273_10158192180390038_552180487_o.jpg\" alt=\"\" width=\"1152\" height=\"2048\" srcset=\"https:\/\/www.manologarciaycia.com\/wp-content\/uploads\/2017\/01\/16251273_10158192180390038_552180487_o.jpg 1152w, https:\/\/www.manologarciaycia.com\/wp-content\/uploads\/2017\/01\/16251273_10158192180390038_552180487_o-281x500.jpg 281w, https:\/\/www.manologarciaycia.com\/wp-content\/uploads\/2017\/01\/16251273_10158192180390038_552180487_o-768x1365.jpg 768w, https:\/\/www.manologarciaycia.com\/wp-content\/uploads\/2017\/01\/16251273_10158192180390038_552180487_o-576x1024.jpg 576w, https:\/\/www.manologarciaycia.com\/wp-content\/uploads\/2017\/01\/16251273_10158192180390038_552180487_o-695x1236.jpg 695w, https:\/\/www.manologarciaycia.com\/wp-content\/uploads\/2017\/01\/16251273_10158192180390038_552180487_o-930x1653.jpg 930w\" sizes=\"auto, (max-width: 1152px) 100vw, 1152px\" \/><\/p>\n<p>Fotos aportadas por Marco Jim\u00e9nez &#8211; Art\u00edculo de M\u00f3nica Navarro en Un A\u00f1o de Rock 1991<\/p>\n","protected":false},"excerpt":{"rendered":"<p>Algo extra\u00f1o sucede, hay una especie de consenso por parte de la critica: caen bien, son gente sencilla, han trabajado duro, dedican sus discos a causas nobles como la ecolog\u00eda&#8230; adem\u00e1s, su m\u00fasica es excelente, tanto en disco como en directo. La suya es la historia del triunfo a base del trabajo serio, constante y<a class=\"moretag\" href=\"https:\/\/www.manologarciaycia.com\/?p=16077\" title=\"El \u00daltimo de la Fila: Un a\u00f1o de Rock 1991\" target=\"_self\" rel=\"follow\"> <font face=arial size=2>[Leer m\u00e1s]<\/font> <\/a><\/p>\n","protected":false},"author":2,"featured_media":16078,"comment_status":"closed","ping_status":"closed","sticky":false,"template":"","format":"standard","meta":{"footnotes":""},"categories":[3,1,9],"tags":[],"class_list":["post-16077","post","type-post","status-publish","format-standard","has-post-thumbnail","hentry","category-el-ultimo-de-la-fila","category-manolo-garcia","category-qumi-portet"],"_links":{"self":[{"href":"https:\/\/www.manologarciaycia.com\/index.php?rest_route=\/wp\/v2\/posts\/16077","targetHints":{"allow":["GET"]}}],"collection":[{"href":"https:\/\/www.manologarciaycia.com\/index.php?rest_route=\/wp\/v2\/posts"}],"about":[{"href":"https:\/\/www.manologarciaycia.com\/index.php?rest_route=\/wp\/v2\/types\/post"}],"author":[{"embeddable":true,"href":"https:\/\/www.manologarciaycia.com\/index.php?rest_route=\/wp\/v2\/users\/2"}],"replies":[{"embeddable":true,"href":"https:\/\/www.manologarciaycia.com\/index.php?rest_route=%2Fwp%2Fv2%2Fcomments&post=16077"}],"version-history":[{"count":1,"href":"https:\/\/www.manologarciaycia.com\/index.php?rest_route=\/wp\/v2\/posts\/16077\/revisions"}],"predecessor-version":[{"id":16081,"href":"https:\/\/www.manologarciaycia.com\/index.php?rest_route=\/wp\/v2\/posts\/16077\/revisions\/16081"}],"wp:featuredmedia":[{"embeddable":true,"href":"https:\/\/www.manologarciaycia.com\/index.php?rest_route=\/wp\/v2\/media\/16078"}],"wp:attachment":[{"href":"https:\/\/www.manologarciaycia.com\/index.php?rest_route=%2Fwp%2Fv2%2Fmedia&parent=16077"}],"wp:term":[{"taxonomy":"category","embeddable":true,"href":"https:\/\/www.manologarciaycia.com\/index.php?rest_route=%2Fwp%2Fv2%2Fcategories&post=16077"},{"taxonomy":"post_tag","embeddable":true,"href":"https:\/\/www.manologarciaycia.com\/index.php?rest_route=%2Fwp%2Fv2%2Ftags&post=16077"}],"curies":[{"name":"wp","href":"https:\/\/api.w.org\/{rel}","templated":true}]}}