{"id":16065,"date":"2017-01-15T10:41:12","date_gmt":"2017-01-15T09:41:12","guid":{"rendered":"http:\/\/www.manologarciaycia.com\/?p=16065"},"modified":"2017-01-15T10:41:12","modified_gmt":"2017-01-15T09:41:12","slug":"mediterraneo-joan-manel-serrat-volemacollir-con-manolo-garcia-y-mas","status":"publish","type":"post","link":"https:\/\/www.manologarciaycia.com\/?p=16065","title":{"rendered":"Mediterraneo, Joan Manel Serrat #VolemAcollir, con Manolo Garc\u00eda y m\u00e1s&#8230;"},"content":{"rendered":"<div class=\"\" data-block=\"true\" data-editor=\"49ibm\" data-offset-key=\"6qlup-0-0\">\n<div class=\"_1mf _1mj\" data-offset-key=\"6qlup-0-0\"><span data-offset-key=\"6qlup-0-0\">La nueva versi\u00f3n de Mediterraneo (Serrat) para <\/span><span class=\"_5u8n\" spellcheck=\"false\" data-offset-key=\"6qlup-1-0\"><span data-offset-key=\"6qlup-1-0\">#VolemAcollir<\/span><\/span> <span class=\"_5u8u\" spellcheck=\"false\" data-offset-key=\"6qlup-3-0\"><span data-offset-key=\"6qlup-3-0\">Casa nostra, casa vostra<\/span><\/span> <span class=\"_5u8n\" spellcheck=\"false\" data-offset-key=\"6qlup-5-0\"><span data-offset-key=\"6qlup-5-0\">#Refugiados<\/span><\/span><span data-offset-key=\"6qlup-6-0\"> con Manolo Garc\u00eda y m\u00e1s:<\/span><\/div>\n<\/div>\n<div class=\"\" data-block=\"true\" data-editor=\"49ibm\" data-offset-key=\"bofau-0-0\">\n<div class=\"_1mf _1mj\" data-offset-key=\"bofau-0-0\"><span data-offset-key=\"bofau-0-0\">\u00a0<\/span><\/div>\n<\/div>\n<div class=\"\" data-block=\"true\" data-editor=\"49ibm\" data-offset-key=\"6safk-0-0\">\n<div class=\"_1mf _1mj\" data-offset-key=\"6safk-0-0\"><span data-offset-key=\"6safk-0-0\">Joan Manuel Serrat, Judit Neddermann, Sidonie, Manolo Garcia, Ismael Serrano, Gemma Humet, Gossos, Els Amics de les Arts, Jofre Bardag\u00ed, Antonio Orozco, Pablo L\u00f3pez, Joana Serrat, Shuarma, El\u00e8ctrica Dharma, Santi Balmes, Marina Rossell, Estopa, Manu Guix i Feras Almalat.<\/span><\/div>\n<\/div>\n<div class=\"\" data-block=\"true\" data-editor=\"49ibm\" data-offset-key=\"ank0g-0-0\">\n<div class=\"_1mf _1mj\" data-offset-key=\"ank0g-0-0\"><span data-offset-key=\"ank0g-0-0\">Guitarra: Luis Robisco Bateria: Pere Fovet Baix: Jordi Franco<\/span><\/div>\n<\/div>\n<div class=\"\" data-block=\"true\" data-editor=\"49ibm\" data-offset-key=\"8tclf-0-0\">\n<div class=\"_1mf _1mj\" data-offset-key=\"8tclf-0-0\"><span data-offset-key=\"8tclf-0-0\">\u00a0<\/span><\/div>\n<\/div>\n<div class=\"\" data-block=\"true\" data-editor=\"49ibm\" data-offset-key=\"3sirc-0-0\">\n<div class=\"_1mf _1mj\" data-offset-key=\"3sirc-0-0\"><span data-offset-key=\"3sirc-0-0\">Direcci\u00f3 i producci\u00f3 musical, piano i teclats: Manu Guix.<\/span><\/div>\n<\/div>\n<div class=\"\" data-block=\"true\" data-editor=\"49ibm\" data-offset-key=\"f3122-0-0\">\n<div class=\"_1mf _1mj\" data-offset-key=\"f3122-0-0\"><span data-offset-key=\"f3122-0-0\">\u00a0<\/span><\/div>\n<\/div>\n<div class=\"\" data-block=\"true\" data-editor=\"49ibm\" data-offset-key=\"6chbq-0-0\">\n<div class=\"_1mf _1mj\" data-offset-key=\"6chbq-0-0\"><span data-offset-key=\"6chbq-0-0\">Producci\u00f3: CanetRock <\/span><\/div>\n<\/div>\n<div class=\"\" data-block=\"true\" data-editor=\"49ibm\" data-offset-key=\"8k5sj-0-0\">\n<div class=\"_1mf _1mj\" data-offset-key=\"8k5sj-0-0\"><span data-offset-key=\"8k5sj-0-0\">Gemma Recoder, Marina Portabella, Laura Duran, Ignasi Termes i Joel Fortuny<\/span><\/div>\n<\/div>\n<div class=\"\" data-block=\"true\" data-editor=\"49ibm\" data-offset-key=\"foh3k-0-0\">\n<div class=\"_1mf _1mj\" data-offset-key=\"foh3k-0-0\"><span data-offset-key=\"foh3k-0-0\">\u00a0<\/span><\/div>\n<\/div>\n<div class=\"\" data-block=\"true\" data-editor=\"49ibm\" data-offset-key=\"a4ud3-0-0\">\n<div class=\"_1mf _1mj\" data-offset-key=\"a4ud3-0-0\"><span data-offset-key=\"a4ud3-0-0\">Videoclip:<\/span><\/div>\n<\/div>\n<div class=\"\" data-block=\"true\" data-editor=\"49ibm\" data-offset-key=\"82r4b-0-0\">\n<div class=\"_1mf _1mj\" data-offset-key=\"82r4b-0-0\"><span data-offset-key=\"82r4b-0-0\">Director: Marc Barcel\u00f3<\/span><\/div>\n<\/div>\n<div class=\"\" data-block=\"true\" data-editor=\"49ibm\" data-offset-key=\"db0og-0-0\">\n<div class=\"_1mf _1mj\" data-offset-key=\"db0og-0-0\"><span data-offset-key=\"db0og-0-0\">Directora de foto: Sandra Formatger<\/span><\/div>\n<\/div>\n<div class=\"\" data-block=\"true\" data-editor=\"49ibm\" data-offset-key=\"f8dmd-0-0\">\n<div class=\"_1mf _1mj\" data-offset-key=\"f8dmd-0-0\"><span data-offset-key=\"f8dmd-0-0\">Producci\u00f3: Ignasi Termes<\/span><\/div>\n<\/div>\n<div class=\"\" data-block=\"true\" data-editor=\"49ibm\" data-offset-key=\"cekrb-0-0\">\n<div class=\"_1mf _1mj\" data-offset-key=\"cekrb-0-0\"><span data-offset-key=\"cekrb-0-0\">Edici\u00f3: J\u00falia Bagaria<\/span><\/div>\n<\/div>\n<div class=\"\" data-block=\"true\" data-editor=\"49ibm\" data-offset-key=\"cgrn4-0-0\">\n<div class=\"_1mf _1mj\" data-offset-key=\"cgrn4-0-0\"><span data-offset-key=\"cgrn4-0-0\">Operadors de c\u00e0mera: Sandra Formatger, Thomas Barrera i Nacho Recoder<\/span><\/div>\n<\/div>\n<div class=\"\" data-block=\"true\" data-editor=\"49ibm\" data-offset-key=\"bjbtr-0-0\">\n<div class=\"_1mf _1mj\" data-offset-key=\"bjbtr-0-0\"><span data-offset-key=\"bjbtr-0-0\">Ajudant de c\u00e0mera: J\u00falia Jan\u00e9<\/span><\/div>\n<\/div>\n<div class=\"\" data-block=\"true\" data-editor=\"49ibm\" data-offset-key=\"85alb-0-0\">\n<div class=\"_1mf _1mj\" data-offset-key=\"85alb-0-0\"><span data-offset-key=\"85alb-0-0\">El\u00e8ctrics: Toni Alcalde i C\u00e0stor P\u00e9rez<\/span><\/div>\n<\/div>\n<div class=\"\" data-block=\"true\" data-editor=\"49ibm\" data-offset-key=\"1durn-0-0\">\n<div class=\"_1mf _1mj\" data-offset-key=\"1durn-0-0\"><span data-offset-key=\"1durn-0-0\">Art: Laia Pallar\u00e8s i \u00c8lia Basullas<\/span><\/div>\n<\/div>\n<div class=\"\" data-block=\"true\" data-editor=\"49ibm\" data-offset-key=\"85i6l-0-0\">\n<div class=\"_1mf _1mj\" data-offset-key=\"85i6l-0-0\"><span data-offset-key=\"85i6l-0-0\">Colorista: Juanma Requena<\/span><\/div>\n<\/div>\n<div class=\"\" data-block=\"true\" data-editor=\"49ibm\" data-offset-key=\"3novq-0-0\">\n<div class=\"_1mf _1mj\" data-offset-key=\"3novq-0-0\"><span data-offset-key=\"3novq-0-0\">Making of i desc\u00e0rregues: J\u00falia Gir\u00f3<\/span><\/div>\n<\/div>\n<div class=\"\" data-block=\"true\" data-editor=\"49ibm\" data-offset-key=\"95g2h-0-0\">\n<div class=\"_1mf _1mj\" data-offset-key=\"95g2h-0-0\"><span data-offset-key=\"95g2h-0-0\">Maquillatge: S\u00edlvia Ribera i Jen de la Cruz<\/span><\/div>\n<\/div>\n<div class=\"\" data-block=\"true\" data-editor=\"49ibm\" data-offset-key=\"2vvd9-0-0\">\n<div class=\"_1mf _1mj\" data-offset-key=\"2vvd9-0-0\"><span data-offset-key=\"2vvd9-0-0\">Fot\u00f2graf: Toni Foixench<\/span><\/div>\n<\/div>\n<div class=\"\" data-block=\"true\" data-editor=\"49ibm\" data-offset-key=\"8ap8r-0-0\">\n<div class=\"_1mf _1mj\" data-offset-key=\"8ap8r-0-0\"><span data-offset-key=\"8ap8r-0-0\">Agra\u00efments: Albert Segura, Oriol Bonals, Sandra Ramionet, Laura Arau.<\/span><\/div>\n<\/div>\n<div class=\"\" data-block=\"true\" data-editor=\"49ibm\" data-offset-key=\"ebc3g-0-0\">\n<div class=\"_1mf _1mj\" data-offset-key=\"ebc3g-0-0\"><span data-offset-key=\"ebc3g-0-0\">Material t\u00e8cnic: Movie Men, La C\u00e1psula i 16Nou<\/span><\/div>\n<\/div>\n","protected":false},"excerpt":{"rendered":"<p>La nueva versi\u00f3n de Mediterraneo (Serrat) para #VolemAcollir Casa nostra, casa vostra #Refugiados con Manolo Garc\u00eda y m\u00e1s: \u00a0 Joan Manuel Serrat, Judit Neddermann, Sidonie, Manolo Garcia, Ismael Serrano, Gemma Humet, Gossos, Els Amics de les Arts, Jofre Bardag\u00ed, Antonio Orozco, Pablo L\u00f3pez, Joana Serrat, Shuarma, El\u00e8ctrica Dharma, Santi Balmes, Marina Rossell, Estopa, Manu Guix<a class=\"moretag\" href=\"https:\/\/www.manologarciaycia.com\/?p=16065\" title=\"Mediterraneo, Joan Manel Serrat #VolemAcollir, con Manolo Garc\u00eda y m\u00e1s&#8230;\" target=\"_self\" rel=\"follow\"> <font face=arial size=2>[Leer m\u00e1s]<\/font> <\/a><\/p>\n","protected":false},"author":2,"featured_media":0,"comment_status":"closed","ping_status":"closed","sticky":false,"template":"","format":"video","meta":{"footnotes":""},"categories":[1,23],"tags":[],"class_list":["post-16065","post","type-post","status-publish","format-video","hentry","category-manolo-garcia","category-otros","post_format-post-format-video"],"_links":{"self":[{"href":"https:\/\/www.manologarciaycia.com\/index.php?rest_route=\/wp\/v2\/posts\/16065","targetHints":{"allow":["GET"]}}],"collection":[{"href":"https:\/\/www.manologarciaycia.com\/index.php?rest_route=\/wp\/v2\/posts"}],"about":[{"href":"https:\/\/www.manologarciaycia.com\/index.php?rest_route=\/wp\/v2\/types\/post"}],"author":[{"embeddable":true,"href":"https:\/\/www.manologarciaycia.com\/index.php?rest_route=\/wp\/v2\/users\/2"}],"replies":[{"embeddable":true,"href":"https:\/\/www.manologarciaycia.com\/index.php?rest_route=%2Fwp%2Fv2%2Fcomments&post=16065"}],"version-history":[{"count":1,"href":"https:\/\/www.manologarciaycia.com\/index.php?rest_route=\/wp\/v2\/posts\/16065\/revisions"}],"predecessor-version":[{"id":16066,"href":"https:\/\/www.manologarciaycia.com\/index.php?rest_route=\/wp\/v2\/posts\/16065\/revisions\/16066"}],"wp:attachment":[{"href":"https:\/\/www.manologarciaycia.com\/index.php?rest_route=%2Fwp%2Fv2%2Fmedia&parent=16065"}],"wp:term":[{"taxonomy":"category","embeddable":true,"href":"https:\/\/www.manologarciaycia.com\/index.php?rest_route=%2Fwp%2Fv2%2Fcategories&post=16065"},{"taxonomy":"post_tag","embeddable":true,"href":"https:\/\/www.manologarciaycia.com\/index.php?rest_route=%2Fwp%2Fv2%2Ftags&post=16065"}],"curies":[{"name":"wp","href":"https:\/\/api.w.org\/{rel}","templated":true}]}}