{"id":16041,"date":"2017-01-05T10:12:16","date_gmt":"2017-01-05T09:12:16","guid":{"rendered":"http:\/\/www.manologarciaycia.com\/?p=16041"},"modified":"2017-01-05T10:15:12","modified_gmt":"2017-01-05T09:15:12","slug":"serrat-graba-una-version-inedita-de-mediterraneo-dedicada-a-los-refugiados","status":"publish","type":"post","link":"https:\/\/www.manologarciaycia.com\/?p=16041","title":{"rendered":"Serrat graba una versi\u00f3n in\u00e9dita de &#8216;Mediterr\u00e1neo&#8217; dedicada a los refugiados"},"content":{"rendered":"<p>En la canci\u00f3n intervienen tambi\u00e9n artistas como Manolo Garc\u00eda, Estopa y Antonio Orozco.<\/p>\n<p>El cantautor ha pensado, asegura, \u00aben las personas que cruzan el mar en busca de una vida mejor\u00bb.<\/p>\n<p>Complementa al concierto que acoger\u00e1 el Palau Sant Jordi de Barcelona el 11 de febrero.<\/p>\n<p>El cantante Joan Manuel Serrat ha grabado en la tarde del mi\u00e9rcoles una versi\u00f3n colectiva in\u00e9dita de su tema Mediterr\u00e1neo, acompa\u00f1ado de otros artistas como Manolo Garc\u00eda, Estopa, Els Amics de les Arts, Ismael Serrano y Antonio Orozco, para dar su apoyo al Gran Concierto para las Personas Refugiadas. El pr\u00f3ximo d\u00eda 11 de febrero, el Palau Sant Jordi de Barcelona acoger\u00e1 este concierto, organizado por la asociaci\u00f3n Casa nostra, casa vostra, en el que est\u00e1 previsto que una cincuentena de artistas suban al escenario y que todos los beneficios que se obtengan por la venta de entradas se destinen a organizaciones que trabajan en migraci\u00f3n y refugio. Serrat se ha sumado a la iniciativa y ha vuelto a grabar Mediterr\u00e1neo pensando \u00aben las personas que cruzan el mar en busca de una vida mejor\u00bb, seg\u00fan un comunicado de prensa de los organizadores del concierto, donde se dar\u00e1 a conocer esta nueva versi\u00f3n con la proyecci\u00f3n de un v\u00eddeo.<\/p>\n<p><img loading=\"lazy\" decoding=\"async\" class=\"aligncenter size-full wp-image-16045\" src=\"http:\/\/www.manologarciaycia.com\/wp-content\/uploads\/2017\/01\/serrat2.jpg\" alt=\"\" width=\"960\" height=\"436\" srcset=\"https:\/\/www.manologarciaycia.com\/wp-content\/uploads\/2017\/01\/serrat2.jpg 960w, https:\/\/www.manologarciaycia.com\/wp-content\/uploads\/2017\/01\/serrat2-500x227.jpg 500w, https:\/\/www.manologarciaycia.com\/wp-content\/uploads\/2017\/01\/serrat2-768x349.jpg 768w, https:\/\/www.manologarciaycia.com\/wp-content\/uploads\/2017\/01\/serrat2-695x316.jpg 695w, https:\/\/www.manologarciaycia.com\/wp-content\/uploads\/2017\/01\/serrat2-930x422.jpg 930w\" sizes=\"auto, (max-width: 960px) 100vw, 960px\" \/><\/p>\n<p>Junto al barcelon\u00e9s han actuado, adem\u00e1s de los citados artistas, otros grupos y cantantes como Pablo L\u00f3pez, Gossos, Marina Rossell, El\u00e8ctrica Dharma, Judit Neddermann, Joana Serrat, Sidonie, Santi Balmes, Jofre Bardag\u00ed, Gemma Humet, Shuarma y Manu Guix.<\/p>\n<p>La grabaci\u00f3n se ha llevado a cabo en los estudios Medusa de Barcelona. Los organizadores dieron a conocer el martes los primeros confirmados del acto: Llu\u00eds Llach junto a S\u00edlvia Bel, Manolo Garc\u00eda, Macaco, S\u00edlvia P\u00e9rez Cruz y La Fura dels Baus. La iniciativa, que cuenta con la producci\u00f3n de Primavera Sound y la participaci\u00f3n de Canet Rock y Clippers, forma parte de la campa\u00f1a Catalunya per l&#8217;acollida (Catalu\u00f1a por la acogida), que tambi\u00e9n organizar\u00e1 una manifestaci\u00f3n el s\u00e1bado 18 de febrero. Un enorme montaje de La Fura dels Baus ser\u00e1 el hilo conductor del concierto.<\/p>\n<p>Fuente : 20 Minutos &#8211; <a href=\"http:\/\/www.20minutos.es\/noticia\/2926920\/0\/serrat-graba-version-inedita-mediterraneo-dedicada-refugiados\/\" target=\"_blank\">ENLACE<\/a><\/p>\n","protected":false},"excerpt":{"rendered":"<p>En la canci\u00f3n intervienen tambi\u00e9n artistas como Manolo Garc\u00eda, Estopa y Antonio Orozco. El cantautor ha pensado, asegura, \u00aben las personas que cruzan el mar en busca de una vida mejor\u00bb. Complementa al concierto que acoger\u00e1 el Palau Sant Jordi de Barcelona el 11 de febrero. El cantante Joan Manuel Serrat ha grabado en la<a class=\"moretag\" href=\"https:\/\/www.manologarciaycia.com\/?p=16041\" title=\"Serrat graba una versi\u00f3n in\u00e9dita de &#8216;Mediterr\u00e1neo&#8217; dedicada a los refugiados\" target=\"_self\" rel=\"follow\"> <font face=arial size=2>[Leer m\u00e1s]<\/font> <\/a><\/p>\n","protected":false},"author":2,"featured_media":16043,"comment_status":"closed","ping_status":"closed","sticky":false,"template":"","format":"standard","meta":{"footnotes":""},"categories":[1],"tags":[],"class_list":["post-16041","post","type-post","status-publish","format-standard","has-post-thumbnail","hentry","category-manolo-garcia"],"_links":{"self":[{"href":"https:\/\/www.manologarciaycia.com\/index.php?rest_route=\/wp\/v2\/posts\/16041","targetHints":{"allow":["GET"]}}],"collection":[{"href":"https:\/\/www.manologarciaycia.com\/index.php?rest_route=\/wp\/v2\/posts"}],"about":[{"href":"https:\/\/www.manologarciaycia.com\/index.php?rest_route=\/wp\/v2\/types\/post"}],"author":[{"embeddable":true,"href":"https:\/\/www.manologarciaycia.com\/index.php?rest_route=\/wp\/v2\/users\/2"}],"replies":[{"embeddable":true,"href":"https:\/\/www.manologarciaycia.com\/index.php?rest_route=%2Fwp%2Fv2%2Fcomments&post=16041"}],"version-history":[{"count":2,"href":"https:\/\/www.manologarciaycia.com\/index.php?rest_route=\/wp\/v2\/posts\/16041\/revisions"}],"predecessor-version":[{"id":16046,"href":"https:\/\/www.manologarciaycia.com\/index.php?rest_route=\/wp\/v2\/posts\/16041\/revisions\/16046"}],"wp:featuredmedia":[{"embeddable":true,"href":"https:\/\/www.manologarciaycia.com\/index.php?rest_route=\/wp\/v2\/media\/16043"}],"wp:attachment":[{"href":"https:\/\/www.manologarciaycia.com\/index.php?rest_route=%2Fwp%2Fv2%2Fmedia&parent=16041"}],"wp:term":[{"taxonomy":"category","embeddable":true,"href":"https:\/\/www.manologarciaycia.com\/index.php?rest_route=%2Fwp%2Fv2%2Fcategories&post=16041"},{"taxonomy":"post_tag","embeddable":true,"href":"https:\/\/www.manologarciaycia.com\/index.php?rest_route=%2Fwp%2Fv2%2Ftags&post=16041"}],"curies":[{"name":"wp","href":"https:\/\/api.w.org\/{rel}","templated":true}]}}