{"id":1604,"date":"2011-10-06T12:06:11","date_gmt":"2011-10-06T11:06:11","guid":{"rendered":"http:\/\/petaos.net\/?p=1604"},"modified":"2011-10-07T11:59:02","modified_gmt":"2011-10-07T10:59:02","slug":"mg-aparicion-de-manolo-garcia-en-redes-capitulo-105","status":"publish","type":"post","link":"https:\/\/www.manologarciaycia.com\/?p=1604","title":{"rendered":"MG: Aparici\u00f3n de Manolo Garcia en Redes capitulo 105"},"content":{"rendered":"<p>El pr\u00f3ximo domingo 9 de Octubre 21:30 horas en La 2 de RTVE: Redes cap\u00edtulo 105: M\u00fasica, emociones y neurociencia. Aparici\u00f3n de Manolo Garc\u00eda. <a href='http:\/\/www.rtve.es\/television\/redes\/'>Enlace<\/a> a Redes.<\/p>\n<p>En ese programa, analizaremos c\u00f3mo el cine se aprovecha del poder de la m\u00fasica para dirigir a los espectadores y el cantante Manolo Garc\u00eda nos explicar\u00e1 la uni\u00f3n que experimentan los m\u00fasicos con su p\u00fablico en los recitales.<\/p>\n<p>\u00bfQu\u00e9 canci\u00f3n te pone la piel de gallina? \u00bfTe has preguntado qu\u00e9 emociones te evoca esa melod\u00eda? Porque si algo es evidente, es que la m\u00fasica es capaz de desatarnos una cascada de emociones con mayor efectividad que otros tipos de arte. El pr\u00f3ximo domingo, Eduard Punset hablar\u00e1 de todo ello con el neurocient\u00edfico y profesor de psicolog\u00eda de la m\u00fasica Stefan Koelsch, de la Freie Universit\u00e4t Berlin.<\/p>\n<p>Fuente: RTVE &#8211; Enlace al programa en concreto, dentro del blog de <a href='http:\/\/www.redesparalaciencia.com\/6205\/1\/domingo-redes-105-musica-emociones-y-neurociencia'> REDES <\/a><\/p>\n","protected":false},"excerpt":{"rendered":"<p>El pr\u00f3ximo domingo 9 de Octubre 21:30 horas en La 2 de RTVE: Redes cap\u00edtulo 105: M\u00fasica, emociones y neurociencia. Aparici\u00f3n de Manolo Garc\u00eda. Enlace a Redes. En ese programa, analizaremos c\u00f3mo el cine se aprovecha del poder de la m\u00fasica para dirigir a los espectadores y el cantante Manolo Garc\u00eda nos explicar\u00e1 la uni\u00f3n<a class=\"moretag\" href=\"https:\/\/www.manologarciaycia.com\/?p=1604\" title=\"MG: Aparici\u00f3n de Manolo Garcia en Redes capitulo 105\" target=\"_self\" rel=\"follow\"> <font face=arial size=2>[Leer m\u00e1s]<\/font> <\/a><\/p>\n","protected":false},"author":2,"featured_media":0,"comment_status":"closed","ping_status":"closed","sticky":false,"template":"","format":"standard","meta":{"footnotes":""},"categories":[1],"tags":[252],"class_list":["post-1604","post","type-post","status-publish","format-standard","hentry","category-manolo-garcia","tag-manolo-garcia-rtve-musica-punset-redes"],"_links":{"self":[{"href":"https:\/\/www.manologarciaycia.com\/index.php?rest_route=\/wp\/v2\/posts\/1604","targetHints":{"allow":["GET"]}}],"collection":[{"href":"https:\/\/www.manologarciaycia.com\/index.php?rest_route=\/wp\/v2\/posts"}],"about":[{"href":"https:\/\/www.manologarciaycia.com\/index.php?rest_route=\/wp\/v2\/types\/post"}],"author":[{"embeddable":true,"href":"https:\/\/www.manologarciaycia.com\/index.php?rest_route=\/wp\/v2\/users\/2"}],"replies":[{"embeddable":true,"href":"https:\/\/www.manologarciaycia.com\/index.php?rest_route=%2Fwp%2Fv2%2Fcomments&post=1604"}],"version-history":[{"count":2,"href":"https:\/\/www.manologarciaycia.com\/index.php?rest_route=\/wp\/v2\/posts\/1604\/revisions"}],"predecessor-version":[{"id":1606,"href":"https:\/\/www.manologarciaycia.com\/index.php?rest_route=\/wp\/v2\/posts\/1604\/revisions\/1606"}],"wp:attachment":[{"href":"https:\/\/www.manologarciaycia.com\/index.php?rest_route=%2Fwp%2Fv2%2Fmedia&parent=1604"}],"wp:term":[{"taxonomy":"category","embeddable":true,"href":"https:\/\/www.manologarciaycia.com\/index.php?rest_route=%2Fwp%2Fv2%2Fcategories&post=1604"},{"taxonomy":"post_tag","embeddable":true,"href":"https:\/\/www.manologarciaycia.com\/index.php?rest_route=%2Fwp%2Fv2%2Ftags&post=1604"}],"curies":[{"name":"wp","href":"https:\/\/api.w.org\/{rel}","templated":true}]}}