{"id":16036,"date":"2017-01-04T08:32:58","date_gmt":"2017-01-04T07:32:58","guid":{"rendered":"http:\/\/www.manologarciaycia.com\/?p=16036"},"modified":"2017-01-04T08:35:15","modified_gmt":"2017-01-04T07:35:15","slug":"manolo-garcia-llach-y-macaco-en-concierto-por-los-refugiados","status":"publish","type":"post","link":"https:\/\/www.manologarciaycia.com\/?p=16036","title":{"rendered":"Manolo Garc\u00eda, Llach y Macaco, en concierto por los refugiados"},"content":{"rendered":"<p>Casa nostra, casa vostra organiza el evento, que se celebrar\u00e1 en el Palau Sant Jordi de Barcelona el 11 de febrero. En total, m\u00e1s de 50 artistas se subir\u00e1n al escenario en apoyo a la acogida de refugiados. Tambi\u00e9n se ha convocado una manifestaci\u00f3n, que tendr\u00e1 lugar el d\u00eda 18 del mismo mes.<\/p>\n<p>Llu\u00eds Llach junto a S\u00edlvia Bel, Manolo Garc\u00eda, Macaco, S\u00edlvia P\u00e9rez Cruz y La Fura dels Baus son los primeros confirmados del Gran Concierto para las Personas Refugiadas que se celebrar\u00e1 en el Palau Sant Jordi de Barcelona el pr\u00f3ximo d\u00eda 11 de febrero, seg\u00fan ha anunciado Casa nostra, casa vostra. Est\u00e1 previsto que una cincuentena de artistas suban al escenario del Palau Sant Jordi y que todos los beneficios que se obtengan por la venta de entradas se destinen a organizaciones que trabajan en migraci\u00f3n y refugio. La iniciativa, que cuenta con la producci\u00f3n de Primavera Sound y la participaci\u00f3n de Canet Rock y Clippers, forma parte de la campa\u00f1a Catalunya per l&#8217;acollida, que tambi\u00e9n organizar\u00e1 una manifestaci\u00f3n el s\u00e1bado 18 de febrero.<\/p>\n<p>Los organizadores avanzan que Llu\u00eds Llach volver\u00e1 a tocar en directo junto a la actriz S\u00edlvia Bel, mientras que Manolo Garc\u00eda regresar\u00e1 a los escenarios nueve meses despu\u00e9s de haber reunido a 15.000 personas en el parque del F\u00f3rum de Barcelona. Un enorme montaje de La Fura dels Baus ser\u00e1 el hilo conductor del concierto. Las entradas ya se pueden adquirir en la web oficial.<\/p>\n<p>Fuente: 20 Minutos &#8211; <a href=\"http:\/\/www.20minutos.es\/noticia\/2926014\/0\/manolo-garcia-llach-macaco-apoyaran-refugiados-concierto\/#xtor=AD-15&amp;xts=467263\">http:\/\/www.20minutos.es\/noticia\/2926014\/0\/manolo-garcia-llach-macaco-apoyaran-refugiados-concierto\/<\/a><\/p>\n<p>Enlaces a la noticia en otros medios:<\/p>\n<p>El Pais &#8211; <a href=\"http:\/\/cat.elpais.com\/cat\/2017\/01\/03\/actualidad\/1483461970_037491.html\" target=\"_blank\">http:\/\/cat.elpais.com\/cat\/2017\/01\/03\/actualidad\/1483461970_037491.html<\/a><\/p>\n<p>Vilaweb &#8211;\u00a0<a href=\"http:\/\/www.vilaweb.cat\/noticies\/llach-manolo-garcia-macaco-silvia-perez-cruz-i-la-fura-dels-baus-primers-confirmats-del-concert-pels-refugiats\/\" target=\"_blank\">http:\/\/www.vilaweb.cat\/noticies\/llach-manolo-garcia-macaco-silvia-perez-cruz-i-la-fura-dels-baus-primers-confirmats-del-concert-pels-refugiats\/<\/a><\/p>\n<p>El Punt Avui &#8211;\u00a0<a href=\"http:\/\/www.elpuntavui.cat\/societat\/article\/5-societat\/1037418-lluis-llach-manolo-garcia-silvia-perez-cruz-i-macaco-al-concert-pels-refugiats.html\" target=\"_blank\">http:\/\/www.elpuntavui.cat\/societat\/article\/5-societat\/1037418-lluis-llach-manolo-garcia-silvia-perez-cruz-i-macaco-al-concert-pels-refugiats.html<\/a><\/p>\n<p>Ara &#8211;\u00a0<a href=\"http:\/\/www.ara.cat\/cultura\/Lluis-Llach-Silvia-Perez-Manolo-Garcia-concert-solidari-refugiats_0_1717028392.html\" target=\"_blank\">http:\/\/www.ara.cat\/cultura\/Lluis-Llach-Silvia-Perez-Manolo-Garcia-concert-solidari-refugiats_0_1717028392.html<\/a><\/p>\n","protected":false},"excerpt":{"rendered":"<p>Casa nostra, casa vostra organiza el evento, que se celebrar\u00e1 en el Palau Sant Jordi de Barcelona el 11 de febrero. En total, m\u00e1s de 50 artistas se subir\u00e1n al escenario en apoyo a la acogida de refugiados. Tambi\u00e9n se ha convocado una manifestaci\u00f3n, que tendr\u00e1 lugar el d\u00eda 18 del mismo mes. Llu\u00eds Llach<a class=\"moretag\" href=\"https:\/\/www.manologarciaycia.com\/?p=16036\" title=\"Manolo Garc\u00eda, Llach y Macaco, en concierto por los refugiados\" target=\"_self\" rel=\"follow\"> <font face=arial size=2>[Leer m\u00e1s]<\/font> <\/a><\/p>\n","protected":false},"author":2,"featured_media":16037,"comment_status":"closed","ping_status":"closed","sticky":false,"template":"","format":"standard","meta":{"footnotes":""},"categories":[1],"tags":[],"class_list":["post-16036","post","type-post","status-publish","format-standard","has-post-thumbnail","hentry","category-manolo-garcia"],"_links":{"self":[{"href":"https:\/\/www.manologarciaycia.com\/index.php?rest_route=\/wp\/v2\/posts\/16036","targetHints":{"allow":["GET"]}}],"collection":[{"href":"https:\/\/www.manologarciaycia.com\/index.php?rest_route=\/wp\/v2\/posts"}],"about":[{"href":"https:\/\/www.manologarciaycia.com\/index.php?rest_route=\/wp\/v2\/types\/post"}],"author":[{"embeddable":true,"href":"https:\/\/www.manologarciaycia.com\/index.php?rest_route=\/wp\/v2\/users\/2"}],"replies":[{"embeddable":true,"href":"https:\/\/www.manologarciaycia.com\/index.php?rest_route=%2Fwp%2Fv2%2Fcomments&post=16036"}],"version-history":[{"count":3,"href":"https:\/\/www.manologarciaycia.com\/index.php?rest_route=\/wp\/v2\/posts\/16036\/revisions"}],"predecessor-version":[{"id":16040,"href":"https:\/\/www.manologarciaycia.com\/index.php?rest_route=\/wp\/v2\/posts\/16036\/revisions\/16040"}],"wp:featuredmedia":[{"embeddable":true,"href":"https:\/\/www.manologarciaycia.com\/index.php?rest_route=\/wp\/v2\/media\/16037"}],"wp:attachment":[{"href":"https:\/\/www.manologarciaycia.com\/index.php?rest_route=%2Fwp%2Fv2%2Fmedia&parent=16036"}],"wp:term":[{"taxonomy":"category","embeddable":true,"href":"https:\/\/www.manologarciaycia.com\/index.php?rest_route=%2Fwp%2Fv2%2Fcategories&post=16036"},{"taxonomy":"post_tag","embeddable":true,"href":"https:\/\/www.manologarciaycia.com\/index.php?rest_route=%2Fwp%2Fv2%2Ftags&post=16036"}],"curies":[{"name":"wp","href":"https:\/\/api.w.org\/{rel}","templated":true}]}}