{"id":1588,"date":"2011-09-30T06:35:35","date_gmt":"2011-09-30T05:35:35","guid":{"rendered":"http:\/\/petaos.net\/?p=1588"},"modified":"2011-09-30T06:39:51","modified_gmt":"2011-09-30T05:39:51","slug":"mg-entrevista-sabado-1-en-dial-tal-cual","status":"publish","type":"post","link":"https:\/\/www.manologarciaycia.com\/?p=1588","title":{"rendered":"MG: Entrevista s\u00e1bado 1 en Dial Tal Cual"},"content":{"rendered":"<p>Al parecer, este pr\u00f3ximo S\u00e1bado 1 de octubre, de 10:00 a 14:00 h., en el programa \u00abDial Tal Cual\u00bb de Cadena Dial, Rafa Cano entrevistara a Manolo Garc\u00eda.<\/p>\n<p><img loading=\"lazy\" decoding=\"async\" class=\"aligncenter\" src=\"http:\/\/www.cadenadial.com\/images\/1359724_n_vir1.jpg\" alt=\"\" width=\"607\" height=\"180\" \/><\/p>\n<p>Salut!<\/p>\n","protected":false},"excerpt":{"rendered":"<p>Al parecer, este pr\u00f3ximo S\u00e1bado 1 de octubre, de 10:00 a 14:00 h., en el programa \u00abDial Tal Cual\u00bb de Cadena Dial, Rafa Cano entrevistara a Manolo Garc\u00eda. Salut!<a class=\"moretag\" href=\"https:\/\/www.manologarciaycia.com\/?p=1588\" title=\"MG: Entrevista s\u00e1bado 1 en Dial Tal Cual\" target=\"_self\" rel=\"follow\"> <font face=arial size=2>[Leer m\u00e1s]<\/font> <\/a><\/p>\n","protected":false},"author":2,"featured_media":0,"comment_status":"closed","ping_status":"closed","sticky":false,"template":"","format":"standard","meta":{"footnotes":""},"categories":[1],"tags":[],"class_list":["post-1588","post","type-post","status-publish","format-standard","hentry","category-manolo-garcia"],"_links":{"self":[{"href":"https:\/\/www.manologarciaycia.com\/index.php?rest_route=\/wp\/v2\/posts\/1588","targetHints":{"allow":["GET"]}}],"collection":[{"href":"https:\/\/www.manologarciaycia.com\/index.php?rest_route=\/wp\/v2\/posts"}],"about":[{"href":"https:\/\/www.manologarciaycia.com\/index.php?rest_route=\/wp\/v2\/types\/post"}],"author":[{"embeddable":true,"href":"https:\/\/www.manologarciaycia.com\/index.php?rest_route=\/wp\/v2\/users\/2"}],"replies":[{"embeddable":true,"href":"https:\/\/www.manologarciaycia.com\/index.php?rest_route=%2Fwp%2Fv2%2Fcomments&post=1588"}],"version-history":[{"count":2,"href":"https:\/\/www.manologarciaycia.com\/index.php?rest_route=\/wp\/v2\/posts\/1588\/revisions"}],"predecessor-version":[{"id":1592,"href":"https:\/\/www.manologarciaycia.com\/index.php?rest_route=\/wp\/v2\/posts\/1588\/revisions\/1592"}],"wp:attachment":[{"href":"https:\/\/www.manologarciaycia.com\/index.php?rest_route=%2Fwp%2Fv2%2Fmedia&parent=1588"}],"wp:term":[{"taxonomy":"category","embeddable":true,"href":"https:\/\/www.manologarciaycia.com\/index.php?rest_route=%2Fwp%2Fv2%2Fcategories&post=1588"},{"taxonomy":"post_tag","embeddable":true,"href":"https:\/\/www.manologarciaycia.com\/index.php?rest_route=%2Fwp%2Fv2%2Ftags&post=1588"}],"curies":[{"name":"wp","href":"https:\/\/api.w.org\/{rel}","templated":true}]}}