{"id":15805,"date":"2016-09-21T18:03:45","date_gmt":"2016-09-21T16:03:45","guid":{"rendered":"http:\/\/www.manologarciaycia.com\/?p=15805"},"modified":"2016-09-21T18:03:45","modified_gmt":"2016-09-21T16:03:45","slug":"sigue-a-carmen-garcia-en-facebook-y-en-twitter","status":"publish","type":"post","link":"https:\/\/www.manologarciaycia.com\/?p=15805","title":{"rendered":"Sigue a Carmen Garc\u00eda en Facebook y en Twitter!!"},"content":{"rendered":"<p>\u00bfConoces el Facebook oficial de Carmen Garc\u00eda? <a href=\"https:\/\/www.facebook.com\/CarmenGarciaOficial\" target=\"_blank\">https:\/\/www.facebook.com\/CarmenGarciaOficial<\/a><\/p>\n<p>\u00bfY ya la sigues en Twitter? @CarmenGarciaOfc &#8211; <a href=\"https:\/\/twitter.com\/CarmenGarciaOfc\" target=\"_blank\">https:\/\/twitter.com\/CarmenGarciaOfc<\/a><\/p>\n<p>Descubre su nuevo trabajo SID, y prep\u00e1rate para conocer las pr\u00f3ximas fechas de sus conciertos!<\/p>\n<p>Contrataci\u00f3n: Produceme &#8211; <a href=\"http:\/\/www.produce-me.net\/abierta-contratacion-carmen-garcia\/\" target=\"_blank\">http:\/\/www.produce-me.net\/abierta-contratacion-carmen-garcia\/<\/a><\/p>\n<p><center><img loading=\"lazy\" decoding=\"async\" src=\"http:\/\/www.manologarciaycia.com\/wp-content\/uploads\/2016\/08\/carmen_16.03.07_sesio\u0301n-para-disco-1-15.jpeg\" alt=\"carmen_16.03.07_sesio\u0301n para disco-1-15\" width=\"1183\" height=\"784\" class=\"aligncenter size-full wp-image-15730\" srcset=\"https:\/\/www.manologarciaycia.com\/wp-content\/uploads\/2016\/08\/carmen_16.03.07_sesio\u0301n-para-disco-1-15.jpeg 1183w, https:\/\/www.manologarciaycia.com\/wp-content\/uploads\/2016\/08\/carmen_16.03.07_sesio\u0301n-para-disco-1-15-500x331.jpeg 500w, https:\/\/www.manologarciaycia.com\/wp-content\/uploads\/2016\/08\/carmen_16.03.07_sesio\u0301n-para-disco-1-15-768x509.jpeg 768w, https:\/\/www.manologarciaycia.com\/wp-content\/uploads\/2016\/08\/carmen_16.03.07_sesio\u0301n-para-disco-1-15-1024x679.jpeg 1024w, https:\/\/www.manologarciaycia.com\/wp-content\/uploads\/2016\/08\/carmen_16.03.07_sesio\u0301n-para-disco-1-15-695x461.jpeg 695w, https:\/\/www.manologarciaycia.com\/wp-content\/uploads\/2016\/08\/carmen_16.03.07_sesio\u0301n-para-disco-1-15-930x616.jpeg 930w\" sizes=\"auto, (max-width: 1183px) 100vw, 1183px\" \/><\/center><\/p>\n<p>Carmen Garc\u00eda publica su primer disco en solitario que en realidad es el sexto. Hasta ahora hab\u00eda participado en varias experiencias. As\u00ed fue pasando por Carmen Virus (\u2018Esp\u00edritu ansioso\u2019 y \u2018Ll\u00e9vame\u2019), Carmen (\u2018Carmen\u2019 y \u2018Escapas o s\u00f3lo caminas\u2019) y con Maine Coon nos dej\u00f3 \u2018Subiendo a los tejados\u2019. Cinco buenos trabajos que le han servido para consolidar su capacidad como cantante y compositora, por lo que consider\u00f3 que hab\u00eda llegado el momento ideal para caminar sola, naciendo este proyecto personal y distinto que ahora presenta. El resultado de esta experiencia se llama \u2018Sid\u2019. Un t\u00edtulo m\u00e1s que apropiado\u2026<\/p>\n<p>Nueve composiciones propias con una canci\u00f3n (\u2018Habitaci\u00f3n de hotel\u2019) que se incluye en versi\u00f3n el\u00e9ctrica y versi\u00f3n ac\u00fastica, siendo de destacar que en la primera colabora Manolo Garc\u00eda poniendo voces, aunque su participaci\u00f3n no se limita a este tema, sino que tambi\u00e9n toca las guitarras en \u2018Lejos de todo\u2019. Y para completar el trabajo incluye una excelente adaptaci\u00f3n (hecha por ella misma) del tema \u2018Hurt\u2019 de Nine Inch Nails escrito por Trent Reznor.<\/p>\n<p>Carmen camina entre el rock y el pop con alg\u00fan que otro toque folkie e incluso un inquietante paseo por la psicodelia. Bases rotundas que dan a\u00fan m\u00e1s fuerza a unos temas con unas melod\u00edas muy bien definidas, porque en estos tiempos en que mucha gente se centra en la elaboraci\u00f3n de temas machacones que olvidan el aspecto mel\u00f3dico de la canci\u00f3n, ella cuida con esmero la melod\u00eda, aunque tambi\u00e9n utilice las potentes bases r\u00edtmicas de Pepe Bao al bajo y David Bao a la bater\u00eda. El disco se grab\u00f3 en los estudios Music Lan de Avinyonet de Puigvent\u00f2s (Figueres) con producci\u00f3n de Valen Nieto, que tambi\u00e9n se encarga de las guitarras ac\u00fasticas, las percusiones, los sintetizadores y los coros. El grupo de participantes en la grabaci\u00f3n se completa con las guitarras el\u00e9ctricas de V\u00edctor Valiente y Xavi Mur, que interviene en un par de temas.<\/p>\n<p>\u2018Sid\u201d es un disco valiente, en el que Carmen Garc\u00eda muestra su amplio universo musical que recibe variadas influencias bien asimiladas por esta inquieta mujer. Su experiencia de a\u00f1os le ha servido para ir absorbiendo m\u00fasicas y sonidos que ella ha ido pasando por su tamiz personal para crear un estilo propio f\u00e1cilmente identificable. Escribe adem\u00e1s textos muy interesantes en los que pueden aparecer la melancol\u00eda o la esperanza, d\u00e1ndose la circunstancia de que la cotidianidad y la imaginaci\u00f3n se dan la mano y conviven en esas letras cargadas de poes\u00eda.<\/p>\n<p>As\u00ed pues \u2018Sid\u2019 re\u00fane todos los ingredientes indispensables para crear una buena obra musical: canciones con melod\u00edas muy concretas, bases rotundas, arreglos muy apropiados y excelente interpretaci\u00f3n, rematando todo esto con unos textos po\u00e9ticos e inteligentes.<\/p>\n<p>Jos\u00e9 Maria Esteban &#8211; Periodista<\/p>\n","protected":false},"excerpt":{"rendered":"<p>\u00bfConoces el Facebook oficial de Carmen Garc\u00eda? https:\/\/www.facebook.com\/CarmenGarciaOficial \u00bfY ya la sigues en Twitter? @CarmenGarciaOfc &#8211; https:\/\/twitter.com\/CarmenGarciaOfc Descubre su nuevo trabajo SID, y prep\u00e1rate para conocer las pr\u00f3ximas fechas de sus conciertos! Contrataci\u00f3n: Produceme &#8211; http:\/\/www.produce-me.net\/abierta-contratacion-carmen-garcia\/ Carmen Garc\u00eda publica su primer disco en solitario que en realidad es el sexto. Hasta ahora hab\u00eda participado en<a class=\"moretag\" href=\"https:\/\/www.manologarciaycia.com\/?p=15805\" title=\"Sigue a Carmen Garc\u00eda en Facebook y en Twitter!!\" target=\"_self\" rel=\"follow\"> <font face=arial size=2>[Leer m\u00e1s]<\/font> <\/a><\/p>\n","protected":false},"author":2,"featured_media":15729,"comment_status":"closed","ping_status":"closed","sticky":false,"template":"","format":"standard","meta":{"footnotes":""},"categories":[1],"tags":[],"class_list":["post-15805","post","type-post","status-publish","format-standard","has-post-thumbnail","hentry","category-manolo-garcia"],"_links":{"self":[{"href":"https:\/\/www.manologarciaycia.com\/index.php?rest_route=\/wp\/v2\/posts\/15805","targetHints":{"allow":["GET"]}}],"collection":[{"href":"https:\/\/www.manologarciaycia.com\/index.php?rest_route=\/wp\/v2\/posts"}],"about":[{"href":"https:\/\/www.manologarciaycia.com\/index.php?rest_route=\/wp\/v2\/types\/post"}],"author":[{"embeddable":true,"href":"https:\/\/www.manologarciaycia.com\/index.php?rest_route=\/wp\/v2\/users\/2"}],"replies":[{"embeddable":true,"href":"https:\/\/www.manologarciaycia.com\/index.php?rest_route=%2Fwp%2Fv2%2Fcomments&post=15805"}],"version-history":[{"count":1,"href":"https:\/\/www.manologarciaycia.com\/index.php?rest_route=\/wp\/v2\/posts\/15805\/revisions"}],"predecessor-version":[{"id":15806,"href":"https:\/\/www.manologarciaycia.com\/index.php?rest_route=\/wp\/v2\/posts\/15805\/revisions\/15806"}],"wp:featuredmedia":[{"embeddable":true,"href":"https:\/\/www.manologarciaycia.com\/index.php?rest_route=\/wp\/v2\/media\/15729"}],"wp:attachment":[{"href":"https:\/\/www.manologarciaycia.com\/index.php?rest_route=%2Fwp%2Fv2%2Fmedia&parent=15805"}],"wp:term":[{"taxonomy":"category","embeddable":true,"href":"https:\/\/www.manologarciaycia.com\/index.php?rest_route=%2Fwp%2Fv2%2Fcategories&post=15805"},{"taxonomy":"post_tag","embeddable":true,"href":"https:\/\/www.manologarciaycia.com\/index.php?rest_route=%2Fwp%2Fv2%2Ftags&post=15805"}],"curies":[{"name":"wp","href":"https:\/\/api.w.org\/{rel}","templated":true}]}}