{"id":158,"date":"2009-12-02T13:24:19","date_gmt":"2009-12-02T12:24:19","guid":{"rendered":"http:\/\/petaos.net\/?p=158"},"modified":"2009-12-02T13:24:19","modified_gmt":"2009-12-02T12:24:19","slug":"recordando-a-marc-grau","status":"publish","type":"post","link":"https:\/\/www.manologarciaycia.com\/?p=158","title":{"rendered":"Recordando a Marc Grau"},"content":{"rendered":"<p><img loading=\"lazy\" decoding=\"async\" class=\"alignleft\" src=\"http:\/\/recordandoa.marcgrau.net\/wp-content\/uploads\/2009\/11\/MUSC.jpg\" alt=\"\" width=\"252\" height=\"209\" \/>Este a\u00f1o se cumplen 10 de la muerte del m\u00fasico y productor Marc Grau. La rotundidad de la efem\u00e8ride y nuestro sentir nos pedia un homenaje. Es por eso mismo que el pr\u00f3ximo 26 de enero tendr\u00e0 lugar un concierto homenaje para Marc.<\/p>\n<p>Participar\u00e1n algunos de los grupos con los cuales Marc colabor\u00f3 durante su larga carrera, junto con familiares y amigos. Iremos desvelando m\u00e1s detalles en los dias y semanas siguientes.<\/p>\n<p>Fuente: <a href=\"http:\/\/recordandoa.marcgrau.net\/\">http:\/\/recordandoa.marcgrau.net\/<\/a><\/p>\n","protected":false},"excerpt":{"rendered":"<p>Este a\u00f1o se cumplen 10 de la muerte del m\u00fasico y productor Marc Grau. La rotundidad de la efem\u00e8ride y nuestro sentir nos pedia un homenaje. Es por eso mismo que el pr\u00f3ximo 26 de enero tendr\u00e0 lugar un concierto homenaje para Marc. Participar\u00e1n algunos de los grupos con los cuales Marc colabor\u00f3 durante su<a class=\"moretag\" href=\"https:\/\/www.manologarciaycia.com\/?p=158\" title=\"Recordando a Marc Grau\" target=\"_self\" rel=\"follow\"> <font face=arial size=2>[Leer m\u00e1s]<\/font> <\/a><\/p>\n","protected":false},"author":2,"featured_media":0,"comment_status":"closed","ping_status":"open","sticky":false,"template":"","format":"standard","meta":{"footnotes":""},"categories":[3,23],"tags":[40],"class_list":["post-158","post","type-post","status-publish","format-standard","hentry","category-el-ultimo-de-la-fila","category-otros","tag-marc-grau-concierto-homenaje-aniversario-ultimo-fila-quimi-portet-manolo-garcia"],"_links":{"self":[{"href":"https:\/\/www.manologarciaycia.com\/index.php?rest_route=\/wp\/v2\/posts\/158","targetHints":{"allow":["GET"]}}],"collection":[{"href":"https:\/\/www.manologarciaycia.com\/index.php?rest_route=\/wp\/v2\/posts"}],"about":[{"href":"https:\/\/www.manologarciaycia.com\/index.php?rest_route=\/wp\/v2\/types\/post"}],"author":[{"embeddable":true,"href":"https:\/\/www.manologarciaycia.com\/index.php?rest_route=\/wp\/v2\/users\/2"}],"replies":[{"embeddable":true,"href":"https:\/\/www.manologarciaycia.com\/index.php?rest_route=%2Fwp%2Fv2%2Fcomments&post=158"}],"version-history":[{"count":1,"href":"https:\/\/www.manologarciaycia.com\/index.php?rest_route=\/wp\/v2\/posts\/158\/revisions"}],"predecessor-version":[{"id":159,"href":"https:\/\/www.manologarciaycia.com\/index.php?rest_route=\/wp\/v2\/posts\/158\/revisions\/159"}],"wp:attachment":[{"href":"https:\/\/www.manologarciaycia.com\/index.php?rest_route=%2Fwp%2Fv2%2Fmedia&parent=158"}],"wp:term":[{"taxonomy":"category","embeddable":true,"href":"https:\/\/www.manologarciaycia.com\/index.php?rest_route=%2Fwp%2Fv2%2Fcategories&post=158"},{"taxonomy":"post_tag","embeddable":true,"href":"https:\/\/www.manologarciaycia.com\/index.php?rest_route=%2Fwp%2Fv2%2Ftags&post=158"}],"curies":[{"name":"wp","href":"https:\/\/api.w.org\/{rel}","templated":true}]}}